{"id":32748,"date":"2018-11-08T12:48:12","date_gmt":"2018-11-08T14:48:12","guid":{"rendered":"https:\/\/weiku.com.br\/jardin-colgante-tu-rincon-verde-en-pequenos-ambientes\/"},"modified":"2018-11-08T12:48:12","modified_gmt":"2018-11-08T14:48:12","slug":"jardin-colgante-tu-rincon-verde-en-pequenos-ambientes","status":"publish","type":"post","link":"https:\/\/weiku.com.br\/es\/jardin-colgante-tu-rincon-verde-en-pequenos-ambientes\/","title":{"rendered":"Jard\u00edn colgante: tu rinc\u00f3n verde en peque\u00f1os ambientes"},"content":{"rendered":"<p><a href=\"https:\/\/weiku.com.br\/wp-content\/uploads\/2018\/11\/Projeto-de-Marilia-Veiga-1.jpg\"><img loading=\"lazy\" decoding=\"async\" class=\"alignnone size-full wp-image-4113\" src=\"https:\/\/weiku.com.br\/wp-content\/uploads\/2018\/11\/Projeto-de-Marilia-Veiga-1.jpg\" alt=\"Proyecto de Marilia Veiga\" width=\"880\" height=\"600\"><\/a>La creaci\u00f3n de un jard\u00edn colgante puede ser la soluci\u00f3n para quienes desean invertir en la decoraci\u00f3n con plantas. Y, adem\u00e1s, la falta de espacio no es un problema cuando la idea es cultivar lo verde. Para ello, la planificaci\u00f3n y la elecci\u00f3n de las especies son factores importantes que deben ser considerados.  <\/p>\n<p><a href=\"https:\/\/weiku.com.br\/wp-content\/uploads\/2018\/11\/Projeto-por-Marcelo-Rosset-Arquitetura-1.jpg\"><img loading=\"lazy\" decoding=\"async\" class=\"alignnone size-full wp-image-4114\" src=\"https:\/\/weiku.com.br\/wp-content\/uploads\/2018\/11\/Projeto-por-Marcelo-Rosset-Arquitetura-1.jpg\" alt=\"Proyecto de Marcelo Rosset Arquitectura\" width=\"880\" height=\"600\"><\/a><\/p>\n<p>Traer el exterior al interior de la casa hace que el espacio sea m\u00e1s armonioso y equilibrado. Y, adem\u00e1s de mantener la casa m\u00e1s fresca, puede transformar la decoraci\u00f3n de un ambiente. \u00bfHas pensado en incluir un jard\u00edn colgante en la esquina de la sala, cerca de la ventana? \u00bfO, tal vez, utilizar tu balc\u00f3n para crear un ambiente acogedor? La creatividad tambi\u00e9n es una gran aliada a la hora de decorar con plantas.    <\/p>\n<p><a href=\"https:\/\/weiku.com.br\/wp-content\/uploads\/2018\/11\/Projeto-por-Rodrigo-Maia_01-1.jpg\"><img loading=\"lazy\" decoding=\"async\" class=\"alignnone size-full wp-image-4115\" src=\"https:\/\/weiku.com.br\/wp-content\/uploads\/2018\/11\/Projeto-por-Rodrigo-Maia_01-1.jpg\" alt=\"Proyecto de Rodrigo Maia_01\" width=\"880\" height=\"600\" srcset=\"https:\/\/weiku.com.br\/wp-content\/uploads\/2018\/11\/Projeto-por-Rodrigo-Maia_01-1.jpg 880w, https:\/\/weiku.com.br\/wp-content\/uploads\/2018\/11\/Projeto-por-Rodrigo-Maia_01-1-300x205.jpg 300w, https:\/\/weiku.com.br\/wp-content\/uploads\/2018\/11\/Projeto-por-Rodrigo-Maia_01-1-768x524.jpg 768w\" sizes=\"auto, (max-width: 880px) 100vw, 880px\" \/><\/a><\/p>\n<p>Otro factor importante es la cuesti\u00f3n de la sostenibilidad. Adem\u00e1s de decorativo, el jard\u00edn colgante es ecol\u00f3gico. Con \u00e9l, es posible mejorar la purificaci\u00f3n del aire y promover el bienestar. Ya sea en \u00e1reas externas o internas, tambi\u00e9n vale reutilizar materiales y objetos antiguos o apostar por novedades a la hora de crearlo. Un jard\u00edn est\u00e1 compuesto por microorganismos que se desarrollan, por eso, la planificaci\u00f3n es fundamental para garantizar calidad y durabilidad al proyecto.    <\/p>\n","protected":false},"excerpt":{"rendered":"<p>La creaci\u00f3n de un jard\u00edn colgante puede ser la soluci\u00f3n para quienes desean invertir en la decoraci\u00f3n con plantas. Y, adem\u00e1s, la falta de espacio no es un problema cuando la idea es cultivar lo verde. Para ello, la planificaci\u00f3n y la elecci\u00f3n de las especies son factores importantes que deben ser considerados. Traer el [&hellip;]<\/p>\n","protected":false},"author":35,"featured_media":30339,"comment_status":"open","ping_status":"open","sticky":false,"template":"","format":"standard","meta":{"_acf_changed":false,"footnotes":""},"categories":[743],"tags":[],"class_list":["post-32748","post","type-post","status-publish","format-standard","has-post-thumbnail","hentry","category-sin-categoria"],"acf":[],"yoast_head":"<!-- This site is optimized with the Yoast SEO plugin v27.3 - https:\/\/yoast.com\/product\/yoast-seo-wordpress\/ -->\n<title>Jard\u00edn colgante: tu rinc\u00f3n verde en peque\u00f1os ambientes - Weiku<\/title>\n<meta name=\"robots\" content=\"index, follow, max-snippet:-1, max-image-preview:large, max-video-preview:-1\" \/>\n<link rel=\"canonical\" href=\"https:\/\/weiku.com.br\/es\/jardin-colgante-tu-rincon-verde-en-pequenos-ambientes\/\" \/>\n<meta property=\"og:locale\" content=\"es_ES\" \/>\n<meta property=\"og:type\" content=\"article\" \/>\n<meta property=\"og:title\" content=\"Jard\u00edn colgante: tu rinc\u00f3n verde en peque\u00f1os ambientes - Weiku\" \/>\n<meta property=\"og:description\" content=\"La creaci\u00f3n de un jard\u00edn colgante puede ser la soluci\u00f3n para quienes desean invertir en la decoraci\u00f3n con plantas. Y, adem\u00e1s, la falta de espacio no es un problema cuando la idea es cultivar lo verde. Para ello, la planificaci\u00f3n y la elecci\u00f3n de las especies son factores importantes que deben ser considerados. Traer el [&hellip;]\" \/>\n<meta property=\"og:url\" content=\"https:\/\/weiku.com.br\/es\/jardin-colgante-tu-rincon-verde-en-pequenos-ambientes\/\" \/>\n<meta property=\"og:site_name\" content=\"Weiku\" \/>\n<meta property=\"article:published_time\" content=\"2018-11-08T14:48:12+00:00\" \/>\n<meta property=\"og:image\" content=\"https:\/\/weiku.com.br\/wp-content\/uploads\/2018\/11\/Projeto-de-Marilia-Veiga1-2.jpg\" \/>\n\t<meta property=\"og:image:width\" content=\"880\" \/>\n\t<meta property=\"og:image:height\" content=\"420\" \/>\n\t<meta property=\"og:image:type\" content=\"image\/jpeg\" \/>\n<meta name=\"author\" content=\"Mateus Fernandes\" \/>\n<meta name=\"twitter:card\" content=\"summary_large_image\" \/>\n<meta name=\"twitter:label1\" content=\"Escrito por\" \/>\n\t<meta name=\"twitter:data1\" content=\"Mateus Fernandes\" \/>\n\t<meta name=\"twitter:label2\" content=\"Tiempo de lectura\" \/>\n\t<meta name=\"twitter:data2\" content=\"1 minuto\" \/>\n<script type=\"application\/ld+json\" class=\"yoast-schema-graph\">{\"@context\":\"https:\\\/\\\/schema.org\",\"@graph\":[{\"@type\":\"Article\",\"@id\":\"https:\\\/\\\/weiku.com.br\\\/es\\\/jardin-colgante-tu-rincon-verde-en-pequenos-ambientes\\\/#article\",\"isPartOf\":{\"@id\":\"https:\\\/\\\/weiku.com.br\\\/es\\\/jardin-colgante-tu-rincon-verde-en-pequenos-ambientes\\\/\"},\"author\":{\"name\":\"Mateus Fernandes\",\"@id\":\"https:\\\/\\\/weiku.com.br\\\/es\\\/#\\\/schema\\\/person\\\/a15df1b49db4f0c34776a50f6a0ba70d\"},\"headline\":\"Jard\u00edn colgante: tu rinc\u00f3n verde en peque\u00f1os ambientes\",\"datePublished\":\"2018-11-08T14:48:12+00:00\",\"mainEntityOfPage\":{\"@id\":\"https:\\\/\\\/weiku.com.br\\\/es\\\/jardin-colgante-tu-rincon-verde-en-pequenos-ambientes\\\/\"},\"wordCount\":235,\"commentCount\":0,\"image\":{\"@id\":\"https:\\\/\\\/weiku.com.br\\\/es\\\/jardin-colgante-tu-rincon-verde-en-pequenos-ambientes\\\/#primaryimage\"},\"thumbnailUrl\":\"https:\\\/\\\/weiku.com.br\\\/wp-content\\\/uploads\\\/2018\\\/11\\\/Projeto-de-Marilia-Veiga1-2.jpg\",\"inLanguage\":\"es\",\"potentialAction\":[{\"@type\":\"CommentAction\",\"name\":\"Comment\",\"target\":[\"https:\\\/\\\/weiku.com.br\\\/es\\\/jardin-colgante-tu-rincon-verde-en-pequenos-ambientes\\\/#respond\"]}]},{\"@type\":\"WebPage\",\"@id\":\"https:\\\/\\\/weiku.com.br\\\/es\\\/jardin-colgante-tu-rincon-verde-en-pequenos-ambientes\\\/\",\"url\":\"https:\\\/\\\/weiku.com.br\\\/es\\\/jardin-colgante-tu-rincon-verde-en-pequenos-ambientes\\\/\",\"name\":\"Jard\u00edn colgante: tu rinc\u00f3n verde en peque\u00f1os ambientes - Weiku\",\"isPartOf\":{\"@id\":\"https:\\\/\\\/weiku.com.br\\\/es\\\/#website\"},\"primaryImageOfPage\":{\"@id\":\"https:\\\/\\\/weiku.com.br\\\/es\\\/jardin-colgante-tu-rincon-verde-en-pequenos-ambientes\\\/#primaryimage\"},\"image\":{\"@id\":\"https:\\\/\\\/weiku.com.br\\\/es\\\/jardin-colgante-tu-rincon-verde-en-pequenos-ambientes\\\/#primaryimage\"},\"thumbnailUrl\":\"https:\\\/\\\/weiku.com.br\\\/wp-content\\\/uploads\\\/2018\\\/11\\\/Projeto-de-Marilia-Veiga1-2.jpg\",\"datePublished\":\"2018-11-08T14:48:12+00:00\",\"author\":{\"@id\":\"https:\\\/\\\/weiku.com.br\\\/es\\\/#\\\/schema\\\/person\\\/a15df1b49db4f0c34776a50f6a0ba70d\"},\"breadcrumb\":{\"@id\":\"https:\\\/\\\/weiku.com.br\\\/es\\\/jardin-colgante-tu-rincon-verde-en-pequenos-ambientes\\\/#breadcrumb\"},\"inLanguage\":\"es\",\"potentialAction\":[{\"@type\":\"ReadAction\",\"target\":[\"https:\\\/\\\/weiku.com.br\\\/es\\\/jardin-colgante-tu-rincon-verde-en-pequenos-ambientes\\\/\"]}]},{\"@type\":\"ImageObject\",\"inLanguage\":\"es\",\"@id\":\"https:\\\/\\\/weiku.com.br\\\/es\\\/jardin-colgante-tu-rincon-verde-en-pequenos-ambientes\\\/#primaryimage\",\"url\":\"https:\\\/\\\/weiku.com.br\\\/wp-content\\\/uploads\\\/2018\\\/11\\\/Projeto-de-Marilia-Veiga1-2.jpg\",\"contentUrl\":\"https:\\\/\\\/weiku.com.br\\\/wp-content\\\/uploads\\\/2018\\\/11\\\/Projeto-de-Marilia-Veiga1-2.jpg\",\"width\":880,\"height\":420},{\"@type\":\"BreadcrumbList\",\"@id\":\"https:\\\/\\\/weiku.com.br\\\/es\\\/jardin-colgante-tu-rincon-verde-en-pequenos-ambientes\\\/#breadcrumb\",\"itemListElement\":[{\"@type\":\"ListItem\",\"position\":1,\"name\":\"In\u00edcio\",\"item\":\"https:\\\/\\\/weiku.com.br\\\/es\\\/\"},{\"@type\":\"ListItem\",\"position\":2,\"name\":\"Jard\u00edn colgante: tu rinc\u00f3n verde en peque\u00f1os ambientes\"}]},{\"@type\":\"WebSite\",\"@id\":\"https:\\\/\\\/weiku.com.br\\\/es\\\/#website\",\"url\":\"https:\\\/\\\/weiku.com.br\\\/es\\\/\",\"name\":\"Weiku\",\"description\":\"Esquadrias de PVC - Weiku do Brasil\",\"potentialAction\":[{\"@type\":\"SearchAction\",\"target\":{\"@type\":\"EntryPoint\",\"urlTemplate\":\"https:\\\/\\\/weiku.com.br\\\/es\\\/?s={search_term_string}\"},\"query-input\":{\"@type\":\"PropertyValueSpecification\",\"valueRequired\":true,\"valueName\":\"search_term_string\"}}],\"inLanguage\":\"es\"},{\"@type\":\"Person\",\"@id\":\"https:\\\/\\\/weiku.com.br\\\/es\\\/#\\\/schema\\\/person\\\/a15df1b49db4f0c34776a50f6a0ba70d\",\"name\":\"Mateus Fernandes\",\"image\":{\"@type\":\"ImageObject\",\"inLanguage\":\"es\",\"@id\":\"https:\\\/\\\/weiku.com.br\\\/wp-content\\\/litespeed\\\/avatar\\\/900ee9f544fa1ea84bffb5ef4c3394f3.jpg?ver=1777254458\",\"url\":\"https:\\\/\\\/weiku.com.br\\\/wp-content\\\/litespeed\\\/avatar\\\/900ee9f544fa1ea84bffb5ef4c3394f3.jpg?ver=1777254458\",\"contentUrl\":\"https:\\\/\\\/weiku.com.br\\\/wp-content\\\/litespeed\\\/avatar\\\/900ee9f544fa1ea84bffb5ef4c3394f3.jpg?ver=1777254458\",\"caption\":\"Mateus Fernandes\"},\"sameAs\":[\"http:\\\/\\\/www.weiku.com.br\"],\"url\":\"https:\\\/\\\/weiku.com.br\\\/es\\\/author\\\/mateus\\\/\"}]}<\/script>\n<!-- \/ Yoast SEO plugin. -->","yoast_head_json":{"title":"Jard\u00edn colgante: tu rinc\u00f3n verde en peque\u00f1os ambientes - Weiku","robots":{"index":"index","follow":"follow","max-snippet":"max-snippet:-1","max-image-preview":"max-image-preview:large","max-video-preview":"max-video-preview:-1"},"canonical":"https:\/\/weiku.com.br\/es\/jardin-colgante-tu-rincon-verde-en-pequenos-ambientes\/","og_locale":"es_ES","og_type":"article","og_title":"Jard\u00edn colgante: tu rinc\u00f3n verde en peque\u00f1os ambientes - Weiku","og_description":"La creaci\u00f3n de un jard\u00edn colgante puede ser la soluci\u00f3n para quienes desean invertir en la decoraci\u00f3n con plantas. Y, adem\u00e1s, la falta de espacio no es un problema cuando la idea es cultivar lo verde. Para ello, la planificaci\u00f3n y la elecci\u00f3n de las especies son factores importantes que deben ser considerados. Traer el [&hellip;]","og_url":"https:\/\/weiku.com.br\/es\/jardin-colgante-tu-rincon-verde-en-pequenos-ambientes\/","og_site_name":"Weiku","article_published_time":"2018-11-08T14:48:12+00:00","og_image":[{"width":880,"height":420,"url":"https:\/\/weiku.com.br\/wp-content\/uploads\/2018\/11\/Projeto-de-Marilia-Veiga1-2.jpg","type":"image\/jpeg"}],"author":"Mateus Fernandes","twitter_card":"summary_large_image","twitter_misc":{"Escrito por":"Mateus Fernandes","Tiempo de lectura":"1 minuto"},"schema":{"@context":"https:\/\/schema.org","@graph":[{"@type":"Article","@id":"https:\/\/weiku.com.br\/es\/jardin-colgante-tu-rincon-verde-en-pequenos-ambientes\/#article","isPartOf":{"@id":"https:\/\/weiku.com.br\/es\/jardin-colgante-tu-rincon-verde-en-pequenos-ambientes\/"},"author":{"name":"Mateus Fernandes","@id":"https:\/\/weiku.com.br\/es\/#\/schema\/person\/a15df1b49db4f0c34776a50f6a0ba70d"},"headline":"Jard\u00edn colgante: tu rinc\u00f3n verde en peque\u00f1os ambientes","datePublished":"2018-11-08T14:48:12+00:00","mainEntityOfPage":{"@id":"https:\/\/weiku.com.br\/es\/jardin-colgante-tu-rincon-verde-en-pequenos-ambientes\/"},"wordCount":235,"commentCount":0,"image":{"@id":"https:\/\/weiku.com.br\/es\/jardin-colgante-tu-rincon-verde-en-pequenos-ambientes\/#primaryimage"},"thumbnailUrl":"https:\/\/weiku.com.br\/wp-content\/uploads\/2018\/11\/Projeto-de-Marilia-Veiga1-2.jpg","inLanguage":"es","potentialAction":[{"@type":"CommentAction","name":"Comment","target":["https:\/\/weiku.com.br\/es\/jardin-colgante-tu-rincon-verde-en-pequenos-ambientes\/#respond"]}]},{"@type":"WebPage","@id":"https:\/\/weiku.com.br\/es\/jardin-colgante-tu-rincon-verde-en-pequenos-ambientes\/","url":"https:\/\/weiku.com.br\/es\/jardin-colgante-tu-rincon-verde-en-pequenos-ambientes\/","name":"Jard\u00edn colgante: tu rinc\u00f3n verde en peque\u00f1os ambientes - Weiku","isPartOf":{"@id":"https:\/\/weiku.com.br\/es\/#website"},"primaryImageOfPage":{"@id":"https:\/\/weiku.com.br\/es\/jardin-colgante-tu-rincon-verde-en-pequenos-ambientes\/#primaryimage"},"image":{"@id":"https:\/\/weiku.com.br\/es\/jardin-colgante-tu-rincon-verde-en-pequenos-ambientes\/#primaryimage"},"thumbnailUrl":"https:\/\/weiku.com.br\/wp-content\/uploads\/2018\/11\/Projeto-de-Marilia-Veiga1-2.jpg","datePublished":"2018-11-08T14:48:12+00:00","author":{"@id":"https:\/\/weiku.com.br\/es\/#\/schema\/person\/a15df1b49db4f0c34776a50f6a0ba70d"},"breadcrumb":{"@id":"https:\/\/weiku.com.br\/es\/jardin-colgante-tu-rincon-verde-en-pequenos-ambientes\/#breadcrumb"},"inLanguage":"es","potentialAction":[{"@type":"ReadAction","target":["https:\/\/weiku.com.br\/es\/jardin-colgante-tu-rincon-verde-en-pequenos-ambientes\/"]}]},{"@type":"ImageObject","inLanguage":"es","@id":"https:\/\/weiku.com.br\/es\/jardin-colgante-tu-rincon-verde-en-pequenos-ambientes\/#primaryimage","url":"https:\/\/weiku.com.br\/wp-content\/uploads\/2018\/11\/Projeto-de-Marilia-Veiga1-2.jpg","contentUrl":"https:\/\/weiku.com.br\/wp-content\/uploads\/2018\/11\/Projeto-de-Marilia-Veiga1-2.jpg","width":880,"height":420},{"@type":"BreadcrumbList","@id":"https:\/\/weiku.com.br\/es\/jardin-colgante-tu-rincon-verde-en-pequenos-ambientes\/#breadcrumb","itemListElement":[{"@type":"ListItem","position":1,"name":"In\u00edcio","item":"https:\/\/weiku.com.br\/es\/"},{"@type":"ListItem","position":2,"name":"Jard\u00edn colgante: tu rinc\u00f3n verde en peque\u00f1os ambientes"}]},{"@type":"WebSite","@id":"https:\/\/weiku.com.br\/es\/#website","url":"https:\/\/weiku.com.br\/es\/","name":"Weiku","description":"Esquadrias de PVC - Weiku do Brasil","potentialAction":[{"@type":"SearchAction","target":{"@type":"EntryPoint","urlTemplate":"https:\/\/weiku.com.br\/es\/?s={search_term_string}"},"query-input":{"@type":"PropertyValueSpecification","valueRequired":true,"valueName":"search_term_string"}}],"inLanguage":"es"},{"@type":"Person","@id":"https:\/\/weiku.com.br\/es\/#\/schema\/person\/a15df1b49db4f0c34776a50f6a0ba70d","name":"Mateus Fernandes","image":{"@type":"ImageObject","inLanguage":"es","@id":"https:\/\/weiku.com.br\/wp-content\/litespeed\/avatar\/900ee9f544fa1ea84bffb5ef4c3394f3.jpg?ver=1777254458","url":"https:\/\/weiku.com.br\/wp-content\/litespeed\/avatar\/900ee9f544fa1ea84bffb5ef4c3394f3.jpg?ver=1777254458","contentUrl":"https:\/\/weiku.com.br\/wp-content\/litespeed\/avatar\/900ee9f544fa1ea84bffb5ef4c3394f3.jpg?ver=1777254458","caption":"Mateus Fernandes"},"sameAs":["http:\/\/www.weiku.com.br"],"url":"https:\/\/weiku.com.br\/es\/author\/mateus\/"}]}},"_links":{"self":[{"href":"https:\/\/weiku.com.br\/es\/wp-json\/wp\/v2\/posts\/32748","targetHints":{"allow":["GET"]}}],"collection":[{"href":"https:\/\/weiku.com.br\/es\/wp-json\/wp\/v2\/posts"}],"about":[{"href":"https:\/\/weiku.com.br\/es\/wp-json\/wp\/v2\/types\/post"}],"author":[{"embeddable":true,"href":"https:\/\/weiku.com.br\/es\/wp-json\/wp\/v2\/users\/35"}],"replies":[{"embeddable":true,"href":"https:\/\/weiku.com.br\/es\/wp-json\/wp\/v2\/comments?post=32748"}],"version-history":[{"count":0,"href":"https:\/\/weiku.com.br\/es\/wp-json\/wp\/v2\/posts\/32748\/revisions"}],"wp:featuredmedia":[{"embeddable":true,"href":"https:\/\/weiku.com.br\/es\/wp-json\/wp\/v2\/media\/30339"}],"wp:attachment":[{"href":"https:\/\/weiku.com.br\/es\/wp-json\/wp\/v2\/media?parent=32748"}],"wp:term":[{"taxonomy":"category","embeddable":true,"href":"https:\/\/weiku.com.br\/es\/wp-json\/wp\/v2\/categories?post=32748"},{"taxonomy":"post_tag","embeddable":true,"href":"https:\/\/weiku.com.br\/es\/wp-json\/wp\/v2\/tags?post=32748"}],"curies":[{"name":"wp","href":"https:\/\/api.w.org\/{rel}","templated":true}]}}