{"id":32706,"date":"2019-08-21T11:55:52","date_gmt":"2019-08-21T14:55:52","guid":{"rendered":"https:\/\/weiku.com.br\/estilo-industrial-desenfadado-y-autentico\/"},"modified":"2019-08-21T11:55:52","modified_gmt":"2019-08-21T14:55:52","slug":"estilo-industrial-desenfadado-y-autentico","status":"publish","type":"post","link":"https:\/\/weiku.com.br\/es\/estilo-industrial-desenfadado-y-autentico\/","title":{"rendered":"Estilo industrial: desenfadado y aut\u00e9ntico"},"content":{"rendered":"<p class=\"western\" align=\"JUSTIFY\"><a href=\"https:\/\/weiku.com.br\/wp-content\/uploads\/2019\/08\/janelas-portas-pvc-weiku-ambientes-sala-estar-decoracao-industrial-1.jpg\"><img loading=\"lazy\" decoding=\"async\" class=\"alignnone size-full wp-image-4307\" src=\"https:\/\/weiku.com.br\/wp-content\/uploads\/2019\/08\/janelas-portas-pvc-weiku-ambientes-sala-estar-decoracao-industrial-1.jpg\" alt=\"ventanas-puertas-pvc-weiku-ambientes-sala-estar-decoracion-industrial\" width=\"880\" height=\"600\" srcset=\"https:\/\/weiku.com.br\/wp-content\/uploads\/2019\/08\/janelas-portas-pvc-weiku-ambientes-sala-estar-decoracao-industrial-1.jpg 880w, https:\/\/weiku.com.br\/wp-content\/uploads\/2019\/08\/janelas-portas-pvc-weiku-ambientes-sala-estar-decoracao-industrial-1-300x205.jpg 300w, https:\/\/weiku.com.br\/wp-content\/uploads\/2019\/08\/janelas-portas-pvc-weiku-ambientes-sala-estar-decoracao-industrial-1-768x524.jpg 768w\" sizes=\"auto, (max-width: 880px) 100vw, 880px\" \/><\/a><\/p>\n<p class=\"western\" align=\"JUSTIFY\"><span style=\"color: #000000;\"><span style=\"font-family: 'Times New Roman', serif;\"><span style=\"font-size: medium;\">M\u00e1s vigente que nunca, el estilo industrial en decoraci\u00f3n se ha mantenido como una fuerte tendencia en los \u00faltimos a\u00f1os. Sencillo pero lleno de personalidad, sus puntos fuertes est\u00e1n en la integraci\u00f3n de los ambientes, paredes de ladrillo, concreto sin acabados y tambi\u00e9n en el uso de materiales industriales a la vista.  <\/span><\/span><span style=\"font-family: 'Times New Roman', serif;\"><span style=\"font-size: medium;\">Metales como el cobre y el hierro destacan en esta est\u00e9tica, al igual que los cables, tuber\u00edas y vigas expuestas, junto con mobiliario vintage, reciclado y met\u00e1lico.<\/span><\/span><\/span><\/p>\n<p class=\"western\" align=\"JUSTIFY\"><a href=\"https:\/\/weiku.com.br\/wp-content\/uploads\/2019\/08\/janelas-portas-pvc-weiku-ambientes-cozinha-decoracao-industrial-1-1.jpg\"><img loading=\"lazy\" decoding=\"async\" class=\"alignnone size-full wp-image-4308\" src=\"https:\/\/weiku.com.br\/wp-content\/uploads\/2019\/08\/janelas-portas-pvc-weiku-ambientes-cozinha-decoracao-industrial-1-1.jpg\" alt=\"ventanas-puertas-pvc-weiku-ambientes-cocina-decoracion-industrial\" width=\"880\" height=\"600\" srcset=\"https:\/\/weiku.com.br\/wp-content\/uploads\/2019\/08\/janelas-portas-pvc-weiku-ambientes-cozinha-decoracao-industrial-1-1.jpg 880w, https:\/\/weiku.com.br\/wp-content\/uploads\/2019\/08\/janelas-portas-pvc-weiku-ambientes-cozinha-decoracao-industrial-1-1-300x205.jpg 300w, https:\/\/weiku.com.br\/wp-content\/uploads\/2019\/08\/janelas-portas-pvc-weiku-ambientes-cozinha-decoracao-industrial-1-1-768x524.jpg 768w\" sizes=\"auto, (max-width: 880px) 100vw, 880px\" \/><\/a><\/p>\n<p class=\"western\" align=\"JUSTIFY\">\n<p class=\"western\" align=\"JUSTIFY\"><span style=\"font-family: 'Times New Roman', serif; color: #000000;\"><span style=\"font-size: medium;\">Puertas y ventanas amplias son elementos que tambi\u00e9n aparecen con frecuencia en residencias con estilo industrial. Esto se debe a que la versatilidad de las puertas corredizas encaja perfectamente en este tipo de decoraci\u00f3n. Adem\u00e1s, las grandes ventanas de vidrio permiten abundante luz natural durante el d\u00eda y, para la noche, invertir en iluminaci\u00f3n indirecta y hacer el espacio m\u00e1s acogedor es sin\u00f3nimo de confort.  <\/span><\/span><\/p>\n<p class=\"western\" align=\"JUSTIFY\"><a href=\"https:\/\/weiku.com.br\/wp-content\/uploads\/2019\/08\/janelas-portas-pvc-weiku-ambientes-sala-decoracao-industrial-1-1.jpg\"><img loading=\"lazy\" decoding=\"async\" class=\"alignnone size-full wp-image-4310\" src=\"https:\/\/weiku.com.br\/wp-content\/uploads\/2019\/08\/janelas-portas-pvc-weiku-ambientes-sala-decoracao-industrial-1-1.jpg\" alt=\"ventanas-puertas-pvc-weiku-ambientes-sala-decoracion-industrial\" width=\"880\" height=\"600\" srcset=\"https:\/\/weiku.com.br\/wp-content\/uploads\/2019\/08\/janelas-portas-pvc-weiku-ambientes-sala-decoracao-industrial-1-1.jpg 880w, https:\/\/weiku.com.br\/wp-content\/uploads\/2019\/08\/janelas-portas-pvc-weiku-ambientes-sala-decoracao-industrial-1-1-300x205.jpg 300w, https:\/\/weiku.com.br\/wp-content\/uploads\/2019\/08\/janelas-portas-pvc-weiku-ambientes-sala-decoracao-industrial-1-1-768x524.jpg 768w\" sizes=\"auto, (max-width: 880px) 100vw, 880px\" \/><\/a><\/p>\n<p class=\"western\" align=\"JUSTIFY\">\n<p class=\"western\" align=\"JUSTIFY\"><span style=\"font-family: 'Times New Roman', serif; color: #000000;\"><span style=\"font-size: medium;\">El estilo industrial valoriza las caracter\u00edsticas primarias de las construcciones, dejando algunos elementos expuestos y sin acabados, casi en bruto. Y para contrarrestar lo r\u00fastico, los muebles y objetos aportan suavidad al ambiente, haciendo de este uno de los estilos con mayor personalidad y crecimiento en la actualidad. <\/span><\/span><\/p>\n","protected":false},"excerpt":{"rendered":"<p>M\u00e1s vigente que nunca, el estilo industrial en decoraci\u00f3n se ha mantenido como una fuerte tendencia en los \u00faltimos a\u00f1os. Sencillo pero lleno de personalidad, sus puntos fuertes est\u00e1n en la integraci\u00f3n de los ambientes, paredes de ladrillo, concreto sin acabados y tambi\u00e9n en el uso de materiales industriales a la vista. Metales como el [&hellip;]<\/p>\n","protected":false},"author":35,"featured_media":28965,"comment_status":"open","ping_status":"open","sticky":false,"template":"","format":"standard","meta":{"_acf_changed":false,"footnotes":""},"categories":[743],"tags":[],"class_list":["post-32706","post","type-post","status-publish","format-standard","has-post-thumbnail","hentry","category-sin-categoria"],"acf":[],"yoast_head":"<!-- This site is optimized with the Yoast SEO plugin v27.3 - https:\/\/yoast.com\/product\/yoast-seo-wordpress\/ -->\n<title>Estilo industrial: desenfadado y aut\u00e9ntico - Weiku<\/title>\n<meta name=\"robots\" content=\"index, follow, max-snippet:-1, max-image-preview:large, max-video-preview:-1\" \/>\n<link rel=\"canonical\" href=\"https:\/\/weiku.com.br\/es\/estilo-industrial-desenfadado-y-autentico\/\" \/>\n<meta property=\"og:locale\" content=\"es_ES\" \/>\n<meta property=\"og:type\" content=\"article\" \/>\n<meta property=\"og:title\" content=\"Estilo industrial: desenfadado y aut\u00e9ntico - Weiku\" \/>\n<meta property=\"og:description\" content=\"M\u00e1s vigente que nunca, el estilo industrial en decoraci\u00f3n se ha mantenido como una fuerte tendencia en los \u00faltimos a\u00f1os. Sencillo pero lleno de personalidad, sus puntos fuertes est\u00e1n en la integraci\u00f3n de los ambientes, paredes de ladrillo, concreto sin acabados y tambi\u00e9n en el uso de materiales industriales a la vista. Metales como el [&hellip;]\" \/>\n<meta property=\"og:url\" content=\"https:\/\/weiku.com.br\/es\/estilo-industrial-desenfadado-y-autentico\/\" \/>\n<meta property=\"og:site_name\" content=\"Weiku\" \/>\n<meta property=\"article:published_time\" content=\"2019-08-21T14:55:52+00:00\" \/>\n<meta property=\"og:image\" content=\"https:\/\/weiku.com.br\/wp-content\/uploads\/2019\/08\/capa-weiku-quarto-weiku-janelas-portas-pvc-2.jpg\" \/>\n\t<meta property=\"og:image:width\" content=\"880\" \/>\n\t<meta property=\"og:image:height\" content=\"420\" \/>\n\t<meta property=\"og:image:type\" content=\"image\/jpeg\" \/>\n<meta name=\"author\" content=\"Mateus Fernandes\" \/>\n<meta name=\"twitter:card\" content=\"summary_large_image\" \/>\n<meta name=\"twitter:label1\" content=\"Escrito por\" \/>\n\t<meta name=\"twitter:data1\" content=\"Mateus Fernandes\" \/>\n\t<meta name=\"twitter:label2\" content=\"Tiempo de lectura\" \/>\n\t<meta name=\"twitter:data2\" content=\"1 minuto\" \/>\n<script type=\"application\/ld+json\" class=\"yoast-schema-graph\">{\"@context\":\"https:\\\/\\\/schema.org\",\"@graph\":[{\"@type\":\"Article\",\"@id\":\"https:\\\/\\\/weiku.com.br\\\/es\\\/estilo-industrial-desenfadado-y-autentico\\\/#article\",\"isPartOf\":{\"@id\":\"https:\\\/\\\/weiku.com.br\\\/es\\\/estilo-industrial-desenfadado-y-autentico\\\/\"},\"author\":{\"name\":\"Mateus Fernandes\",\"@id\":\"https:\\\/\\\/weiku.com.br\\\/es\\\/#\\\/schema\\\/person\\\/a15df1b49db4f0c34776a50f6a0ba70d\"},\"headline\":\"Estilo industrial: desenfadado y aut\u00e9ntico\",\"datePublished\":\"2019-08-21T14:55:52+00:00\",\"mainEntityOfPage\":{\"@id\":\"https:\\\/\\\/weiku.com.br\\\/es\\\/estilo-industrial-desenfadado-y-autentico\\\/\"},\"wordCount\":216,\"commentCount\":0,\"image\":{\"@id\":\"https:\\\/\\\/weiku.com.br\\\/es\\\/estilo-industrial-desenfadado-y-autentico\\\/#primaryimage\"},\"thumbnailUrl\":\"https:\\\/\\\/weiku.com.br\\\/wp-content\\\/uploads\\\/2019\\\/08\\\/capa-weiku-quarto-weiku-janelas-portas-pvc-2.jpg\",\"inLanguage\":\"es\",\"potentialAction\":[{\"@type\":\"CommentAction\",\"name\":\"Comment\",\"target\":[\"https:\\\/\\\/weiku.com.br\\\/es\\\/estilo-industrial-desenfadado-y-autentico\\\/#respond\"]}]},{\"@type\":\"WebPage\",\"@id\":\"https:\\\/\\\/weiku.com.br\\\/es\\\/estilo-industrial-desenfadado-y-autentico\\\/\",\"url\":\"https:\\\/\\\/weiku.com.br\\\/es\\\/estilo-industrial-desenfadado-y-autentico\\\/\",\"name\":\"Estilo industrial: desenfadado y aut\u00e9ntico - Weiku\",\"isPartOf\":{\"@id\":\"https:\\\/\\\/weiku.com.br\\\/es\\\/#website\"},\"primaryImageOfPage\":{\"@id\":\"https:\\\/\\\/weiku.com.br\\\/es\\\/estilo-industrial-desenfadado-y-autentico\\\/#primaryimage\"},\"image\":{\"@id\":\"https:\\\/\\\/weiku.com.br\\\/es\\\/estilo-industrial-desenfadado-y-autentico\\\/#primaryimage\"},\"thumbnailUrl\":\"https:\\\/\\\/weiku.com.br\\\/wp-content\\\/uploads\\\/2019\\\/08\\\/capa-weiku-quarto-weiku-janelas-portas-pvc-2.jpg\",\"datePublished\":\"2019-08-21T14:55:52+00:00\",\"author\":{\"@id\":\"https:\\\/\\\/weiku.com.br\\\/es\\\/#\\\/schema\\\/person\\\/a15df1b49db4f0c34776a50f6a0ba70d\"},\"breadcrumb\":{\"@id\":\"https:\\\/\\\/weiku.com.br\\\/es\\\/estilo-industrial-desenfadado-y-autentico\\\/#breadcrumb\"},\"inLanguage\":\"es\",\"potentialAction\":[{\"@type\":\"ReadAction\",\"target\":[\"https:\\\/\\\/weiku.com.br\\\/es\\\/estilo-industrial-desenfadado-y-autentico\\\/\"]}]},{\"@type\":\"ImageObject\",\"inLanguage\":\"es\",\"@id\":\"https:\\\/\\\/weiku.com.br\\\/es\\\/estilo-industrial-desenfadado-y-autentico\\\/#primaryimage\",\"url\":\"https:\\\/\\\/weiku.com.br\\\/wp-content\\\/uploads\\\/2019\\\/08\\\/capa-weiku-quarto-weiku-janelas-portas-pvc-2.jpg\",\"contentUrl\":\"https:\\\/\\\/weiku.com.br\\\/wp-content\\\/uploads\\\/2019\\\/08\\\/capa-weiku-quarto-weiku-janelas-portas-pvc-2.jpg\",\"width\":880,\"height\":420},{\"@type\":\"BreadcrumbList\",\"@id\":\"https:\\\/\\\/weiku.com.br\\\/es\\\/estilo-industrial-desenfadado-y-autentico\\\/#breadcrumb\",\"itemListElement\":[{\"@type\":\"ListItem\",\"position\":1,\"name\":\"In\u00edcio\",\"item\":\"https:\\\/\\\/weiku.com.br\\\/es\\\/\"},{\"@type\":\"ListItem\",\"position\":2,\"name\":\"Estilo industrial: desenfadado y aut\u00e9ntico\"}]},{\"@type\":\"WebSite\",\"@id\":\"https:\\\/\\\/weiku.com.br\\\/es\\\/#website\",\"url\":\"https:\\\/\\\/weiku.com.br\\\/es\\\/\",\"name\":\"Weiku\",\"description\":\"Esquadrias de PVC - Weiku do Brasil\",\"potentialAction\":[{\"@type\":\"SearchAction\",\"target\":{\"@type\":\"EntryPoint\",\"urlTemplate\":\"https:\\\/\\\/weiku.com.br\\\/es\\\/?s={search_term_string}\"},\"query-input\":{\"@type\":\"PropertyValueSpecification\",\"valueRequired\":true,\"valueName\":\"search_term_string\"}}],\"inLanguage\":\"es\"},{\"@type\":\"Person\",\"@id\":\"https:\\\/\\\/weiku.com.br\\\/es\\\/#\\\/schema\\\/person\\\/a15df1b49db4f0c34776a50f6a0ba70d\",\"name\":\"Mateus Fernandes\",\"image\":{\"@type\":\"ImageObject\",\"inLanguage\":\"es\",\"@id\":\"https:\\\/\\\/weiku.com.br\\\/wp-content\\\/litespeed\\\/avatar\\\/900ee9f544fa1ea84bffb5ef4c3394f3.jpg?ver=1777254458\",\"url\":\"https:\\\/\\\/weiku.com.br\\\/wp-content\\\/litespeed\\\/avatar\\\/900ee9f544fa1ea84bffb5ef4c3394f3.jpg?ver=1777254458\",\"contentUrl\":\"https:\\\/\\\/weiku.com.br\\\/wp-content\\\/litespeed\\\/avatar\\\/900ee9f544fa1ea84bffb5ef4c3394f3.jpg?ver=1777254458\",\"caption\":\"Mateus Fernandes\"},\"sameAs\":[\"http:\\\/\\\/www.weiku.com.br\"],\"url\":\"https:\\\/\\\/weiku.com.br\\\/es\\\/author\\\/mateus\\\/\"}]}<\/script>\n<!-- \/ Yoast SEO plugin. -->","yoast_head_json":{"title":"Estilo industrial: desenfadado y aut\u00e9ntico - Weiku","robots":{"index":"index","follow":"follow","max-snippet":"max-snippet:-1","max-image-preview":"max-image-preview:large","max-video-preview":"max-video-preview:-1"},"canonical":"https:\/\/weiku.com.br\/es\/estilo-industrial-desenfadado-y-autentico\/","og_locale":"es_ES","og_type":"article","og_title":"Estilo industrial: desenfadado y aut\u00e9ntico - Weiku","og_description":"M\u00e1s vigente que nunca, el estilo industrial en decoraci\u00f3n se ha mantenido como una fuerte tendencia en los \u00faltimos a\u00f1os. Sencillo pero lleno de personalidad, sus puntos fuertes est\u00e1n en la integraci\u00f3n de los ambientes, paredes de ladrillo, concreto sin acabados y tambi\u00e9n en el uso de materiales industriales a la vista. Metales como el [&hellip;]","og_url":"https:\/\/weiku.com.br\/es\/estilo-industrial-desenfadado-y-autentico\/","og_site_name":"Weiku","article_published_time":"2019-08-21T14:55:52+00:00","og_image":[{"width":880,"height":420,"url":"https:\/\/weiku.com.br\/wp-content\/uploads\/2019\/08\/capa-weiku-quarto-weiku-janelas-portas-pvc-2.jpg","type":"image\/jpeg"}],"author":"Mateus Fernandes","twitter_card":"summary_large_image","twitter_misc":{"Escrito por":"Mateus Fernandes","Tiempo de lectura":"1 minuto"},"schema":{"@context":"https:\/\/schema.org","@graph":[{"@type":"Article","@id":"https:\/\/weiku.com.br\/es\/estilo-industrial-desenfadado-y-autentico\/#article","isPartOf":{"@id":"https:\/\/weiku.com.br\/es\/estilo-industrial-desenfadado-y-autentico\/"},"author":{"name":"Mateus Fernandes","@id":"https:\/\/weiku.com.br\/es\/#\/schema\/person\/a15df1b49db4f0c34776a50f6a0ba70d"},"headline":"Estilo industrial: desenfadado y aut\u00e9ntico","datePublished":"2019-08-21T14:55:52+00:00","mainEntityOfPage":{"@id":"https:\/\/weiku.com.br\/es\/estilo-industrial-desenfadado-y-autentico\/"},"wordCount":216,"commentCount":0,"image":{"@id":"https:\/\/weiku.com.br\/es\/estilo-industrial-desenfadado-y-autentico\/#primaryimage"},"thumbnailUrl":"https:\/\/weiku.com.br\/wp-content\/uploads\/2019\/08\/capa-weiku-quarto-weiku-janelas-portas-pvc-2.jpg","inLanguage":"es","potentialAction":[{"@type":"CommentAction","name":"Comment","target":["https:\/\/weiku.com.br\/es\/estilo-industrial-desenfadado-y-autentico\/#respond"]}]},{"@type":"WebPage","@id":"https:\/\/weiku.com.br\/es\/estilo-industrial-desenfadado-y-autentico\/","url":"https:\/\/weiku.com.br\/es\/estilo-industrial-desenfadado-y-autentico\/","name":"Estilo industrial: desenfadado y aut\u00e9ntico - Weiku","isPartOf":{"@id":"https:\/\/weiku.com.br\/es\/#website"},"primaryImageOfPage":{"@id":"https:\/\/weiku.com.br\/es\/estilo-industrial-desenfadado-y-autentico\/#primaryimage"},"image":{"@id":"https:\/\/weiku.com.br\/es\/estilo-industrial-desenfadado-y-autentico\/#primaryimage"},"thumbnailUrl":"https:\/\/weiku.com.br\/wp-content\/uploads\/2019\/08\/capa-weiku-quarto-weiku-janelas-portas-pvc-2.jpg","datePublished":"2019-08-21T14:55:52+00:00","author":{"@id":"https:\/\/weiku.com.br\/es\/#\/schema\/person\/a15df1b49db4f0c34776a50f6a0ba70d"},"breadcrumb":{"@id":"https:\/\/weiku.com.br\/es\/estilo-industrial-desenfadado-y-autentico\/#breadcrumb"},"inLanguage":"es","potentialAction":[{"@type":"ReadAction","target":["https:\/\/weiku.com.br\/es\/estilo-industrial-desenfadado-y-autentico\/"]}]},{"@type":"ImageObject","inLanguage":"es","@id":"https:\/\/weiku.com.br\/es\/estilo-industrial-desenfadado-y-autentico\/#primaryimage","url":"https:\/\/weiku.com.br\/wp-content\/uploads\/2019\/08\/capa-weiku-quarto-weiku-janelas-portas-pvc-2.jpg","contentUrl":"https:\/\/weiku.com.br\/wp-content\/uploads\/2019\/08\/capa-weiku-quarto-weiku-janelas-portas-pvc-2.jpg","width":880,"height":420},{"@type":"BreadcrumbList","@id":"https:\/\/weiku.com.br\/es\/estilo-industrial-desenfadado-y-autentico\/#breadcrumb","itemListElement":[{"@type":"ListItem","position":1,"name":"In\u00edcio","item":"https:\/\/weiku.com.br\/es\/"},{"@type":"ListItem","position":2,"name":"Estilo industrial: desenfadado y aut\u00e9ntico"}]},{"@type":"WebSite","@id":"https:\/\/weiku.com.br\/es\/#website","url":"https:\/\/weiku.com.br\/es\/","name":"Weiku","description":"Esquadrias de PVC - Weiku do Brasil","potentialAction":[{"@type":"SearchAction","target":{"@type":"EntryPoint","urlTemplate":"https:\/\/weiku.com.br\/es\/?s={search_term_string}"},"query-input":{"@type":"PropertyValueSpecification","valueRequired":true,"valueName":"search_term_string"}}],"inLanguage":"es"},{"@type":"Person","@id":"https:\/\/weiku.com.br\/es\/#\/schema\/person\/a15df1b49db4f0c34776a50f6a0ba70d","name":"Mateus Fernandes","image":{"@type":"ImageObject","inLanguage":"es","@id":"https:\/\/weiku.com.br\/wp-content\/litespeed\/avatar\/900ee9f544fa1ea84bffb5ef4c3394f3.jpg?ver=1777254458","url":"https:\/\/weiku.com.br\/wp-content\/litespeed\/avatar\/900ee9f544fa1ea84bffb5ef4c3394f3.jpg?ver=1777254458","contentUrl":"https:\/\/weiku.com.br\/wp-content\/litespeed\/avatar\/900ee9f544fa1ea84bffb5ef4c3394f3.jpg?ver=1777254458","caption":"Mateus Fernandes"},"sameAs":["http:\/\/www.weiku.com.br"],"url":"https:\/\/weiku.com.br\/es\/author\/mateus\/"}]}},"_links":{"self":[{"href":"https:\/\/weiku.com.br\/es\/wp-json\/wp\/v2\/posts\/32706","targetHints":{"allow":["GET"]}}],"collection":[{"href":"https:\/\/weiku.com.br\/es\/wp-json\/wp\/v2\/posts"}],"about":[{"href":"https:\/\/weiku.com.br\/es\/wp-json\/wp\/v2\/types\/post"}],"author":[{"embeddable":true,"href":"https:\/\/weiku.com.br\/es\/wp-json\/wp\/v2\/users\/35"}],"replies":[{"embeddable":true,"href":"https:\/\/weiku.com.br\/es\/wp-json\/wp\/v2\/comments?post=32706"}],"version-history":[{"count":0,"href":"https:\/\/weiku.com.br\/es\/wp-json\/wp\/v2\/posts\/32706\/revisions"}],"wp:featuredmedia":[{"embeddable":true,"href":"https:\/\/weiku.com.br\/es\/wp-json\/wp\/v2\/media\/28965"}],"wp:attachment":[{"href":"https:\/\/weiku.com.br\/es\/wp-json\/wp\/v2\/media?parent=32706"}],"wp:term":[{"taxonomy":"category","embeddable":true,"href":"https:\/\/weiku.com.br\/es\/wp-json\/wp\/v2\/categories?post=32706"},{"taxonomy":"post_tag","embeddable":true,"href":"https:\/\/weiku.com.br\/es\/wp-json\/wp\/v2\/tags?post=32706"}],"curies":[{"name":"wp","href":"https:\/\/api.w.org\/{rel}","templated":true}]}}