{"id":32609,"date":"2020-05-05T11:40:04","date_gmt":"2020-05-05T14:40:04","guid":{"rendered":"https:\/\/weiku.com.br\/un-paseo-entre-pasado-y-presente\/"},"modified":"2020-05-05T11:40:04","modified_gmt":"2020-05-05T14:40:04","slug":"un-paseo-entre-pasado-y-presente","status":"publish","type":"post","link":"https:\/\/weiku.com.br\/es\/un-paseo-entre-pasado-y-presente\/","title":{"rendered":"Un paseo entre pasado y presente"},"content":{"rendered":"<p><a href=\"https:\/\/weiku.com.br\/wp-content\/uploads\/2020\/05\/weiku-janelas-portas-pvc-titantec-passeio-interna-1-1.jpg\"><img loading=\"lazy\" decoding=\"async\" class=\"alignnone size-full wp-image-4425\" src=\"https:\/\/weiku.com.br\/wp-content\/uploads\/2020\/05\/weiku-janelas-portas-pvc-titantec-passeio-interna-1-1.jpg\" alt=\"weiku-ventanas-puertas-pvc-titantec-paseo-interna-1\" width=\"880\" height=\"600\" srcset=\"https:\/\/weiku.com.br\/wp-content\/uploads\/2020\/05\/weiku-janelas-portas-pvc-titantec-passeio-interna-1-1.jpg 880w, https:\/\/weiku.com.br\/wp-content\/uploads\/2020\/05\/weiku-janelas-portas-pvc-titantec-passeio-interna-1-1-300x205.jpg 300w, https:\/\/weiku.com.br\/wp-content\/uploads\/2020\/05\/weiku-janelas-portas-pvc-titantec-passeio-interna-1-1-768x524.jpg 768w\" sizes=\"auto, (max-width: 880px) 100vw, 880px\" \/><\/a><\/p>\n<p class=\"western\" align=\"JUSTIFY\">Nuestra querida Pomerode, ciudad donde se encuentra la sede de nuestra empresa, es reconocida por su cultura, tradici\u00f3n, grandes eventos y, por supuesto, las hermosas casas de entramado, que representan el mayor conjunto de construcciones de este tipo fuera de Alemania. Inspirado en ellas, surgi\u00f3 el Paseo Pomerano, un proyecto que vino a sumar a\u00fan m\u00e1s belleza en una zona de inter\u00e9s hist\u00f3rico-cultural de la ciudad de Pomerode, en Santa Catarina. \u00bfEl toque especial del proyecto? Por supuesto, las carpinter\u00edas Titantec Weiku do Brasil.   <\/p>\n<p class=\"western\" align=\"JUSTIFY\"><a href=\"https:\/\/weiku.com.br\/wp-content\/uploads\/2020\/05\/weiku-janelas-portas-pvc-titantec-passeio-interna-2-1.jpg\"><img loading=\"lazy\" decoding=\"async\" class=\"alignnone size-full wp-image-4426\" src=\"https:\/\/weiku.com.br\/wp-content\/uploads\/2020\/05\/weiku-janelas-portas-pvc-titantec-passeio-interna-2-1.jpg\" alt=\"weiku-ventanas-puertas-pvc-titantec-paseo-interna-2\" width=\"880\" height=\"600\" srcset=\"https:\/\/weiku.com.br\/wp-content\/uploads\/2020\/05\/weiku-janelas-portas-pvc-titantec-passeio-interna-2-1.jpg 880w, https:\/\/weiku.com.br\/wp-content\/uploads\/2020\/05\/weiku-janelas-portas-pvc-titantec-passeio-interna-2-1-300x205.jpg 300w, https:\/\/weiku.com.br\/wp-content\/uploads\/2020\/05\/weiku-janelas-portas-pvc-titantec-passeio-interna-2-1-768x524.jpg 768w\" sizes=\"auto, (max-width: 880px) 100vw, 880px\" \/><\/a><\/p>\n<p class=\"western\" align=\"JUSTIFY\">El lugar, ya compuesto por las edificaciones del centro cultural, la antigua caldera (bar de la cervecer\u00eda Schornstein), la antigua administraci\u00f3n y mercado anexo, y el molino de entramado, tuvo como desaf\u00edo la incorporaci\u00f3n de este nuevo centro comercial de 2.700 m<sup>\u00b2<\/sup>. El proyecto fue desarrollado por Adobe Arquitetura, en colaboraci\u00f3n con Selke Arquitetura e Engenharia, ambos estudios de Pomerode. Con el estilo de un centro comercial al aire libre, el Paseo Pomerano se inspir\u00f3 en el propio complejo hist\u00f3rico donde se ubica, remitiendo a la volumetr\u00eda y la inclinaci\u00f3n de sus techos.  <\/p>\n<p class=\"western\" align=\"JUSTIFY\"><a href=\"https:\/\/weiku.com.br\/wp-content\/uploads\/2020\/05\/weiku-janelas-portas-pvc-titantec-passeio-interna-3-1.jpg\"><img loading=\"lazy\" decoding=\"async\" class=\"alignnone size-full wp-image-4427\" src=\"https:\/\/weiku.com.br\/wp-content\/uploads\/2020\/05\/weiku-janelas-portas-pvc-titantec-passeio-interna-3-1.jpg\" alt=\"weiku-ventanas-puertas-pvc-titantec-paseo-interna-3\" width=\"880\" height=\"600\" srcset=\"https:\/\/weiku.com.br\/wp-content\/uploads\/2020\/05\/weiku-janelas-portas-pvc-titantec-passeio-interna-3-1.jpg 880w, https:\/\/weiku.com.br\/wp-content\/uploads\/2020\/05\/weiku-janelas-portas-pvc-titantec-passeio-interna-3-1-300x205.jpg 300w, https:\/\/weiku.com.br\/wp-content\/uploads\/2020\/05\/weiku-janelas-portas-pvc-titantec-passeio-interna-3-1-768x524.jpg 768w\" sizes=\"auto, (max-width: 880px) 100vw, 880px\" \/><\/a><\/p>\n<p class=\"western\" align=\"JUSTIFY\">Entre sus numerosos atractivos destacan los ladrillos de revestimiento, creados especialmente para este proyecto en una alfarer\u00eda de la regi\u00f3n, as\u00ed como las p\u00e9rgolas de madera y metal que abrazan los espacios abiertos con jardines y \u00e1reas de convivencia. Seg\u00fan la arquitecta Roseana Struck Lunghard, de Adobe Arquitetura, \u201cel factor determinante para la elecci\u00f3n de las carpinter\u00edas de PVC de Weiku es la minimizaci\u00f3n de los efectos del calor, junto con la facilidad de mantenimiento. Adem\u00e1s, por supuesto, del hecho de que Weiku ya est\u00e1 bien posicionada en el sector y se encuentra aqu\u00ed, a nuestro lado\u201d, afirma. <\/p>\n","protected":false},"excerpt":{"rendered":"<p>Nuestra querida Pomerode, ciudad donde se encuentra la sede de nuestra empresa, es reconocida por su cultura, tradici\u00f3n, grandes eventos y, por supuesto, las hermosas casas de entramado, que representan el mayor conjunto de construcciones de este tipo fuera de Alemania. Inspirado en ellas, surgi\u00f3 el Paseo Pomerano, un proyecto que vino a sumar a\u00fan [&hellip;]<\/p>\n","protected":false},"author":35,"featured_media":30344,"comment_status":"open","ping_status":"open","sticky":false,"template":"","format":"standard","meta":{"_acf_changed":false,"footnotes":""},"categories":[743],"tags":[],"class_list":["post-32609","post","type-post","status-publish","format-standard","has-post-thumbnail","hentry","category-sin-categoria"],"acf":[],"yoast_head":"<!-- This site is optimized with the Yoast SEO plugin v27.3 - https:\/\/yoast.com\/product\/yoast-seo-wordpress\/ -->\n<title>Un paseo entre pasado y presente - Weiku<\/title>\n<meta name=\"robots\" content=\"index, follow, max-snippet:-1, max-image-preview:large, max-video-preview:-1\" \/>\n<link rel=\"canonical\" href=\"https:\/\/weiku.com.br\/es\/un-paseo-entre-pasado-y-presente\/\" \/>\n<meta property=\"og:locale\" content=\"es_ES\" \/>\n<meta property=\"og:type\" content=\"article\" \/>\n<meta property=\"og:title\" content=\"Un paseo entre pasado y presente - Weiku\" \/>\n<meta property=\"og:description\" content=\"Nuestra querida Pomerode, ciudad donde se encuentra la sede de nuestra empresa, es reconocida por su cultura, tradici\u00f3n, grandes eventos y, por supuesto, las hermosas casas de entramado, que representan el mayor conjunto de construcciones de este tipo fuera de Alemania. Inspirado en ellas, surgi\u00f3 el Paseo Pomerano, un proyecto que vino a sumar a\u00fan [&hellip;]\" \/>\n<meta property=\"og:url\" content=\"https:\/\/weiku.com.br\/es\/un-paseo-entre-pasado-y-presente\/\" \/>\n<meta property=\"og:site_name\" content=\"Weiku\" \/>\n<meta property=\"article:published_time\" content=\"2020-05-05T14:40:04+00:00\" \/>\n<meta property=\"og:image\" content=\"https:\/\/weiku.com.br\/wp-content\/uploads\/2020\/05\/blog-weiku-janelas-portas-pvc-passeio-pomerano-capa-2.jpg\" \/>\n\t<meta property=\"og:image:width\" content=\"880\" \/>\n\t<meta property=\"og:image:height\" content=\"420\" \/>\n\t<meta property=\"og:image:type\" content=\"image\/jpeg\" \/>\n<meta name=\"author\" content=\"Mateus Fernandes\" \/>\n<meta name=\"twitter:card\" content=\"summary_large_image\" \/>\n<meta name=\"twitter:label1\" content=\"Escrito por\" \/>\n\t<meta name=\"twitter:data1\" content=\"Mateus Fernandes\" \/>\n\t<meta name=\"twitter:label2\" content=\"Tiempo de lectura\" \/>\n\t<meta name=\"twitter:data2\" content=\"1 minuto\" \/>\n<script type=\"application\/ld+json\" class=\"yoast-schema-graph\">{\"@context\":\"https:\\\/\\\/schema.org\",\"@graph\":[{\"@type\":\"Article\",\"@id\":\"https:\\\/\\\/weiku.com.br\\\/es\\\/un-paseo-entre-pasado-y-presente\\\/#article\",\"isPartOf\":{\"@id\":\"https:\\\/\\\/weiku.com.br\\\/es\\\/un-paseo-entre-pasado-y-presente\\\/\"},\"author\":{\"name\":\"Mateus Fernandes\",\"@id\":\"https:\\\/\\\/weiku.com.br\\\/es\\\/#\\\/schema\\\/person\\\/a15df1b49db4f0c34776a50f6a0ba70d\"},\"headline\":\"Un paseo entre pasado y presente\",\"datePublished\":\"2020-05-05T14:40:04+00:00\",\"mainEntityOfPage\":{\"@id\":\"https:\\\/\\\/weiku.com.br\\\/es\\\/un-paseo-entre-pasado-y-presente\\\/\"},\"wordCount\":302,\"commentCount\":0,\"image\":{\"@id\":\"https:\\\/\\\/weiku.com.br\\\/es\\\/un-paseo-entre-pasado-y-presente\\\/#primaryimage\"},\"thumbnailUrl\":\"https:\\\/\\\/weiku.com.br\\\/wp-content\\\/uploads\\\/2020\\\/05\\\/blog-weiku-janelas-portas-pvc-passeio-pomerano-capa-2.jpg\",\"inLanguage\":\"es\",\"potentialAction\":[{\"@type\":\"CommentAction\",\"name\":\"Comment\",\"target\":[\"https:\\\/\\\/weiku.com.br\\\/es\\\/un-paseo-entre-pasado-y-presente\\\/#respond\"]}]},{\"@type\":\"WebPage\",\"@id\":\"https:\\\/\\\/weiku.com.br\\\/es\\\/un-paseo-entre-pasado-y-presente\\\/\",\"url\":\"https:\\\/\\\/weiku.com.br\\\/es\\\/un-paseo-entre-pasado-y-presente\\\/\",\"name\":\"Un paseo entre pasado y presente - Weiku\",\"isPartOf\":{\"@id\":\"https:\\\/\\\/weiku.com.br\\\/es\\\/#website\"},\"primaryImageOfPage\":{\"@id\":\"https:\\\/\\\/weiku.com.br\\\/es\\\/un-paseo-entre-pasado-y-presente\\\/#primaryimage\"},\"image\":{\"@id\":\"https:\\\/\\\/weiku.com.br\\\/es\\\/un-paseo-entre-pasado-y-presente\\\/#primaryimage\"},\"thumbnailUrl\":\"https:\\\/\\\/weiku.com.br\\\/wp-content\\\/uploads\\\/2020\\\/05\\\/blog-weiku-janelas-portas-pvc-passeio-pomerano-capa-2.jpg\",\"datePublished\":\"2020-05-05T14:40:04+00:00\",\"author\":{\"@id\":\"https:\\\/\\\/weiku.com.br\\\/es\\\/#\\\/schema\\\/person\\\/a15df1b49db4f0c34776a50f6a0ba70d\"},\"breadcrumb\":{\"@id\":\"https:\\\/\\\/weiku.com.br\\\/es\\\/un-paseo-entre-pasado-y-presente\\\/#breadcrumb\"},\"inLanguage\":\"es\",\"potentialAction\":[{\"@type\":\"ReadAction\",\"target\":[\"https:\\\/\\\/weiku.com.br\\\/es\\\/un-paseo-entre-pasado-y-presente\\\/\"]}]},{\"@type\":\"ImageObject\",\"inLanguage\":\"es\",\"@id\":\"https:\\\/\\\/weiku.com.br\\\/es\\\/un-paseo-entre-pasado-y-presente\\\/#primaryimage\",\"url\":\"https:\\\/\\\/weiku.com.br\\\/wp-content\\\/uploads\\\/2020\\\/05\\\/blog-weiku-janelas-portas-pvc-passeio-pomerano-capa-2.jpg\",\"contentUrl\":\"https:\\\/\\\/weiku.com.br\\\/wp-content\\\/uploads\\\/2020\\\/05\\\/blog-weiku-janelas-portas-pvc-passeio-pomerano-capa-2.jpg\",\"width\":880,\"height\":420},{\"@type\":\"BreadcrumbList\",\"@id\":\"https:\\\/\\\/weiku.com.br\\\/es\\\/un-paseo-entre-pasado-y-presente\\\/#breadcrumb\",\"itemListElement\":[{\"@type\":\"ListItem\",\"position\":1,\"name\":\"In\u00edcio\",\"item\":\"https:\\\/\\\/weiku.com.br\\\/es\\\/\"},{\"@type\":\"ListItem\",\"position\":2,\"name\":\"Un paseo entre pasado y presente\"}]},{\"@type\":\"WebSite\",\"@id\":\"https:\\\/\\\/weiku.com.br\\\/es\\\/#website\",\"url\":\"https:\\\/\\\/weiku.com.br\\\/es\\\/\",\"name\":\"Weiku\",\"description\":\"Esquadrias de PVC - Weiku do Brasil\",\"potentialAction\":[{\"@type\":\"SearchAction\",\"target\":{\"@type\":\"EntryPoint\",\"urlTemplate\":\"https:\\\/\\\/weiku.com.br\\\/es\\\/?s={search_term_string}\"},\"query-input\":{\"@type\":\"PropertyValueSpecification\",\"valueRequired\":true,\"valueName\":\"search_term_string\"}}],\"inLanguage\":\"es\"},{\"@type\":\"Person\",\"@id\":\"https:\\\/\\\/weiku.com.br\\\/es\\\/#\\\/schema\\\/person\\\/a15df1b49db4f0c34776a50f6a0ba70d\",\"name\":\"Mateus Fernandes\",\"image\":{\"@type\":\"ImageObject\",\"inLanguage\":\"es\",\"@id\":\"https:\\\/\\\/weiku.com.br\\\/wp-content\\\/litespeed\\\/avatar\\\/900ee9f544fa1ea84bffb5ef4c3394f3.jpg?ver=1777254458\",\"url\":\"https:\\\/\\\/weiku.com.br\\\/wp-content\\\/litespeed\\\/avatar\\\/900ee9f544fa1ea84bffb5ef4c3394f3.jpg?ver=1777254458\",\"contentUrl\":\"https:\\\/\\\/weiku.com.br\\\/wp-content\\\/litespeed\\\/avatar\\\/900ee9f544fa1ea84bffb5ef4c3394f3.jpg?ver=1777254458\",\"caption\":\"Mateus Fernandes\"},\"sameAs\":[\"http:\\\/\\\/www.weiku.com.br\"],\"url\":\"https:\\\/\\\/weiku.com.br\\\/es\\\/author\\\/mateus\\\/\"}]}<\/script>\n<!-- \/ Yoast SEO plugin. -->","yoast_head_json":{"title":"Un paseo entre pasado y presente - Weiku","robots":{"index":"index","follow":"follow","max-snippet":"max-snippet:-1","max-image-preview":"max-image-preview:large","max-video-preview":"max-video-preview:-1"},"canonical":"https:\/\/weiku.com.br\/es\/un-paseo-entre-pasado-y-presente\/","og_locale":"es_ES","og_type":"article","og_title":"Un paseo entre pasado y presente - Weiku","og_description":"Nuestra querida Pomerode, ciudad donde se encuentra la sede de nuestra empresa, es reconocida por su cultura, tradici\u00f3n, grandes eventos y, por supuesto, las hermosas casas de entramado, que representan el mayor conjunto de construcciones de este tipo fuera de Alemania. Inspirado en ellas, surgi\u00f3 el Paseo Pomerano, un proyecto que vino a sumar a\u00fan [&hellip;]","og_url":"https:\/\/weiku.com.br\/es\/un-paseo-entre-pasado-y-presente\/","og_site_name":"Weiku","article_published_time":"2020-05-05T14:40:04+00:00","og_image":[{"width":880,"height":420,"url":"https:\/\/weiku.com.br\/wp-content\/uploads\/2020\/05\/blog-weiku-janelas-portas-pvc-passeio-pomerano-capa-2.jpg","type":"image\/jpeg"}],"author":"Mateus Fernandes","twitter_card":"summary_large_image","twitter_misc":{"Escrito por":"Mateus Fernandes","Tiempo de lectura":"1 minuto"},"schema":{"@context":"https:\/\/schema.org","@graph":[{"@type":"Article","@id":"https:\/\/weiku.com.br\/es\/un-paseo-entre-pasado-y-presente\/#article","isPartOf":{"@id":"https:\/\/weiku.com.br\/es\/un-paseo-entre-pasado-y-presente\/"},"author":{"name":"Mateus Fernandes","@id":"https:\/\/weiku.com.br\/es\/#\/schema\/person\/a15df1b49db4f0c34776a50f6a0ba70d"},"headline":"Un paseo entre pasado y presente","datePublished":"2020-05-05T14:40:04+00:00","mainEntityOfPage":{"@id":"https:\/\/weiku.com.br\/es\/un-paseo-entre-pasado-y-presente\/"},"wordCount":302,"commentCount":0,"image":{"@id":"https:\/\/weiku.com.br\/es\/un-paseo-entre-pasado-y-presente\/#primaryimage"},"thumbnailUrl":"https:\/\/weiku.com.br\/wp-content\/uploads\/2020\/05\/blog-weiku-janelas-portas-pvc-passeio-pomerano-capa-2.jpg","inLanguage":"es","potentialAction":[{"@type":"CommentAction","name":"Comment","target":["https:\/\/weiku.com.br\/es\/un-paseo-entre-pasado-y-presente\/#respond"]}]},{"@type":"WebPage","@id":"https:\/\/weiku.com.br\/es\/un-paseo-entre-pasado-y-presente\/","url":"https:\/\/weiku.com.br\/es\/un-paseo-entre-pasado-y-presente\/","name":"Un paseo entre pasado y presente - Weiku","isPartOf":{"@id":"https:\/\/weiku.com.br\/es\/#website"},"primaryImageOfPage":{"@id":"https:\/\/weiku.com.br\/es\/un-paseo-entre-pasado-y-presente\/#primaryimage"},"image":{"@id":"https:\/\/weiku.com.br\/es\/un-paseo-entre-pasado-y-presente\/#primaryimage"},"thumbnailUrl":"https:\/\/weiku.com.br\/wp-content\/uploads\/2020\/05\/blog-weiku-janelas-portas-pvc-passeio-pomerano-capa-2.jpg","datePublished":"2020-05-05T14:40:04+00:00","author":{"@id":"https:\/\/weiku.com.br\/es\/#\/schema\/person\/a15df1b49db4f0c34776a50f6a0ba70d"},"breadcrumb":{"@id":"https:\/\/weiku.com.br\/es\/un-paseo-entre-pasado-y-presente\/#breadcrumb"},"inLanguage":"es","potentialAction":[{"@type":"ReadAction","target":["https:\/\/weiku.com.br\/es\/un-paseo-entre-pasado-y-presente\/"]}]},{"@type":"ImageObject","inLanguage":"es","@id":"https:\/\/weiku.com.br\/es\/un-paseo-entre-pasado-y-presente\/#primaryimage","url":"https:\/\/weiku.com.br\/wp-content\/uploads\/2020\/05\/blog-weiku-janelas-portas-pvc-passeio-pomerano-capa-2.jpg","contentUrl":"https:\/\/weiku.com.br\/wp-content\/uploads\/2020\/05\/blog-weiku-janelas-portas-pvc-passeio-pomerano-capa-2.jpg","width":880,"height":420},{"@type":"BreadcrumbList","@id":"https:\/\/weiku.com.br\/es\/un-paseo-entre-pasado-y-presente\/#breadcrumb","itemListElement":[{"@type":"ListItem","position":1,"name":"In\u00edcio","item":"https:\/\/weiku.com.br\/es\/"},{"@type":"ListItem","position":2,"name":"Un paseo entre pasado y presente"}]},{"@type":"WebSite","@id":"https:\/\/weiku.com.br\/es\/#website","url":"https:\/\/weiku.com.br\/es\/","name":"Weiku","description":"Esquadrias de PVC - Weiku do Brasil","potentialAction":[{"@type":"SearchAction","target":{"@type":"EntryPoint","urlTemplate":"https:\/\/weiku.com.br\/es\/?s={search_term_string}"},"query-input":{"@type":"PropertyValueSpecification","valueRequired":true,"valueName":"search_term_string"}}],"inLanguage":"es"},{"@type":"Person","@id":"https:\/\/weiku.com.br\/es\/#\/schema\/person\/a15df1b49db4f0c34776a50f6a0ba70d","name":"Mateus Fernandes","image":{"@type":"ImageObject","inLanguage":"es","@id":"https:\/\/weiku.com.br\/wp-content\/litespeed\/avatar\/900ee9f544fa1ea84bffb5ef4c3394f3.jpg?ver=1777254458","url":"https:\/\/weiku.com.br\/wp-content\/litespeed\/avatar\/900ee9f544fa1ea84bffb5ef4c3394f3.jpg?ver=1777254458","contentUrl":"https:\/\/weiku.com.br\/wp-content\/litespeed\/avatar\/900ee9f544fa1ea84bffb5ef4c3394f3.jpg?ver=1777254458","caption":"Mateus Fernandes"},"sameAs":["http:\/\/www.weiku.com.br"],"url":"https:\/\/weiku.com.br\/es\/author\/mateus\/"}]}},"_links":{"self":[{"href":"https:\/\/weiku.com.br\/es\/wp-json\/wp\/v2\/posts\/32609","targetHints":{"allow":["GET"]}}],"collection":[{"href":"https:\/\/weiku.com.br\/es\/wp-json\/wp\/v2\/posts"}],"about":[{"href":"https:\/\/weiku.com.br\/es\/wp-json\/wp\/v2\/types\/post"}],"author":[{"embeddable":true,"href":"https:\/\/weiku.com.br\/es\/wp-json\/wp\/v2\/users\/35"}],"replies":[{"embeddable":true,"href":"https:\/\/weiku.com.br\/es\/wp-json\/wp\/v2\/comments?post=32609"}],"version-history":[{"count":0,"href":"https:\/\/weiku.com.br\/es\/wp-json\/wp\/v2\/posts\/32609\/revisions"}],"wp:featuredmedia":[{"embeddable":true,"href":"https:\/\/weiku.com.br\/es\/wp-json\/wp\/v2\/media\/30344"}],"wp:attachment":[{"href":"https:\/\/weiku.com.br\/es\/wp-json\/wp\/v2\/media?parent=32609"}],"wp:term":[{"taxonomy":"category","embeddable":true,"href":"https:\/\/weiku.com.br\/es\/wp-json\/wp\/v2\/categories?post=32609"},{"taxonomy":"post_tag","embeddable":true,"href":"https:\/\/weiku.com.br\/es\/wp-json\/wp\/v2\/tags?post=32609"}],"curies":[{"name":"wp","href":"https:\/\/api.w.org\/{rel}","templated":true}]}}