{"id":32584,"date":"2020-10-02T10:32:37","date_gmt":"2020-10-02T13:32:37","guid":{"rendered":"https:\/\/weiku.com.br\/tres-buenas-razones-para-invertir-en-ventanas-y-puertas-de-pvc\/"},"modified":"2020-10-02T10:32:37","modified_gmt":"2020-10-02T13:32:37","slug":"tres-buenas-razones-para-invertir-en-ventanas-y-puertas-de-pvc","status":"publish","type":"post","link":"https:\/\/weiku.com.br\/es\/tres-buenas-razones-para-invertir-en-ventanas-y-puertas-de-pvc\/","title":{"rendered":"Tres buenas razones para invertir en ventanas y puertas de PVC"},"content":{"rendered":"<p class=\"western\" align=\"JUSTIFY\"><a href=\"https:\/\/weiku.com.br\/wp-content\/uploads\/2020\/10\/weiku-janelas-e-portas-pvc-exclusivas-interna-1-1.jpg\"><img loading=\"lazy\" decoding=\"async\" class=\"alignnone size-full wp-image-4531\" src=\"https:\/\/weiku.com.br\/wp-content\/uploads\/2020\/10\/weiku-janelas-e-portas-pvc-exclusivas-interna-1-1.jpg\" alt=\"weiku-ventanas-y-puertas-pvc-exclusivas-interna-1\" width=\"880\" height=\"600\"><\/a><\/p>\n<p class=\"western\" align=\"JUSTIFY\"><span style=\"font-family: 'Times New Roman', serif;\"><span style=\"font-size: medium;\">Belleza, practicidad y eficiencia. Cuando pensamos en una obra y decoraci\u00f3n, r\u00e1pidamente pensamos en estos aspectos. Las puertas y ventanas de PVC, sin duda, los cumplen. Sin embargo, mucho m\u00e1s all\u00e1 de eso, las ventanas y puertas de Weiku do Brasil tambi\u00e9n ofrecen seguridad, variedad y son autoextinguibles. \u00bfQuieres saber m\u00e1s sobre esto?    <\/span><\/span><\/p>\n<p class=\"western\" align=\"JUSTIFY\"><a href=\"https:\/\/weiku.com.br\/wp-content\/uploads\/2020\/10\/weiku-janelas-e-portas-pvc-exclusivas-interna-2-1.jpg\"><img loading=\"lazy\" decoding=\"async\" class=\"alignnone size-full wp-image-4532\" src=\"https:\/\/weiku.com.br\/wp-content\/uploads\/2020\/10\/weiku-janelas-e-portas-pvc-exclusivas-interna-2-1.jpg\" alt=\"weiku-ventanas-y-puertas-pvc-exclusivas-interna-2\" width=\"880\" height=\"600\" srcset=\"https:\/\/weiku.com.br\/wp-content\/uploads\/2020\/10\/weiku-janelas-e-portas-pvc-exclusivas-interna-2-1.jpg 880w, https:\/\/weiku.com.br\/wp-content\/uploads\/2020\/10\/weiku-janelas-e-portas-pvc-exclusivas-interna-2-1-300x205.jpg 300w, https:\/\/weiku.com.br\/wp-content\/uploads\/2020\/10\/weiku-janelas-e-portas-pvc-exclusivas-interna-2-1-768x524.jpg 768w\" sizes=\"auto, (max-width: 880px) 100vw, 880px\" \/><\/a><\/p>\n<p class=\"western\" align=\"JUSTIFY\"><span style=\"font-family: 'Times New Roman', serif;\"><span style=\"font-size: medium;\">El tema es seguridad. El producto es PVC. Quiz\u00e1s no lo sepas, pero el material es resistente a impactos y, adem\u00e1s, todos los perfiles cuentan con refuerzo interno de acero galvanizado. Los perfiles tambi\u00e9n ofrecen aislamiento contra agua, viento, polvo e insectos.   <\/span><\/span><\/p>\n<p class=\"western\" align=\"JUSTIFY\"><a href=\"https:\/\/weiku.com.br\/wp-content\/uploads\/2020\/10\/weiku-janelas-e-portas-pvc-exclusivas-interna-3-1.jpg\"><img loading=\"lazy\" decoding=\"async\" class=\"alignnone size-full wp-image-4533\" src=\"https:\/\/weiku.com.br\/wp-content\/uploads\/2020\/10\/weiku-janelas-e-portas-pvc-exclusivas-interna-3-1.jpg\" alt=\"weiku-ventanas-y-puertas-pvc-exclusivas-interna-3\" width=\"880\" height=\"600\"><\/a><\/p>\n<p class=\"western\" align=\"JUSTIFY\"><span style=\"font-family: 'Times New Roman', serif;\"><span style=\"font-size: medium;\">Colores y formas. Las ventanas y puertas de Weiku do Brasil se alejan de lo tradicional y permiten la personalizaci\u00f3n de tu obra, ya sea a trav\u00e9s de colores o formas. Desde tonos amaderados hasta negro o incluso perfiles redondeados, es posible dejar la arquitectura de tu ambiente exactamente como lo so\u00f1aste.  <\/span><\/span><\/p>\n<p class=\"western\" align=\"JUSTIFY\"><a href=\"https:\/\/weiku.com.br\/wp-content\/uploads\/2020\/10\/weiku-janelas-e-portas-pvc-exclusivas-interna-4-1.jpg\"><img loading=\"lazy\" decoding=\"async\" class=\"alignnone size-full wp-image-4534\" src=\"https:\/\/weiku.com.br\/wp-content\/uploads\/2020\/10\/weiku-janelas-e-portas-pvc-exclusivas-interna-4-1.jpg\" alt=\"weiku-ventanas-y-puertas-pvc-exclusivas-interna-4\" width=\"880\" height=\"600\" srcset=\"https:\/\/weiku.com.br\/wp-content\/uploads\/2020\/10\/weiku-janelas-e-portas-pvc-exclusivas-interna-4-1.jpg 880w, https:\/\/weiku.com.br\/wp-content\/uploads\/2020\/10\/weiku-janelas-e-portas-pvc-exclusivas-interna-4-1-300x205.jpg 300w, https:\/\/weiku.com.br\/wp-content\/uploads\/2020\/10\/weiku-janelas-e-portas-pvc-exclusivas-interna-4-1-768x524.jpg 768w\" sizes=\"auto, (max-width: 880px) 100vw, 880px\" \/><\/a><\/p>\n<p class=\"western\" align=\"JUSTIFY\"><span style=\"font-family: 'Times New Roman', serif;\"><span style=\"font-size: medium;\">Autoextinguibles. El t\u00e9rmino puede ser complejo, pero su significado es simple.  <\/span><\/span><span style=\"font-family: 'Times New Roman', serif;\"><span style=\"font-size: medium;\">Si un producto de PVC se inflama, el fuego se extinguir\u00e1 sin necesidad de usar extintores. <\/span><\/span><span style=\"font-family: 'Times New Roman', serif;\"><span style=\"font-size: medium;\">Esto es posible gracias al uso de un aditivo, determinado por norma, que convierte el perfil de PVC en no inflamable y, por lo tanto, no propagador de llamas.<\/span><\/span><\/p>\n","protected":false},"excerpt":{"rendered":"<p>Belleza, practicidad y eficiencia. Cuando pensamos en una obra y decoraci\u00f3n, r\u00e1pidamente pensamos en estos aspectos. Las puertas y ventanas de PVC, sin duda, los cumplen. Sin embargo, mucho m\u00e1s all\u00e1 de eso, las ventanas y puertas de Weiku do Brasil tambi\u00e9n ofrecen seguridad, variedad y son autoextinguibles. \u00bfQuieres saber m\u00e1s sobre esto? El tema [&hellip;]<\/p>\n","protected":false},"author":35,"featured_media":29077,"comment_status":"open","ping_status":"open","sticky":false,"template":"","format":"standard","meta":{"_acf_changed":false,"footnotes":""},"categories":[743],"tags":[],"class_list":["post-32584","post","type-post","status-publish","format-standard","has-post-thumbnail","hentry","category-sin-categoria"],"acf":[],"yoast_head":"<!-- This site is optimized with the Yoast SEO plugin v27.3 - https:\/\/yoast.com\/product\/yoast-seo-wordpress\/ -->\n<title>Tres buenas razones para invertir en ventanas y puertas de PVC - Weiku<\/title>\n<meta name=\"robots\" content=\"index, follow, max-snippet:-1, max-image-preview:large, max-video-preview:-1\" \/>\n<link rel=\"canonical\" href=\"https:\/\/weiku.com.br\/es\/tres-buenas-razones-para-invertir-en-ventanas-y-puertas-de-pvc\/\" \/>\n<meta property=\"og:locale\" content=\"es_ES\" \/>\n<meta property=\"og:type\" content=\"article\" \/>\n<meta property=\"og:title\" content=\"Tres buenas razones para invertir en ventanas y puertas de PVC - Weiku\" \/>\n<meta property=\"og:description\" content=\"Belleza, practicidad y eficiencia. Cuando pensamos en una obra y decoraci\u00f3n, r\u00e1pidamente pensamos en estos aspectos. Las puertas y ventanas de PVC, sin duda, los cumplen. Sin embargo, mucho m\u00e1s all\u00e1 de eso, las ventanas y puertas de Weiku do Brasil tambi\u00e9n ofrecen seguridad, variedad y son autoextinguibles. \u00bfQuieres saber m\u00e1s sobre esto? El tema [&hellip;]\" \/>\n<meta property=\"og:url\" content=\"https:\/\/weiku.com.br\/es\/tres-buenas-razones-para-invertir-en-ventanas-y-puertas-de-pvc\/\" \/>\n<meta property=\"og:site_name\" content=\"Weiku\" \/>\n<meta property=\"article:published_time\" content=\"2020-10-02T13:32:37+00:00\" \/>\n<meta property=\"og:image\" content=\"https:\/\/weiku.com.br\/wp-content\/uploads\/2020\/10\/weiku-janelas-portas-pvc-exclusivas-capa-2.jpg\" \/>\n\t<meta property=\"og:image:width\" content=\"880\" \/>\n\t<meta property=\"og:image:height\" content=\"420\" \/>\n\t<meta property=\"og:image:type\" content=\"image\/jpeg\" \/>\n<meta name=\"author\" content=\"Mateus Fernandes\" \/>\n<meta name=\"twitter:card\" content=\"summary_large_image\" \/>\n<meta name=\"twitter:label1\" content=\"Escrito por\" \/>\n\t<meta name=\"twitter:data1\" content=\"Mateus Fernandes\" \/>\n\t<meta name=\"twitter:label2\" content=\"Tiempo de lectura\" \/>\n\t<meta name=\"twitter:data2\" content=\"1 minuto\" \/>\n<script type=\"application\/ld+json\" class=\"yoast-schema-graph\">{\"@context\":\"https:\\\/\\\/schema.org\",\"@graph\":[{\"@type\":\"Article\",\"@id\":\"https:\\\/\\\/weiku.com.br\\\/es\\\/tres-buenas-razones-para-invertir-en-ventanas-y-puertas-de-pvc\\\/#article\",\"isPartOf\":{\"@id\":\"https:\\\/\\\/weiku.com.br\\\/es\\\/tres-buenas-razones-para-invertir-en-ventanas-y-puertas-de-pvc\\\/\"},\"author\":{\"name\":\"Mateus Fernandes\",\"@id\":\"https:\\\/\\\/weiku.com.br\\\/es\\\/#\\\/schema\\\/person\\\/a15df1b49db4f0c34776a50f6a0ba70d\"},\"headline\":\"Tres buenas razones para invertir en ventanas y puertas de PVC\",\"datePublished\":\"2020-10-02T13:32:37+00:00\",\"mainEntityOfPage\":{\"@id\":\"https:\\\/\\\/weiku.com.br\\\/es\\\/tres-buenas-razones-para-invertir-en-ventanas-y-puertas-de-pvc\\\/\"},\"wordCount\":226,\"commentCount\":0,\"image\":{\"@id\":\"https:\\\/\\\/weiku.com.br\\\/es\\\/tres-buenas-razones-para-invertir-en-ventanas-y-puertas-de-pvc\\\/#primaryimage\"},\"thumbnailUrl\":\"https:\\\/\\\/weiku.com.br\\\/wp-content\\\/uploads\\\/2020\\\/10\\\/weiku-janelas-portas-pvc-exclusivas-capa-2.jpg\",\"inLanguage\":\"es\",\"potentialAction\":[{\"@type\":\"CommentAction\",\"name\":\"Comment\",\"target\":[\"https:\\\/\\\/weiku.com.br\\\/es\\\/tres-buenas-razones-para-invertir-en-ventanas-y-puertas-de-pvc\\\/#respond\"]}]},{\"@type\":\"WebPage\",\"@id\":\"https:\\\/\\\/weiku.com.br\\\/es\\\/tres-buenas-razones-para-invertir-en-ventanas-y-puertas-de-pvc\\\/\",\"url\":\"https:\\\/\\\/weiku.com.br\\\/es\\\/tres-buenas-razones-para-invertir-en-ventanas-y-puertas-de-pvc\\\/\",\"name\":\"Tres buenas razones para invertir en ventanas y puertas de PVC - Weiku\",\"isPartOf\":{\"@id\":\"https:\\\/\\\/weiku.com.br\\\/es\\\/#website\"},\"primaryImageOfPage\":{\"@id\":\"https:\\\/\\\/weiku.com.br\\\/es\\\/tres-buenas-razones-para-invertir-en-ventanas-y-puertas-de-pvc\\\/#primaryimage\"},\"image\":{\"@id\":\"https:\\\/\\\/weiku.com.br\\\/es\\\/tres-buenas-razones-para-invertir-en-ventanas-y-puertas-de-pvc\\\/#primaryimage\"},\"thumbnailUrl\":\"https:\\\/\\\/weiku.com.br\\\/wp-content\\\/uploads\\\/2020\\\/10\\\/weiku-janelas-portas-pvc-exclusivas-capa-2.jpg\",\"datePublished\":\"2020-10-02T13:32:37+00:00\",\"author\":{\"@id\":\"https:\\\/\\\/weiku.com.br\\\/es\\\/#\\\/schema\\\/person\\\/a15df1b49db4f0c34776a50f6a0ba70d\"},\"breadcrumb\":{\"@id\":\"https:\\\/\\\/weiku.com.br\\\/es\\\/tres-buenas-razones-para-invertir-en-ventanas-y-puertas-de-pvc\\\/#breadcrumb\"},\"inLanguage\":\"es\",\"potentialAction\":[{\"@type\":\"ReadAction\",\"target\":[\"https:\\\/\\\/weiku.com.br\\\/es\\\/tres-buenas-razones-para-invertir-en-ventanas-y-puertas-de-pvc\\\/\"]}]},{\"@type\":\"ImageObject\",\"inLanguage\":\"es\",\"@id\":\"https:\\\/\\\/weiku.com.br\\\/es\\\/tres-buenas-razones-para-invertir-en-ventanas-y-puertas-de-pvc\\\/#primaryimage\",\"url\":\"https:\\\/\\\/weiku.com.br\\\/wp-content\\\/uploads\\\/2020\\\/10\\\/weiku-janelas-portas-pvc-exclusivas-capa-2.jpg\",\"contentUrl\":\"https:\\\/\\\/weiku.com.br\\\/wp-content\\\/uploads\\\/2020\\\/10\\\/weiku-janelas-portas-pvc-exclusivas-capa-2.jpg\",\"width\":880,\"height\":420},{\"@type\":\"BreadcrumbList\",\"@id\":\"https:\\\/\\\/weiku.com.br\\\/es\\\/tres-buenas-razones-para-invertir-en-ventanas-y-puertas-de-pvc\\\/#breadcrumb\",\"itemListElement\":[{\"@type\":\"ListItem\",\"position\":1,\"name\":\"In\u00edcio\",\"item\":\"https:\\\/\\\/weiku.com.br\\\/es\\\/\"},{\"@type\":\"ListItem\",\"position\":2,\"name\":\"Tres buenas razones para invertir en ventanas y puertas de PVC\"}]},{\"@type\":\"WebSite\",\"@id\":\"https:\\\/\\\/weiku.com.br\\\/es\\\/#website\",\"url\":\"https:\\\/\\\/weiku.com.br\\\/es\\\/\",\"name\":\"Weiku\",\"description\":\"Esquadrias de PVC - Weiku do Brasil\",\"potentialAction\":[{\"@type\":\"SearchAction\",\"target\":{\"@type\":\"EntryPoint\",\"urlTemplate\":\"https:\\\/\\\/weiku.com.br\\\/es\\\/?s={search_term_string}\"},\"query-input\":{\"@type\":\"PropertyValueSpecification\",\"valueRequired\":true,\"valueName\":\"search_term_string\"}}],\"inLanguage\":\"es\"},{\"@type\":\"Person\",\"@id\":\"https:\\\/\\\/weiku.com.br\\\/es\\\/#\\\/schema\\\/person\\\/a15df1b49db4f0c34776a50f6a0ba70d\",\"name\":\"Mateus Fernandes\",\"image\":{\"@type\":\"ImageObject\",\"inLanguage\":\"es\",\"@id\":\"https:\\\/\\\/weiku.com.br\\\/wp-content\\\/litespeed\\\/avatar\\\/900ee9f544fa1ea84bffb5ef4c3394f3.jpg?ver=1777254458\",\"url\":\"https:\\\/\\\/weiku.com.br\\\/wp-content\\\/litespeed\\\/avatar\\\/900ee9f544fa1ea84bffb5ef4c3394f3.jpg?ver=1777254458\",\"contentUrl\":\"https:\\\/\\\/weiku.com.br\\\/wp-content\\\/litespeed\\\/avatar\\\/900ee9f544fa1ea84bffb5ef4c3394f3.jpg?ver=1777254458\",\"caption\":\"Mateus Fernandes\"},\"sameAs\":[\"http:\\\/\\\/www.weiku.com.br\"],\"url\":\"https:\\\/\\\/weiku.com.br\\\/es\\\/author\\\/mateus\\\/\"}]}<\/script>\n<!-- \/ Yoast SEO plugin. -->","yoast_head_json":{"title":"Tres buenas razones para invertir en ventanas y puertas de PVC - Weiku","robots":{"index":"index","follow":"follow","max-snippet":"max-snippet:-1","max-image-preview":"max-image-preview:large","max-video-preview":"max-video-preview:-1"},"canonical":"https:\/\/weiku.com.br\/es\/tres-buenas-razones-para-invertir-en-ventanas-y-puertas-de-pvc\/","og_locale":"es_ES","og_type":"article","og_title":"Tres buenas razones para invertir en ventanas y puertas de PVC - Weiku","og_description":"Belleza, practicidad y eficiencia. Cuando pensamos en una obra y decoraci\u00f3n, r\u00e1pidamente pensamos en estos aspectos. Las puertas y ventanas de PVC, sin duda, los cumplen. Sin embargo, mucho m\u00e1s all\u00e1 de eso, las ventanas y puertas de Weiku do Brasil tambi\u00e9n ofrecen seguridad, variedad y son autoextinguibles. \u00bfQuieres saber m\u00e1s sobre esto? El tema [&hellip;]","og_url":"https:\/\/weiku.com.br\/es\/tres-buenas-razones-para-invertir-en-ventanas-y-puertas-de-pvc\/","og_site_name":"Weiku","article_published_time":"2020-10-02T13:32:37+00:00","og_image":[{"width":880,"height":420,"url":"https:\/\/weiku.com.br\/wp-content\/uploads\/2020\/10\/weiku-janelas-portas-pvc-exclusivas-capa-2.jpg","type":"image\/jpeg"}],"author":"Mateus Fernandes","twitter_card":"summary_large_image","twitter_misc":{"Escrito por":"Mateus Fernandes","Tiempo de lectura":"1 minuto"},"schema":{"@context":"https:\/\/schema.org","@graph":[{"@type":"Article","@id":"https:\/\/weiku.com.br\/es\/tres-buenas-razones-para-invertir-en-ventanas-y-puertas-de-pvc\/#article","isPartOf":{"@id":"https:\/\/weiku.com.br\/es\/tres-buenas-razones-para-invertir-en-ventanas-y-puertas-de-pvc\/"},"author":{"name":"Mateus Fernandes","@id":"https:\/\/weiku.com.br\/es\/#\/schema\/person\/a15df1b49db4f0c34776a50f6a0ba70d"},"headline":"Tres buenas razones para invertir en ventanas y puertas de PVC","datePublished":"2020-10-02T13:32:37+00:00","mainEntityOfPage":{"@id":"https:\/\/weiku.com.br\/es\/tres-buenas-razones-para-invertir-en-ventanas-y-puertas-de-pvc\/"},"wordCount":226,"commentCount":0,"image":{"@id":"https:\/\/weiku.com.br\/es\/tres-buenas-razones-para-invertir-en-ventanas-y-puertas-de-pvc\/#primaryimage"},"thumbnailUrl":"https:\/\/weiku.com.br\/wp-content\/uploads\/2020\/10\/weiku-janelas-portas-pvc-exclusivas-capa-2.jpg","inLanguage":"es","potentialAction":[{"@type":"CommentAction","name":"Comment","target":["https:\/\/weiku.com.br\/es\/tres-buenas-razones-para-invertir-en-ventanas-y-puertas-de-pvc\/#respond"]}]},{"@type":"WebPage","@id":"https:\/\/weiku.com.br\/es\/tres-buenas-razones-para-invertir-en-ventanas-y-puertas-de-pvc\/","url":"https:\/\/weiku.com.br\/es\/tres-buenas-razones-para-invertir-en-ventanas-y-puertas-de-pvc\/","name":"Tres buenas razones para invertir en ventanas y puertas de PVC - Weiku","isPartOf":{"@id":"https:\/\/weiku.com.br\/es\/#website"},"primaryImageOfPage":{"@id":"https:\/\/weiku.com.br\/es\/tres-buenas-razones-para-invertir-en-ventanas-y-puertas-de-pvc\/#primaryimage"},"image":{"@id":"https:\/\/weiku.com.br\/es\/tres-buenas-razones-para-invertir-en-ventanas-y-puertas-de-pvc\/#primaryimage"},"thumbnailUrl":"https:\/\/weiku.com.br\/wp-content\/uploads\/2020\/10\/weiku-janelas-portas-pvc-exclusivas-capa-2.jpg","datePublished":"2020-10-02T13:32:37+00:00","author":{"@id":"https:\/\/weiku.com.br\/es\/#\/schema\/person\/a15df1b49db4f0c34776a50f6a0ba70d"},"breadcrumb":{"@id":"https:\/\/weiku.com.br\/es\/tres-buenas-razones-para-invertir-en-ventanas-y-puertas-de-pvc\/#breadcrumb"},"inLanguage":"es","potentialAction":[{"@type":"ReadAction","target":["https:\/\/weiku.com.br\/es\/tres-buenas-razones-para-invertir-en-ventanas-y-puertas-de-pvc\/"]}]},{"@type":"ImageObject","inLanguage":"es","@id":"https:\/\/weiku.com.br\/es\/tres-buenas-razones-para-invertir-en-ventanas-y-puertas-de-pvc\/#primaryimage","url":"https:\/\/weiku.com.br\/wp-content\/uploads\/2020\/10\/weiku-janelas-portas-pvc-exclusivas-capa-2.jpg","contentUrl":"https:\/\/weiku.com.br\/wp-content\/uploads\/2020\/10\/weiku-janelas-portas-pvc-exclusivas-capa-2.jpg","width":880,"height":420},{"@type":"BreadcrumbList","@id":"https:\/\/weiku.com.br\/es\/tres-buenas-razones-para-invertir-en-ventanas-y-puertas-de-pvc\/#breadcrumb","itemListElement":[{"@type":"ListItem","position":1,"name":"In\u00edcio","item":"https:\/\/weiku.com.br\/es\/"},{"@type":"ListItem","position":2,"name":"Tres buenas razones para invertir en ventanas y puertas de PVC"}]},{"@type":"WebSite","@id":"https:\/\/weiku.com.br\/es\/#website","url":"https:\/\/weiku.com.br\/es\/","name":"Weiku","description":"Esquadrias de PVC - Weiku do Brasil","potentialAction":[{"@type":"SearchAction","target":{"@type":"EntryPoint","urlTemplate":"https:\/\/weiku.com.br\/es\/?s={search_term_string}"},"query-input":{"@type":"PropertyValueSpecification","valueRequired":true,"valueName":"search_term_string"}}],"inLanguage":"es"},{"@type":"Person","@id":"https:\/\/weiku.com.br\/es\/#\/schema\/person\/a15df1b49db4f0c34776a50f6a0ba70d","name":"Mateus Fernandes","image":{"@type":"ImageObject","inLanguage":"es","@id":"https:\/\/weiku.com.br\/wp-content\/litespeed\/avatar\/900ee9f544fa1ea84bffb5ef4c3394f3.jpg?ver=1777254458","url":"https:\/\/weiku.com.br\/wp-content\/litespeed\/avatar\/900ee9f544fa1ea84bffb5ef4c3394f3.jpg?ver=1777254458","contentUrl":"https:\/\/weiku.com.br\/wp-content\/litespeed\/avatar\/900ee9f544fa1ea84bffb5ef4c3394f3.jpg?ver=1777254458","caption":"Mateus Fernandes"},"sameAs":["http:\/\/www.weiku.com.br"],"url":"https:\/\/weiku.com.br\/es\/author\/mateus\/"}]}},"_links":{"self":[{"href":"https:\/\/weiku.com.br\/es\/wp-json\/wp\/v2\/posts\/32584","targetHints":{"allow":["GET"]}}],"collection":[{"href":"https:\/\/weiku.com.br\/es\/wp-json\/wp\/v2\/posts"}],"about":[{"href":"https:\/\/weiku.com.br\/es\/wp-json\/wp\/v2\/types\/post"}],"author":[{"embeddable":true,"href":"https:\/\/weiku.com.br\/es\/wp-json\/wp\/v2\/users\/35"}],"replies":[{"embeddable":true,"href":"https:\/\/weiku.com.br\/es\/wp-json\/wp\/v2\/comments?post=32584"}],"version-history":[{"count":0,"href":"https:\/\/weiku.com.br\/es\/wp-json\/wp\/v2\/posts\/32584\/revisions"}],"wp:featuredmedia":[{"embeddable":true,"href":"https:\/\/weiku.com.br\/es\/wp-json\/wp\/v2\/media\/29077"}],"wp:attachment":[{"href":"https:\/\/weiku.com.br\/es\/wp-json\/wp\/v2\/media?parent=32584"}],"wp:term":[{"taxonomy":"category","embeddable":true,"href":"https:\/\/weiku.com.br\/es\/wp-json\/wp\/v2\/categories?post=32584"},{"taxonomy":"post_tag","embeddable":true,"href":"https:\/\/weiku.com.br\/es\/wp-json\/wp\/v2\/tags?post=32584"}],"curies":[{"name":"wp","href":"https:\/\/api.w.org\/{rel}","templated":true}]}}