{"id":32566,"date":"2020-12-21T14:41:44","date_gmt":"2020-12-21T17:41:44","guid":{"rendered":"https:\/\/weiku.com.br\/estanquidad-la-tranquilidad-del-sellado-en-puertas-y-ventanas\/"},"modified":"2025-08-06T16:16:05","modified_gmt":"2025-08-06T19:16:05","slug":"estanquidad-la-tranquilidad-del-sellado-en-puertas-y-ventanas","status":"publish","type":"post","link":"https:\/\/weiku.com.br\/es\/estanquidad-la-tranquilidad-del-sellado-en-puertas-y-ventanas\/","title":{"rendered":"Estanquidad: la tranquilidad del sellado en puertas y ventanas"},"content":{"rendered":"\n<figure class=\"wp-block-gallery columns-1 is-cropped wp-block-gallery-1 is-layout-flex wp-block-gallery-is-layout-flex\"><ul class=\"blocks-gallery-grid\"><li class=\"blocks-gallery-item\"><figure><img decoding=\"async\" src=\"https:\/\/weiku.com.br\/wp-content\/uploads\/2020\/12\/weiku-janelas-e-portas-pvc-interna-1-1.jpg\" alt=\"\" data-id=\"8934\" data-full-url=\"https:\/\/weiku.com.br\/wp-content\/uploads\/2020\/12\/weiku-janelas-e-portas-pvc-interna-1-1.jpg\" data-link=\"https:\/\/weiku.cordilheiramidias.com\/blog\/?attachment_id=8934\" class=\"wp-image-8934\"\/><\/figure><\/li><\/ul><\/figure>\n\n<p>Cuando pensamos en una obra, queremos la tranquilidad de un ambiente relajante despu\u00e9s de su finalizaci\u00f3n. Las ventanas y puertas de PVC, adem\u00e1s de aportar ligereza e iluminaci\u00f3n natural a los ambientes, tambi\u00e9n destacan por la cuesti\u00f3n de la estanquidad, completando as\u00ed todo lo que pedimos.  <\/p>\n\n<figure class=\"wp-block-image size-large\"><img decoding=\"async\" src=\"https:\/\/weiku.com.br\/wp-content\/uploads\/2020\/12\/weiku-janelas-e-portas-pvc-interna-2-1.jpg\" alt=\"\" class=\"wp-image-8935\"\/><\/figure>\n\n<p>La estanquidad es posible gracias a las esquinas soldadas, que impiden el paso del agua, adem\u00e1s de cierres herm\u00e9ticos con sellados perfectos de las gomas en los marcos y cierres multipunto. Por lo tanto, al limpiar tu ventana o en d\u00edas de fuertes lluvias, puedes estar tranquilo, ya que no habr\u00e1 ninguna filtraci\u00f3n que pueda provocar el escurrimiento del agua por la pared o los componentes sobre los cuales est\u00e1 instalada la pieza. <\/p>\n\n<figure class=\"wp-block-gallery columns-1 is-cropped wp-block-gallery-2 is-layout-flex wp-block-gallery-is-layout-flex\"><ul class=\"blocks-gallery-grid\"><li class=\"blocks-gallery-item\"><figure><img decoding=\"async\" src=\"https:\/\/weiku.com.br\/wp-content\/uploads\/2020\/12\/weiku-janelas-e-portas-pvc-interna-3-1.jpg\" alt=\"\" data-id=\"8936\" data-full-url=\"https:\/\/weiku.com.br\/wp-content\/uploads\/2020\/12\/weiku-janelas-e-portas-pvc-interna-3-1.jpg\" data-link=\"https:\/\/weiku.cordilheiramidias.com\/blog\/?attachment_id=8936\" class=\"wp-image-8936\"\/><\/figure><\/li><\/ul><\/figure>\n\n<p>En Brasil, las ventanas y puertas de fachada son sometidas a evaluaciones de desempe\u00f1o de acuerdo con normas muy espec\u00edficas. Weiku do Brasil cuenta con aprobaci\u00f3n en todas ellas y, adem\u00e1s de la cuesti\u00f3n del agua, tambi\u00e9n garantiza resistencia al viento. Calidad que no falta, \u00bfverdad?  <\/p>\n\n<p><\/p>\n\n<p><\/p>\n","protected":false},"excerpt":{"rendered":"<p>Cuando pensamos en una obra, queremos la tranquilidad de un ambiente relajante despu\u00e9s de su finalizaci\u00f3n. Las ventanas y puertas de PVC, adem\u00e1s de aportar ligereza e iluminaci\u00f3n natural a los ambientes, tambi\u00e9n destacan por la cuesti\u00f3n de la estanquidad, completando as\u00ed todo lo que pedimos. La estanquidad es posible gracias a las esquinas soldadas, [&hellip;]<\/p>\n","protected":false},"author":35,"featured_media":29377,"comment_status":"open","ping_status":"open","sticky":false,"template":"","format":"standard","meta":{"_acf_changed":false,"footnotes":""},"categories":[743],"tags":[],"class_list":["post-32566","post","type-post","status-publish","format-standard","has-post-thumbnail","hentry","category-sin-categoria"],"acf":[],"yoast_head":"<!-- This site is optimized with the Yoast SEO plugin v27.3 - https:\/\/yoast.com\/product\/yoast-seo-wordpress\/ -->\n<title>Estanquidad: la tranquilidad del sellado en puertas y ventanas - Weiku<\/title>\n<meta name=\"robots\" content=\"index, follow, max-snippet:-1, max-image-preview:large, max-video-preview:-1\" \/>\n<link rel=\"canonical\" href=\"https:\/\/weiku.com.br\/es\/estanquidad-la-tranquilidad-del-sellado-en-puertas-y-ventanas\/\" \/>\n<meta property=\"og:locale\" content=\"es_ES\" \/>\n<meta property=\"og:type\" content=\"article\" \/>\n<meta property=\"og:title\" content=\"Estanquidad: la tranquilidad del sellado en puertas y ventanas - Weiku\" \/>\n<meta property=\"og:description\" content=\"Cuando pensamos en una obra, queremos la tranquilidad de un ambiente relajante despu\u00e9s de su finalizaci\u00f3n. Las ventanas y puertas de PVC, adem\u00e1s de aportar ligereza e iluminaci\u00f3n natural a los ambientes, tambi\u00e9n destacan por la cuesti\u00f3n de la estanquidad, completando as\u00ed todo lo que pedimos. La estanquidad es posible gracias a las esquinas soldadas, [&hellip;]\" \/>\n<meta property=\"og:url\" content=\"https:\/\/weiku.com.br\/es\/estanquidad-la-tranquilidad-del-sellado-en-puertas-y-ventanas\/\" \/>\n<meta property=\"og:site_name\" content=\"Weiku\" \/>\n<meta property=\"article:published_time\" content=\"2020-12-21T17:41:44+00:00\" \/>\n<meta property=\"article:modified_time\" content=\"2025-08-06T19:16:05+00:00\" \/>\n<meta property=\"og:image\" content=\"https:\/\/weiku.com.br\/wp-content\/uploads\/2020\/12\/weiku-janelas-portas-pvc-capa-1.jpg\" \/>\n\t<meta property=\"og:image:width\" content=\"880\" \/>\n\t<meta property=\"og:image:height\" content=\"420\" \/>\n\t<meta property=\"og:image:type\" content=\"image\/jpeg\" \/>\n<meta name=\"author\" content=\"Mateus Fernandes\" \/>\n<meta name=\"twitter:card\" content=\"summary_large_image\" \/>\n<meta name=\"twitter:label1\" content=\"Escrito por\" \/>\n\t<meta name=\"twitter:data1\" content=\"Mateus Fernandes\" \/>\n\t<meta name=\"twitter:label2\" content=\"Tiempo de lectura\" \/>\n\t<meta name=\"twitter:data2\" content=\"1 minuto\" \/>\n<script type=\"application\/ld+json\" class=\"yoast-schema-graph\">{\"@context\":\"https:\\\/\\\/schema.org\",\"@graph\":[{\"@type\":\"Article\",\"@id\":\"https:\\\/\\\/weiku.com.br\\\/es\\\/estanquidad-la-tranquilidad-del-sellado-en-puertas-y-ventanas\\\/#article\",\"isPartOf\":{\"@id\":\"https:\\\/\\\/weiku.com.br\\\/es\\\/estanquidad-la-tranquilidad-del-sellado-en-puertas-y-ventanas\\\/\"},\"author\":{\"name\":\"Mateus Fernandes\",\"@id\":\"https:\\\/\\\/weiku.com.br\\\/es\\\/#\\\/schema\\\/person\\\/a15df1b49db4f0c34776a50f6a0ba70d\"},\"headline\":\"Estanquidad: la tranquilidad del sellado en puertas y ventanas\",\"datePublished\":\"2020-12-21T17:41:44+00:00\",\"dateModified\":\"2025-08-06T19:16:05+00:00\",\"mainEntityOfPage\":{\"@id\":\"https:\\\/\\\/weiku.com.br\\\/es\\\/estanquidad-la-tranquilidad-del-sellado-en-puertas-y-ventanas\\\/\"},\"wordCount\":190,\"commentCount\":0,\"image\":{\"@id\":\"https:\\\/\\\/weiku.com.br\\\/es\\\/estanquidad-la-tranquilidad-del-sellado-en-puertas-y-ventanas\\\/#primaryimage\"},\"thumbnailUrl\":\"https:\\\/\\\/weiku.com.br\\\/wp-content\\\/uploads\\\/2020\\\/12\\\/weiku-janelas-portas-pvc-capa-1.jpg\",\"inLanguage\":\"es\",\"potentialAction\":[{\"@type\":\"CommentAction\",\"name\":\"Comment\",\"target\":[\"https:\\\/\\\/weiku.com.br\\\/es\\\/estanquidad-la-tranquilidad-del-sellado-en-puertas-y-ventanas\\\/#respond\"]}]},{\"@type\":\"WebPage\",\"@id\":\"https:\\\/\\\/weiku.com.br\\\/es\\\/estanquidad-la-tranquilidad-del-sellado-en-puertas-y-ventanas\\\/\",\"url\":\"https:\\\/\\\/weiku.com.br\\\/es\\\/estanquidad-la-tranquilidad-del-sellado-en-puertas-y-ventanas\\\/\",\"name\":\"Estanquidad: la tranquilidad del sellado en puertas y ventanas - Weiku\",\"isPartOf\":{\"@id\":\"https:\\\/\\\/weiku.com.br\\\/es\\\/#website\"},\"primaryImageOfPage\":{\"@id\":\"https:\\\/\\\/weiku.com.br\\\/es\\\/estanquidad-la-tranquilidad-del-sellado-en-puertas-y-ventanas\\\/#primaryimage\"},\"image\":{\"@id\":\"https:\\\/\\\/weiku.com.br\\\/es\\\/estanquidad-la-tranquilidad-del-sellado-en-puertas-y-ventanas\\\/#primaryimage\"},\"thumbnailUrl\":\"https:\\\/\\\/weiku.com.br\\\/wp-content\\\/uploads\\\/2020\\\/12\\\/weiku-janelas-portas-pvc-capa-1.jpg\",\"datePublished\":\"2020-12-21T17:41:44+00:00\",\"dateModified\":\"2025-08-06T19:16:05+00:00\",\"author\":{\"@id\":\"https:\\\/\\\/weiku.com.br\\\/es\\\/#\\\/schema\\\/person\\\/a15df1b49db4f0c34776a50f6a0ba70d\"},\"breadcrumb\":{\"@id\":\"https:\\\/\\\/weiku.com.br\\\/es\\\/estanquidad-la-tranquilidad-del-sellado-en-puertas-y-ventanas\\\/#breadcrumb\"},\"inLanguage\":\"es\",\"potentialAction\":[{\"@type\":\"ReadAction\",\"target\":[\"https:\\\/\\\/weiku.com.br\\\/es\\\/estanquidad-la-tranquilidad-del-sellado-en-puertas-y-ventanas\\\/\"]}]},{\"@type\":\"ImageObject\",\"inLanguage\":\"es\",\"@id\":\"https:\\\/\\\/weiku.com.br\\\/es\\\/estanquidad-la-tranquilidad-del-sellado-en-puertas-y-ventanas\\\/#primaryimage\",\"url\":\"https:\\\/\\\/weiku.com.br\\\/wp-content\\\/uploads\\\/2020\\\/12\\\/weiku-janelas-portas-pvc-capa-1.jpg\",\"contentUrl\":\"https:\\\/\\\/weiku.com.br\\\/wp-content\\\/uploads\\\/2020\\\/12\\\/weiku-janelas-portas-pvc-capa-1.jpg\",\"width\":880,\"height\":420},{\"@type\":\"BreadcrumbList\",\"@id\":\"https:\\\/\\\/weiku.com.br\\\/es\\\/estanquidad-la-tranquilidad-del-sellado-en-puertas-y-ventanas\\\/#breadcrumb\",\"itemListElement\":[{\"@type\":\"ListItem\",\"position\":1,\"name\":\"In\u00edcio\",\"item\":\"https:\\\/\\\/weiku.com.br\\\/es\\\/\"},{\"@type\":\"ListItem\",\"position\":2,\"name\":\"Estanquidad: la tranquilidad del sellado en puertas y ventanas\"}]},{\"@type\":\"WebSite\",\"@id\":\"https:\\\/\\\/weiku.com.br\\\/es\\\/#website\",\"url\":\"https:\\\/\\\/weiku.com.br\\\/es\\\/\",\"name\":\"Weiku\",\"description\":\"Esquadrias de PVC - Weiku do Brasil\",\"potentialAction\":[{\"@type\":\"SearchAction\",\"target\":{\"@type\":\"EntryPoint\",\"urlTemplate\":\"https:\\\/\\\/weiku.com.br\\\/es\\\/?s={search_term_string}\"},\"query-input\":{\"@type\":\"PropertyValueSpecification\",\"valueRequired\":true,\"valueName\":\"search_term_string\"}}],\"inLanguage\":\"es\"},{\"@type\":\"Person\",\"@id\":\"https:\\\/\\\/weiku.com.br\\\/es\\\/#\\\/schema\\\/person\\\/a15df1b49db4f0c34776a50f6a0ba70d\",\"name\":\"Mateus Fernandes\",\"image\":{\"@type\":\"ImageObject\",\"inLanguage\":\"es\",\"@id\":\"https:\\\/\\\/weiku.com.br\\\/wp-content\\\/litespeed\\\/avatar\\\/900ee9f544fa1ea84bffb5ef4c3394f3.jpg?ver=1777254458\",\"url\":\"https:\\\/\\\/weiku.com.br\\\/wp-content\\\/litespeed\\\/avatar\\\/900ee9f544fa1ea84bffb5ef4c3394f3.jpg?ver=1777254458\",\"contentUrl\":\"https:\\\/\\\/weiku.com.br\\\/wp-content\\\/litespeed\\\/avatar\\\/900ee9f544fa1ea84bffb5ef4c3394f3.jpg?ver=1777254458\",\"caption\":\"Mateus Fernandes\"},\"sameAs\":[\"http:\\\/\\\/www.weiku.com.br\"],\"url\":\"https:\\\/\\\/weiku.com.br\\\/es\\\/author\\\/mateus\\\/\"}]}<\/script>\n<!-- \/ Yoast SEO plugin. -->","yoast_head_json":{"title":"Estanquidad: la tranquilidad del sellado en puertas y ventanas - Weiku","robots":{"index":"index","follow":"follow","max-snippet":"max-snippet:-1","max-image-preview":"max-image-preview:large","max-video-preview":"max-video-preview:-1"},"canonical":"https:\/\/weiku.com.br\/es\/estanquidad-la-tranquilidad-del-sellado-en-puertas-y-ventanas\/","og_locale":"es_ES","og_type":"article","og_title":"Estanquidad: la tranquilidad del sellado en puertas y ventanas - Weiku","og_description":"Cuando pensamos en una obra, queremos la tranquilidad de un ambiente relajante despu\u00e9s de su finalizaci\u00f3n. Las ventanas y puertas de PVC, adem\u00e1s de aportar ligereza e iluminaci\u00f3n natural a los ambientes, tambi\u00e9n destacan por la cuesti\u00f3n de la estanquidad, completando as\u00ed todo lo que pedimos. La estanquidad es posible gracias a las esquinas soldadas, [&hellip;]","og_url":"https:\/\/weiku.com.br\/es\/estanquidad-la-tranquilidad-del-sellado-en-puertas-y-ventanas\/","og_site_name":"Weiku","article_published_time":"2020-12-21T17:41:44+00:00","article_modified_time":"2025-08-06T19:16:05+00:00","og_image":[{"width":880,"height":420,"url":"https:\/\/weiku.com.br\/wp-content\/uploads\/2020\/12\/weiku-janelas-portas-pvc-capa-1.jpg","type":"image\/jpeg"}],"author":"Mateus Fernandes","twitter_card":"summary_large_image","twitter_misc":{"Escrito por":"Mateus Fernandes","Tiempo de lectura":"1 minuto"},"schema":{"@context":"https:\/\/schema.org","@graph":[{"@type":"Article","@id":"https:\/\/weiku.com.br\/es\/estanquidad-la-tranquilidad-del-sellado-en-puertas-y-ventanas\/#article","isPartOf":{"@id":"https:\/\/weiku.com.br\/es\/estanquidad-la-tranquilidad-del-sellado-en-puertas-y-ventanas\/"},"author":{"name":"Mateus Fernandes","@id":"https:\/\/weiku.com.br\/es\/#\/schema\/person\/a15df1b49db4f0c34776a50f6a0ba70d"},"headline":"Estanquidad: la tranquilidad del sellado en puertas y ventanas","datePublished":"2020-12-21T17:41:44+00:00","dateModified":"2025-08-06T19:16:05+00:00","mainEntityOfPage":{"@id":"https:\/\/weiku.com.br\/es\/estanquidad-la-tranquilidad-del-sellado-en-puertas-y-ventanas\/"},"wordCount":190,"commentCount":0,"image":{"@id":"https:\/\/weiku.com.br\/es\/estanquidad-la-tranquilidad-del-sellado-en-puertas-y-ventanas\/#primaryimage"},"thumbnailUrl":"https:\/\/weiku.com.br\/wp-content\/uploads\/2020\/12\/weiku-janelas-portas-pvc-capa-1.jpg","inLanguage":"es","potentialAction":[{"@type":"CommentAction","name":"Comment","target":["https:\/\/weiku.com.br\/es\/estanquidad-la-tranquilidad-del-sellado-en-puertas-y-ventanas\/#respond"]}]},{"@type":"WebPage","@id":"https:\/\/weiku.com.br\/es\/estanquidad-la-tranquilidad-del-sellado-en-puertas-y-ventanas\/","url":"https:\/\/weiku.com.br\/es\/estanquidad-la-tranquilidad-del-sellado-en-puertas-y-ventanas\/","name":"Estanquidad: la tranquilidad del sellado en puertas y ventanas - Weiku","isPartOf":{"@id":"https:\/\/weiku.com.br\/es\/#website"},"primaryImageOfPage":{"@id":"https:\/\/weiku.com.br\/es\/estanquidad-la-tranquilidad-del-sellado-en-puertas-y-ventanas\/#primaryimage"},"image":{"@id":"https:\/\/weiku.com.br\/es\/estanquidad-la-tranquilidad-del-sellado-en-puertas-y-ventanas\/#primaryimage"},"thumbnailUrl":"https:\/\/weiku.com.br\/wp-content\/uploads\/2020\/12\/weiku-janelas-portas-pvc-capa-1.jpg","datePublished":"2020-12-21T17:41:44+00:00","dateModified":"2025-08-06T19:16:05+00:00","author":{"@id":"https:\/\/weiku.com.br\/es\/#\/schema\/person\/a15df1b49db4f0c34776a50f6a0ba70d"},"breadcrumb":{"@id":"https:\/\/weiku.com.br\/es\/estanquidad-la-tranquilidad-del-sellado-en-puertas-y-ventanas\/#breadcrumb"},"inLanguage":"es","potentialAction":[{"@type":"ReadAction","target":["https:\/\/weiku.com.br\/es\/estanquidad-la-tranquilidad-del-sellado-en-puertas-y-ventanas\/"]}]},{"@type":"ImageObject","inLanguage":"es","@id":"https:\/\/weiku.com.br\/es\/estanquidad-la-tranquilidad-del-sellado-en-puertas-y-ventanas\/#primaryimage","url":"https:\/\/weiku.com.br\/wp-content\/uploads\/2020\/12\/weiku-janelas-portas-pvc-capa-1.jpg","contentUrl":"https:\/\/weiku.com.br\/wp-content\/uploads\/2020\/12\/weiku-janelas-portas-pvc-capa-1.jpg","width":880,"height":420},{"@type":"BreadcrumbList","@id":"https:\/\/weiku.com.br\/es\/estanquidad-la-tranquilidad-del-sellado-en-puertas-y-ventanas\/#breadcrumb","itemListElement":[{"@type":"ListItem","position":1,"name":"In\u00edcio","item":"https:\/\/weiku.com.br\/es\/"},{"@type":"ListItem","position":2,"name":"Estanquidad: la tranquilidad del sellado en puertas y ventanas"}]},{"@type":"WebSite","@id":"https:\/\/weiku.com.br\/es\/#website","url":"https:\/\/weiku.com.br\/es\/","name":"Weiku","description":"Esquadrias de PVC - Weiku do Brasil","potentialAction":[{"@type":"SearchAction","target":{"@type":"EntryPoint","urlTemplate":"https:\/\/weiku.com.br\/es\/?s={search_term_string}"},"query-input":{"@type":"PropertyValueSpecification","valueRequired":true,"valueName":"search_term_string"}}],"inLanguage":"es"},{"@type":"Person","@id":"https:\/\/weiku.com.br\/es\/#\/schema\/person\/a15df1b49db4f0c34776a50f6a0ba70d","name":"Mateus Fernandes","image":{"@type":"ImageObject","inLanguage":"es","@id":"https:\/\/weiku.com.br\/wp-content\/litespeed\/avatar\/900ee9f544fa1ea84bffb5ef4c3394f3.jpg?ver=1777254458","url":"https:\/\/weiku.com.br\/wp-content\/litespeed\/avatar\/900ee9f544fa1ea84bffb5ef4c3394f3.jpg?ver=1777254458","contentUrl":"https:\/\/weiku.com.br\/wp-content\/litespeed\/avatar\/900ee9f544fa1ea84bffb5ef4c3394f3.jpg?ver=1777254458","caption":"Mateus Fernandes"},"sameAs":["http:\/\/www.weiku.com.br"],"url":"https:\/\/weiku.com.br\/es\/author\/mateus\/"}]}},"_links":{"self":[{"href":"https:\/\/weiku.com.br\/es\/wp-json\/wp\/v2\/posts\/32566","targetHints":{"allow":["GET"]}}],"collection":[{"href":"https:\/\/weiku.com.br\/es\/wp-json\/wp\/v2\/posts"}],"about":[{"href":"https:\/\/weiku.com.br\/es\/wp-json\/wp\/v2\/types\/post"}],"author":[{"embeddable":true,"href":"https:\/\/weiku.com.br\/es\/wp-json\/wp\/v2\/users\/35"}],"replies":[{"embeddable":true,"href":"https:\/\/weiku.com.br\/es\/wp-json\/wp\/v2\/comments?post=32566"}],"version-history":[{"count":1,"href":"https:\/\/weiku.com.br\/es\/wp-json\/wp\/v2\/posts\/32566\/revisions"}],"predecessor-version":[{"id":32567,"href":"https:\/\/weiku.com.br\/es\/wp-json\/wp\/v2\/posts\/32566\/revisions\/32567"}],"wp:featuredmedia":[{"embeddable":true,"href":"https:\/\/weiku.com.br\/es\/wp-json\/wp\/v2\/media\/29377"}],"wp:attachment":[{"href":"https:\/\/weiku.com.br\/es\/wp-json\/wp\/v2\/media?parent=32566"}],"wp:term":[{"taxonomy":"category","embeddable":true,"href":"https:\/\/weiku.com.br\/es\/wp-json\/wp\/v2\/categories?post=32566"},{"taxonomy":"post_tag","embeddable":true,"href":"https:\/\/weiku.com.br\/es\/wp-json\/wp\/v2\/tags?post=32566"}],"curies":[{"name":"wp","href":"https:\/\/api.w.org\/{rel}","templated":true}]}}