{"id":32562,"date":"2021-02-04T07:58:05","date_gmt":"2021-02-04T10:58:05","guid":{"rendered":"https:\/\/weiku.com.br\/micro-persianas-entre-vidrios-colores-a-tu-disposicion\/"},"modified":"2025-08-06T16:03:46","modified_gmt":"2025-08-06T19:03:46","slug":"micro-persianas-entre-vidrios-colores-a-tu-disposicion","status":"publish","type":"post","link":"https:\/\/weiku.com.br\/es\/micro-persianas-entre-vidrios-colores-a-tu-disposicion\/","title":{"rendered":"Micro persianas entre vidrios: colores a tu disposici\u00f3n"},"content":{"rendered":"\n<figure class=\"wp-block-image size-large\"><img loading=\"lazy\" decoding=\"async\" width=\"880\" height=\"600\" src=\"https:\/\/weiku.com.br\/wp-content\/uploads\/2021\/02\/janelas-portas-pvc-persiana-entre-vidros-3-1.jpg\" alt=\"\" class=\"wp-image-8944\" srcset=\"https:\/\/weiku.com.br\/wp-content\/uploads\/2021\/02\/janelas-portas-pvc-persiana-entre-vidros-3-1.jpg 880w, https:\/\/weiku.com.br\/wp-content\/uploads\/2021\/02\/janelas-portas-pvc-persiana-entre-vidros-3-1-300x205.jpg 300w, https:\/\/weiku.com.br\/wp-content\/uploads\/2021\/02\/janelas-portas-pvc-persiana-entre-vidros-3-1-768x524.jpg 768w\" sizes=\"auto, (max-width: 880px) 100vw, 880px\" \/><\/figure>\n\n<p>Distintas de las persianas convencionales, las micro persianas entre vidrios son un producto completo. Adem\u00e1s de regular el paso de luz externa, tambi\u00e9n ayudan en el confort t\u00e9rmico sin olvidar el toque de personalidad. Y, cuando se trata de esto, Weiku do Brasil tambi\u00e9n ofrece m\u00e1s opciones a sus clientes.  <\/p>\n\n<figure class=\"wp-block-image size-large\"><img loading=\"lazy\" decoding=\"async\" width=\"880\" height=\"600\" src=\"https:\/\/weiku.com.br\/wp-content\/uploads\/2021\/02\/janelas-portas-pvc-persiana-entre-vidros-4-1.jpg\" alt=\"\" class=\"wp-image-8945\" srcset=\"https:\/\/weiku.com.br\/wp-content\/uploads\/2021\/02\/janelas-portas-pvc-persiana-entre-vidros-4-1.jpg 880w, https:\/\/weiku.com.br\/wp-content\/uploads\/2021\/02\/janelas-portas-pvc-persiana-entre-vidros-4-1-300x205.jpg 300w, https:\/\/weiku.com.br\/wp-content\/uploads\/2021\/02\/janelas-portas-pvc-persiana-entre-vidros-4-1-768x524.jpg 768w\" sizes=\"auto, (max-width: 880px) 100vw, 880px\" \/><\/figure>\n\n<p>Blanco, plata y beige son los colores disponibles para personalizar tus persianas entre vidrios. Bajo consulta, tambi\u00e9n se puede elegir el color negro. As\u00ed, tus ventanas y puertas, adem\u00e1s de no requerir mantenimiento, tambi\u00e9n aportan a la decoraci\u00f3n de tus ambientes, ya sean residenciales o comerciales.  <\/p>\n\n<figure class=\"wp-block-image size-large\"><img decoding=\"async\" src=\"https:\/\/weiku.com.br\/wp-content\/uploads\/2021\/02\/janelas-portas-pvc-persiana-entre-vidros-2-1.jpg\" alt=\"\" class=\"wp-image-8946\"\/><\/figure>\n\n<p>Hablando de asepsia, en este momento en que vivimos una pandemia mundial, cuidar la higiene y limpieza de los espacios, buscando el bienestar y la salud de quienes circulan por ellos, nunca fue tan necesario. Al permanecer selladas en c\u00e1mara, sin entrada ni salida de aire, y evitando la presencia de polvo y vapor, las persianas mantienen su desempe\u00f1o por largos per\u00edodos, con la ventaja de que la limpieza es s\u00f3lo de los vidrios. <\/p>\n\n<p><\/p>\n\n<pre class=\"wp-block-preformatted\"><\/pre>\n","protected":false},"excerpt":{"rendered":"<p>Distintas de las persianas convencionales, las micro persianas entre vidrios son un producto completo. Adem\u00e1s de regular el paso de luz externa, tambi\u00e9n ayudan en el confort t\u00e9rmico sin olvidar el toque de personalidad. Y, cuando se trata de esto, Weiku do Brasil tambi\u00e9n ofrece m\u00e1s opciones a sus clientes. Blanco, plata y beige son [&hellip;]<\/p>\n","protected":false},"author":35,"featured_media":29381,"comment_status":"open","ping_status":"open","sticky":false,"template":"","format":"standard","meta":{"_acf_changed":false,"footnotes":""},"categories":[743],"tags":[886,884,887,841,885,883],"class_list":["post-32562","post","type-post","status-publish","format-standard","has-post-thumbnail","hentry","category-sin-categoria","tag-micro-persiana-es","tag-pvc-es","tag-pvcweiku-es","tag-tecnologia-es","tag-ventanasypuertas","tag-weiku-es"],"acf":[],"yoast_head":"<!-- This site is optimized with the Yoast SEO plugin v27.3 - https:\/\/yoast.com\/product\/yoast-seo-wordpress\/ -->\n<title>Micro persianas entre vidrios: colores a tu disposici\u00f3n - Weiku<\/title>\n<meta name=\"robots\" content=\"index, follow, max-snippet:-1, max-image-preview:large, max-video-preview:-1\" \/>\n<link rel=\"canonical\" href=\"https:\/\/weiku.com.br\/es\/micro-persianas-entre-vidrios-colores-a-tu-disposicion\/\" \/>\n<meta property=\"og:locale\" content=\"es_ES\" \/>\n<meta property=\"og:type\" content=\"article\" \/>\n<meta property=\"og:title\" content=\"Micro persianas entre vidrios: colores a tu disposici\u00f3n - Weiku\" \/>\n<meta property=\"og:description\" content=\"Distintas de las persianas convencionales, las micro persianas entre vidrios son un producto completo. Adem\u00e1s de regular el paso de luz externa, tambi\u00e9n ayudan en el confort t\u00e9rmico sin olvidar el toque de personalidad. Y, cuando se trata de esto, Weiku do Brasil tambi\u00e9n ofrece m\u00e1s opciones a sus clientes. Blanco, plata y beige son [&hellip;]\" \/>\n<meta property=\"og:url\" content=\"https:\/\/weiku.com.br\/es\/micro-persianas-entre-vidrios-colores-a-tu-disposicion\/\" \/>\n<meta property=\"og:site_name\" content=\"Weiku\" \/>\n<meta property=\"article:published_time\" content=\"2021-02-04T10:58:05+00:00\" \/>\n<meta property=\"article:modified_time\" content=\"2025-08-06T19:03:46+00:00\" \/>\n<meta property=\"og:image\" content=\"https:\/\/weiku.com.br\/wp-content\/uploads\/2021\/02\/weiku-janelas-portas-pvc-capa-PERSIANA-2.jpg\" \/>\n\t<meta property=\"og:image:width\" content=\"880\" \/>\n\t<meta property=\"og:image:height\" content=\"420\" \/>\n\t<meta property=\"og:image:type\" content=\"image\/jpeg\" \/>\n<meta name=\"author\" content=\"Mateus Fernandes\" \/>\n<meta name=\"twitter:card\" content=\"summary_large_image\" \/>\n<meta name=\"twitter:label1\" content=\"Escrito por\" \/>\n\t<meta name=\"twitter:data1\" content=\"Mateus Fernandes\" \/>\n\t<meta name=\"twitter:label2\" content=\"Tiempo de lectura\" \/>\n\t<meta name=\"twitter:data2\" content=\"1 minuto\" \/>\n<script type=\"application\/ld+json\" class=\"yoast-schema-graph\">{\"@context\":\"https:\\\/\\\/schema.org\",\"@graph\":[{\"@type\":\"Article\",\"@id\":\"https:\\\/\\\/weiku.com.br\\\/es\\\/micro-persianas-entre-vidrios-colores-a-tu-disposicion\\\/#article\",\"isPartOf\":{\"@id\":\"https:\\\/\\\/weiku.com.br\\\/es\\\/micro-persianas-entre-vidrios-colores-a-tu-disposicion\\\/\"},\"author\":{\"name\":\"Mateus Fernandes\",\"@id\":\"https:\\\/\\\/weiku.com.br\\\/es\\\/#\\\/schema\\\/person\\\/a15df1b49db4f0c34776a50f6a0ba70d\"},\"headline\":\"Micro persianas entre vidrios: colores a tu disposici\u00f3n\",\"datePublished\":\"2021-02-04T10:58:05+00:00\",\"dateModified\":\"2025-08-06T19:03:46+00:00\",\"mainEntityOfPage\":{\"@id\":\"https:\\\/\\\/weiku.com.br\\\/es\\\/micro-persianas-entre-vidrios-colores-a-tu-disposicion\\\/\"},\"wordCount\":192,\"commentCount\":0,\"image\":{\"@id\":\"https:\\\/\\\/weiku.com.br\\\/es\\\/micro-persianas-entre-vidrios-colores-a-tu-disposicion\\\/#primaryimage\"},\"thumbnailUrl\":\"https:\\\/\\\/weiku.com.br\\\/wp-content\\\/uploads\\\/2021\\\/02\\\/weiku-janelas-portas-pvc-capa-PERSIANA-2.jpg\",\"keywords\":[\"micro persiana\",\"PVC\",\"pvcweiku\",\"tecnolog\u00eda\",\"ventanasypuertas\",\"Weiku\"],\"inLanguage\":\"es\",\"potentialAction\":[{\"@type\":\"CommentAction\",\"name\":\"Comment\",\"target\":[\"https:\\\/\\\/weiku.com.br\\\/es\\\/micro-persianas-entre-vidrios-colores-a-tu-disposicion\\\/#respond\"]}]},{\"@type\":\"WebPage\",\"@id\":\"https:\\\/\\\/weiku.com.br\\\/es\\\/micro-persianas-entre-vidrios-colores-a-tu-disposicion\\\/\",\"url\":\"https:\\\/\\\/weiku.com.br\\\/es\\\/micro-persianas-entre-vidrios-colores-a-tu-disposicion\\\/\",\"name\":\"Micro persianas entre vidrios: colores a tu disposici\u00f3n - Weiku\",\"isPartOf\":{\"@id\":\"https:\\\/\\\/weiku.com.br\\\/es\\\/#website\"},\"primaryImageOfPage\":{\"@id\":\"https:\\\/\\\/weiku.com.br\\\/es\\\/micro-persianas-entre-vidrios-colores-a-tu-disposicion\\\/#primaryimage\"},\"image\":{\"@id\":\"https:\\\/\\\/weiku.com.br\\\/es\\\/micro-persianas-entre-vidrios-colores-a-tu-disposicion\\\/#primaryimage\"},\"thumbnailUrl\":\"https:\\\/\\\/weiku.com.br\\\/wp-content\\\/uploads\\\/2021\\\/02\\\/weiku-janelas-portas-pvc-capa-PERSIANA-2.jpg\",\"datePublished\":\"2021-02-04T10:58:05+00:00\",\"dateModified\":\"2025-08-06T19:03:46+00:00\",\"author\":{\"@id\":\"https:\\\/\\\/weiku.com.br\\\/es\\\/#\\\/schema\\\/person\\\/a15df1b49db4f0c34776a50f6a0ba70d\"},\"breadcrumb\":{\"@id\":\"https:\\\/\\\/weiku.com.br\\\/es\\\/micro-persianas-entre-vidrios-colores-a-tu-disposicion\\\/#breadcrumb\"},\"inLanguage\":\"es\",\"potentialAction\":[{\"@type\":\"ReadAction\",\"target\":[\"https:\\\/\\\/weiku.com.br\\\/es\\\/micro-persianas-entre-vidrios-colores-a-tu-disposicion\\\/\"]}]},{\"@type\":\"ImageObject\",\"inLanguage\":\"es\",\"@id\":\"https:\\\/\\\/weiku.com.br\\\/es\\\/micro-persianas-entre-vidrios-colores-a-tu-disposicion\\\/#primaryimage\",\"url\":\"https:\\\/\\\/weiku.com.br\\\/wp-content\\\/uploads\\\/2021\\\/02\\\/weiku-janelas-portas-pvc-capa-PERSIANA-2.jpg\",\"contentUrl\":\"https:\\\/\\\/weiku.com.br\\\/wp-content\\\/uploads\\\/2021\\\/02\\\/weiku-janelas-portas-pvc-capa-PERSIANA-2.jpg\",\"width\":880,\"height\":420},{\"@type\":\"BreadcrumbList\",\"@id\":\"https:\\\/\\\/weiku.com.br\\\/es\\\/micro-persianas-entre-vidrios-colores-a-tu-disposicion\\\/#breadcrumb\",\"itemListElement\":[{\"@type\":\"ListItem\",\"position\":1,\"name\":\"In\u00edcio\",\"item\":\"https:\\\/\\\/weiku.com.br\\\/es\\\/\"},{\"@type\":\"ListItem\",\"position\":2,\"name\":\"Micro persianas entre vidrios: colores a tu disposici\u00f3n\"}]},{\"@type\":\"WebSite\",\"@id\":\"https:\\\/\\\/weiku.com.br\\\/es\\\/#website\",\"url\":\"https:\\\/\\\/weiku.com.br\\\/es\\\/\",\"name\":\"Weiku\",\"description\":\"Esquadrias de PVC - Weiku do Brasil\",\"potentialAction\":[{\"@type\":\"SearchAction\",\"target\":{\"@type\":\"EntryPoint\",\"urlTemplate\":\"https:\\\/\\\/weiku.com.br\\\/es\\\/?s={search_term_string}\"},\"query-input\":{\"@type\":\"PropertyValueSpecification\",\"valueRequired\":true,\"valueName\":\"search_term_string\"}}],\"inLanguage\":\"es\"},{\"@type\":\"Person\",\"@id\":\"https:\\\/\\\/weiku.com.br\\\/es\\\/#\\\/schema\\\/person\\\/a15df1b49db4f0c34776a50f6a0ba70d\",\"name\":\"Mateus Fernandes\",\"image\":{\"@type\":\"ImageObject\",\"inLanguage\":\"es\",\"@id\":\"https:\\\/\\\/weiku.com.br\\\/wp-content\\\/litespeed\\\/avatar\\\/900ee9f544fa1ea84bffb5ef4c3394f3.jpg?ver=1777254458\",\"url\":\"https:\\\/\\\/weiku.com.br\\\/wp-content\\\/litespeed\\\/avatar\\\/900ee9f544fa1ea84bffb5ef4c3394f3.jpg?ver=1777254458\",\"contentUrl\":\"https:\\\/\\\/weiku.com.br\\\/wp-content\\\/litespeed\\\/avatar\\\/900ee9f544fa1ea84bffb5ef4c3394f3.jpg?ver=1777254458\",\"caption\":\"Mateus Fernandes\"},\"sameAs\":[\"http:\\\/\\\/www.weiku.com.br\"],\"url\":\"https:\\\/\\\/weiku.com.br\\\/es\\\/author\\\/mateus\\\/\"}]}<\/script>\n<!-- \/ Yoast SEO plugin. -->","yoast_head_json":{"title":"Micro persianas entre vidrios: colores a tu disposici\u00f3n - Weiku","robots":{"index":"index","follow":"follow","max-snippet":"max-snippet:-1","max-image-preview":"max-image-preview:large","max-video-preview":"max-video-preview:-1"},"canonical":"https:\/\/weiku.com.br\/es\/micro-persianas-entre-vidrios-colores-a-tu-disposicion\/","og_locale":"es_ES","og_type":"article","og_title":"Micro persianas entre vidrios: colores a tu disposici\u00f3n - Weiku","og_description":"Distintas de las persianas convencionales, las micro persianas entre vidrios son un producto completo. Adem\u00e1s de regular el paso de luz externa, tambi\u00e9n ayudan en el confort t\u00e9rmico sin olvidar el toque de personalidad. Y, cuando se trata de esto, Weiku do Brasil tambi\u00e9n ofrece m\u00e1s opciones a sus clientes. Blanco, plata y beige son [&hellip;]","og_url":"https:\/\/weiku.com.br\/es\/micro-persianas-entre-vidrios-colores-a-tu-disposicion\/","og_site_name":"Weiku","article_published_time":"2021-02-04T10:58:05+00:00","article_modified_time":"2025-08-06T19:03:46+00:00","og_image":[{"width":880,"height":420,"url":"https:\/\/weiku.com.br\/wp-content\/uploads\/2021\/02\/weiku-janelas-portas-pvc-capa-PERSIANA-2.jpg","type":"image\/jpeg"}],"author":"Mateus Fernandes","twitter_card":"summary_large_image","twitter_misc":{"Escrito por":"Mateus Fernandes","Tiempo de lectura":"1 minuto"},"schema":{"@context":"https:\/\/schema.org","@graph":[{"@type":"Article","@id":"https:\/\/weiku.com.br\/es\/micro-persianas-entre-vidrios-colores-a-tu-disposicion\/#article","isPartOf":{"@id":"https:\/\/weiku.com.br\/es\/micro-persianas-entre-vidrios-colores-a-tu-disposicion\/"},"author":{"name":"Mateus Fernandes","@id":"https:\/\/weiku.com.br\/es\/#\/schema\/person\/a15df1b49db4f0c34776a50f6a0ba70d"},"headline":"Micro persianas entre vidrios: colores a tu disposici\u00f3n","datePublished":"2021-02-04T10:58:05+00:00","dateModified":"2025-08-06T19:03:46+00:00","mainEntityOfPage":{"@id":"https:\/\/weiku.com.br\/es\/micro-persianas-entre-vidrios-colores-a-tu-disposicion\/"},"wordCount":192,"commentCount":0,"image":{"@id":"https:\/\/weiku.com.br\/es\/micro-persianas-entre-vidrios-colores-a-tu-disposicion\/#primaryimage"},"thumbnailUrl":"https:\/\/weiku.com.br\/wp-content\/uploads\/2021\/02\/weiku-janelas-portas-pvc-capa-PERSIANA-2.jpg","keywords":["micro persiana","PVC","pvcweiku","tecnolog\u00eda","ventanasypuertas","Weiku"],"inLanguage":"es","potentialAction":[{"@type":"CommentAction","name":"Comment","target":["https:\/\/weiku.com.br\/es\/micro-persianas-entre-vidrios-colores-a-tu-disposicion\/#respond"]}]},{"@type":"WebPage","@id":"https:\/\/weiku.com.br\/es\/micro-persianas-entre-vidrios-colores-a-tu-disposicion\/","url":"https:\/\/weiku.com.br\/es\/micro-persianas-entre-vidrios-colores-a-tu-disposicion\/","name":"Micro persianas entre vidrios: colores a tu disposici\u00f3n - Weiku","isPartOf":{"@id":"https:\/\/weiku.com.br\/es\/#website"},"primaryImageOfPage":{"@id":"https:\/\/weiku.com.br\/es\/micro-persianas-entre-vidrios-colores-a-tu-disposicion\/#primaryimage"},"image":{"@id":"https:\/\/weiku.com.br\/es\/micro-persianas-entre-vidrios-colores-a-tu-disposicion\/#primaryimage"},"thumbnailUrl":"https:\/\/weiku.com.br\/wp-content\/uploads\/2021\/02\/weiku-janelas-portas-pvc-capa-PERSIANA-2.jpg","datePublished":"2021-02-04T10:58:05+00:00","dateModified":"2025-08-06T19:03:46+00:00","author":{"@id":"https:\/\/weiku.com.br\/es\/#\/schema\/person\/a15df1b49db4f0c34776a50f6a0ba70d"},"breadcrumb":{"@id":"https:\/\/weiku.com.br\/es\/micro-persianas-entre-vidrios-colores-a-tu-disposicion\/#breadcrumb"},"inLanguage":"es","potentialAction":[{"@type":"ReadAction","target":["https:\/\/weiku.com.br\/es\/micro-persianas-entre-vidrios-colores-a-tu-disposicion\/"]}]},{"@type":"ImageObject","inLanguage":"es","@id":"https:\/\/weiku.com.br\/es\/micro-persianas-entre-vidrios-colores-a-tu-disposicion\/#primaryimage","url":"https:\/\/weiku.com.br\/wp-content\/uploads\/2021\/02\/weiku-janelas-portas-pvc-capa-PERSIANA-2.jpg","contentUrl":"https:\/\/weiku.com.br\/wp-content\/uploads\/2021\/02\/weiku-janelas-portas-pvc-capa-PERSIANA-2.jpg","width":880,"height":420},{"@type":"BreadcrumbList","@id":"https:\/\/weiku.com.br\/es\/micro-persianas-entre-vidrios-colores-a-tu-disposicion\/#breadcrumb","itemListElement":[{"@type":"ListItem","position":1,"name":"In\u00edcio","item":"https:\/\/weiku.com.br\/es\/"},{"@type":"ListItem","position":2,"name":"Micro persianas entre vidrios: colores a tu disposici\u00f3n"}]},{"@type":"WebSite","@id":"https:\/\/weiku.com.br\/es\/#website","url":"https:\/\/weiku.com.br\/es\/","name":"Weiku","description":"Esquadrias de PVC - Weiku do Brasil","potentialAction":[{"@type":"SearchAction","target":{"@type":"EntryPoint","urlTemplate":"https:\/\/weiku.com.br\/es\/?s={search_term_string}"},"query-input":{"@type":"PropertyValueSpecification","valueRequired":true,"valueName":"search_term_string"}}],"inLanguage":"es"},{"@type":"Person","@id":"https:\/\/weiku.com.br\/es\/#\/schema\/person\/a15df1b49db4f0c34776a50f6a0ba70d","name":"Mateus Fernandes","image":{"@type":"ImageObject","inLanguage":"es","@id":"https:\/\/weiku.com.br\/wp-content\/litespeed\/avatar\/900ee9f544fa1ea84bffb5ef4c3394f3.jpg?ver=1777254458","url":"https:\/\/weiku.com.br\/wp-content\/litespeed\/avatar\/900ee9f544fa1ea84bffb5ef4c3394f3.jpg?ver=1777254458","contentUrl":"https:\/\/weiku.com.br\/wp-content\/litespeed\/avatar\/900ee9f544fa1ea84bffb5ef4c3394f3.jpg?ver=1777254458","caption":"Mateus Fernandes"},"sameAs":["http:\/\/www.weiku.com.br"],"url":"https:\/\/weiku.com.br\/es\/author\/mateus\/"}]}},"_links":{"self":[{"href":"https:\/\/weiku.com.br\/es\/wp-json\/wp\/v2\/posts\/32562","targetHints":{"allow":["GET"]}}],"collection":[{"href":"https:\/\/weiku.com.br\/es\/wp-json\/wp\/v2\/posts"}],"about":[{"href":"https:\/\/weiku.com.br\/es\/wp-json\/wp\/v2\/types\/post"}],"author":[{"embeddable":true,"href":"https:\/\/weiku.com.br\/es\/wp-json\/wp\/v2\/users\/35"}],"replies":[{"embeddable":true,"href":"https:\/\/weiku.com.br\/es\/wp-json\/wp\/v2\/comments?post=32562"}],"version-history":[{"count":1,"href":"https:\/\/weiku.com.br\/es\/wp-json\/wp\/v2\/posts\/32562\/revisions"}],"predecessor-version":[{"id":32563,"href":"https:\/\/weiku.com.br\/es\/wp-json\/wp\/v2\/posts\/32562\/revisions\/32563"}],"wp:featuredmedia":[{"embeddable":true,"href":"https:\/\/weiku.com.br\/es\/wp-json\/wp\/v2\/media\/29381"}],"wp:attachment":[{"href":"https:\/\/weiku.com.br\/es\/wp-json\/wp\/v2\/media?parent=32562"}],"wp:term":[{"taxonomy":"category","embeddable":true,"href":"https:\/\/weiku.com.br\/es\/wp-json\/wp\/v2\/categories?post=32562"},{"taxonomy":"post_tag","embeddable":true,"href":"https:\/\/weiku.com.br\/es\/wp-json\/wp\/v2\/tags?post=32562"}],"curies":[{"name":"wp","href":"https:\/\/api.w.org\/{rel}","templated":true}]}}