{"id":32539,"date":"2021-08-13T08:49:43","date_gmt":"2021-08-13T11:49:43","guid":{"rendered":"https:\/\/weiku.com.br\/capacitacion-weiku-un-espacio-dedicado-a-la-profesionalizacion\/"},"modified":"2025-08-06T14:04:07","modified_gmt":"2025-08-06T17:04:07","slug":"capacitacion-weiku-un-espacio-dedicado-a-la-profesionalizacion","status":"publish","type":"post","link":"https:\/\/weiku.com.br\/es\/capacitacion-weiku-un-espacio-dedicado-a-la-profesionalizacion\/","title":{"rendered":"Capacitaci\u00f3n Weiku: un espacio dedicado a la profesionalizaci\u00f3n"},"content":{"rendered":"\n<figure class=\"wp-block-image size-full\"><img decoding=\"async\" src=\"https:\/\/weiku.com.br\/wp-content\/uploads\/2021\/08\/treinamento-weiku-1-2.jpg\" alt=\"\" class=\"wp-image-13849\"\/><\/figure>\n\n<p><em>Hola amigos de la comunidad Weiku, hoy vamos a hablar sobre nuestro nuevo Centro de Capacitaci\u00f3n, un espacio totalmente dedicado a la formaci\u00f3n de nuestros profesionales.<\/em><\/p>\n\n<figure class=\"wp-block-image size-full\"><img decoding=\"async\" src=\"https:\/\/weiku.com.br\/wp-content\/uploads\/2021\/08\/treinamento-weiku-3-1.jpg\" alt=\"\" class=\"wp-image-13850\"\/><\/figure>\n\n<p>El nuevo centro de capacitaci\u00f3n est\u00e1 ubicado en la sede principal, en Pomerode, donde, durante una semana, los equipos t\u00e9cnicos de Weiku do Brasil reciben clases pr\u00e1cticas y te\u00f3ricas sobre todos los productos comercializados por la empresa.<\/p>\n\n<figure class=\"wp-block-image size-full\"><img decoding=\"async\" src=\"https:\/\/weiku.com.br\/wp-content\/uploads\/2021\/08\/treinamento-weiku-4-1.jpg\" alt=\"\" class=\"wp-image-13851\"\/><\/figure>\n\n<p>Actualmente, Weiku do Brasil cuenta con cerca de 70 equipos de instalaci\u00f3n en sus \u00e1reas de actuaci\u00f3n. Sin embargo, este n\u00famero se ampliar\u00e1 junto con el plan de expansi\u00f3n de la marca y todos los equipos, sin excepci\u00f3n, pasar\u00e1n por el nuevo Centro de Capacitaci\u00f3n, ya sea para aprender nuevas t\u00e9cnicas, actualizaci\u00f3n o reciclaje. <\/p>\n\n<figure class=\"wp-block-image size-full\"><img decoding=\"async\" src=\"https:\/\/weiku.com.br\/wp-content\/uploads\/2021\/08\/treinamento-weiku-2-1.jpg\" alt=\"\" class=\"wp-image-13854\"\/><\/figure>\n\n<p>Nuestro nuevo Centro de Capacitaci\u00f3n recibe a nuestros t\u00e9cnicos cada dos semanas, y nuestro objetivo es tener mayor calidad t\u00e9cnica en la instalaci\u00f3n, seguridad y una postura adecuada y asertiva cuando ingresamos a las casas\/empresas de nuestros clientes.<\/p>\n","protected":false},"excerpt":{"rendered":"<p>Hola amigos de la comunidad Weiku, hoy vamos a hablar sobre nuestro nuevo Centro de Capacitaci\u00f3n, un espacio totalmente dedicado a la formaci\u00f3n de nuestros profesionales. El nuevo centro de capacitaci\u00f3n est\u00e1 ubicado en la sede principal, en Pomerode, donde, durante una semana, los equipos t\u00e9cnicos de Weiku do Brasil reciben clases pr\u00e1cticas y te\u00f3ricas [&hellip;]<\/p>\n","protected":false},"author":35,"featured_media":30424,"comment_status":"closed","ping_status":"open","sticky":false,"template":"","format":"standard","meta":{"_acf_changed":false,"footnotes":""},"categories":[743],"tags":[],"class_list":["post-32539","post","type-post","status-publish","format-standard","has-post-thumbnail","hentry","category-sin-categoria"],"acf":[],"yoast_head":"<!-- This site is optimized with the Yoast SEO plugin v27.3 - https:\/\/yoast.com\/product\/yoast-seo-wordpress\/ -->\n<title>Capacitaci\u00f3n Weiku: un espacio dedicado a la profesionalizaci\u00f3n - Weiku<\/title>\n<meta name=\"robots\" content=\"index, follow, max-snippet:-1, max-image-preview:large, max-video-preview:-1\" \/>\n<link rel=\"canonical\" href=\"https:\/\/weiku.com.br\/es\/capacitacion-weiku-un-espacio-dedicado-a-la-profesionalizacion\/\" \/>\n<meta property=\"og:locale\" content=\"es_ES\" \/>\n<meta property=\"og:type\" content=\"article\" \/>\n<meta property=\"og:title\" content=\"Capacitaci\u00f3n Weiku: un espacio dedicado a la profesionalizaci\u00f3n - Weiku\" \/>\n<meta property=\"og:description\" content=\"Hola amigos de la comunidad Weiku, hoy vamos a hablar sobre nuestro nuevo Centro de Capacitaci\u00f3n, un espacio totalmente dedicado a la formaci\u00f3n de nuestros profesionales. El nuevo centro de capacitaci\u00f3n est\u00e1 ubicado en la sede principal, en Pomerode, donde, durante una semana, los equipos t\u00e9cnicos de Weiku do Brasil reciben clases pr\u00e1cticas y te\u00f3ricas [&hellip;]\" \/>\n<meta property=\"og:url\" content=\"https:\/\/weiku.com.br\/es\/capacitacion-weiku-un-espacio-dedicado-a-la-profesionalizacion\/\" \/>\n<meta property=\"og:site_name\" content=\"Weiku\" \/>\n<meta property=\"article:published_time\" content=\"2021-08-13T11:49:43+00:00\" \/>\n<meta property=\"article:modified_time\" content=\"2025-08-06T17:04:07+00:00\" \/>\n<meta property=\"og:image\" content=\"https:\/\/weiku.com.br\/wp-content\/uploads\/2021\/08\/treinamento-weiku-1-2.jpg\" \/>\n\t<meta property=\"og:image:width\" content=\"1024\" \/>\n\t<meta property=\"og:image:height\" content=\"736\" \/>\n\t<meta property=\"og:image:type\" content=\"image\/jpeg\" \/>\n<meta name=\"author\" content=\"Mateus Fernandes\" \/>\n<meta name=\"twitter:card\" content=\"summary_large_image\" \/>\n<meta name=\"twitter:label1\" content=\"Escrito por\" \/>\n\t<meta name=\"twitter:data1\" content=\"Mateus Fernandes\" \/>\n\t<meta name=\"twitter:label2\" content=\"Tiempo de lectura\" \/>\n\t<meta name=\"twitter:data2\" content=\"1 minuto\" \/>\n<script type=\"application\/ld+json\" class=\"yoast-schema-graph\">{\"@context\":\"https:\\\/\\\/schema.org\",\"@graph\":[{\"@type\":\"Article\",\"@id\":\"https:\\\/\\\/weiku.com.br\\\/es\\\/capacitacion-weiku-un-espacio-dedicado-a-la-profesionalizacion\\\/#article\",\"isPartOf\":{\"@id\":\"https:\\\/\\\/weiku.com.br\\\/es\\\/capacitacion-weiku-un-espacio-dedicado-a-la-profesionalizacion\\\/\"},\"author\":{\"name\":\"Mateus Fernandes\",\"@id\":\"https:\\\/\\\/weiku.com.br\\\/es\\\/#\\\/schema\\\/person\\\/a15df1b49db4f0c34776a50f6a0ba70d\"},\"headline\":\"Capacitaci\u00f3n Weiku: un espacio dedicado a la profesionalizaci\u00f3n\",\"datePublished\":\"2021-08-13T11:49:43+00:00\",\"dateModified\":\"2025-08-06T17:04:07+00:00\",\"mainEntityOfPage\":{\"@id\":\"https:\\\/\\\/weiku.com.br\\\/es\\\/capacitacion-weiku-un-espacio-dedicado-a-la-profesionalizacion\\\/\"},\"wordCount\":184,\"image\":{\"@id\":\"https:\\\/\\\/weiku.com.br\\\/es\\\/capacitacion-weiku-un-espacio-dedicado-a-la-profesionalizacion\\\/#primaryimage\"},\"thumbnailUrl\":\"https:\\\/\\\/weiku.com.br\\\/wp-content\\\/uploads\\\/2021\\\/08\\\/treinamento-weiku-1-2.jpg\",\"inLanguage\":\"es\"},{\"@type\":\"WebPage\",\"@id\":\"https:\\\/\\\/weiku.com.br\\\/es\\\/capacitacion-weiku-un-espacio-dedicado-a-la-profesionalizacion\\\/\",\"url\":\"https:\\\/\\\/weiku.com.br\\\/es\\\/capacitacion-weiku-un-espacio-dedicado-a-la-profesionalizacion\\\/\",\"name\":\"Capacitaci\u00f3n Weiku: un espacio dedicado a la profesionalizaci\u00f3n - Weiku\",\"isPartOf\":{\"@id\":\"https:\\\/\\\/weiku.com.br\\\/es\\\/#website\"},\"primaryImageOfPage\":{\"@id\":\"https:\\\/\\\/weiku.com.br\\\/es\\\/capacitacion-weiku-un-espacio-dedicado-a-la-profesionalizacion\\\/#primaryimage\"},\"image\":{\"@id\":\"https:\\\/\\\/weiku.com.br\\\/es\\\/capacitacion-weiku-un-espacio-dedicado-a-la-profesionalizacion\\\/#primaryimage\"},\"thumbnailUrl\":\"https:\\\/\\\/weiku.com.br\\\/wp-content\\\/uploads\\\/2021\\\/08\\\/treinamento-weiku-1-2.jpg\",\"datePublished\":\"2021-08-13T11:49:43+00:00\",\"dateModified\":\"2025-08-06T17:04:07+00:00\",\"author\":{\"@id\":\"https:\\\/\\\/weiku.com.br\\\/es\\\/#\\\/schema\\\/person\\\/a15df1b49db4f0c34776a50f6a0ba70d\"},\"breadcrumb\":{\"@id\":\"https:\\\/\\\/weiku.com.br\\\/es\\\/capacitacion-weiku-un-espacio-dedicado-a-la-profesionalizacion\\\/#breadcrumb\"},\"inLanguage\":\"es\",\"potentialAction\":[{\"@type\":\"ReadAction\",\"target\":[\"https:\\\/\\\/weiku.com.br\\\/es\\\/capacitacion-weiku-un-espacio-dedicado-a-la-profesionalizacion\\\/\"]}]},{\"@type\":\"ImageObject\",\"inLanguage\":\"es\",\"@id\":\"https:\\\/\\\/weiku.com.br\\\/es\\\/capacitacion-weiku-un-espacio-dedicado-a-la-profesionalizacion\\\/#primaryimage\",\"url\":\"https:\\\/\\\/weiku.com.br\\\/wp-content\\\/uploads\\\/2021\\\/08\\\/treinamento-weiku-1-2.jpg\",\"contentUrl\":\"https:\\\/\\\/weiku.com.br\\\/wp-content\\\/uploads\\\/2021\\\/08\\\/treinamento-weiku-1-2.jpg\",\"width\":1024,\"height\":736},{\"@type\":\"BreadcrumbList\",\"@id\":\"https:\\\/\\\/weiku.com.br\\\/es\\\/capacitacion-weiku-un-espacio-dedicado-a-la-profesionalizacion\\\/#breadcrumb\",\"itemListElement\":[{\"@type\":\"ListItem\",\"position\":1,\"name\":\"In\u00edcio\",\"item\":\"https:\\\/\\\/weiku.com.br\\\/es\\\/\"},{\"@type\":\"ListItem\",\"position\":2,\"name\":\"Capacitaci\u00f3n Weiku: un espacio dedicado a la profesionalizaci\u00f3n\"}]},{\"@type\":\"WebSite\",\"@id\":\"https:\\\/\\\/weiku.com.br\\\/es\\\/#website\",\"url\":\"https:\\\/\\\/weiku.com.br\\\/es\\\/\",\"name\":\"Weiku\",\"description\":\"Esquadrias de PVC - Weiku do Brasil\",\"potentialAction\":[{\"@type\":\"SearchAction\",\"target\":{\"@type\":\"EntryPoint\",\"urlTemplate\":\"https:\\\/\\\/weiku.com.br\\\/es\\\/?s={search_term_string}\"},\"query-input\":{\"@type\":\"PropertyValueSpecification\",\"valueRequired\":true,\"valueName\":\"search_term_string\"}}],\"inLanguage\":\"es\"},{\"@type\":\"Person\",\"@id\":\"https:\\\/\\\/weiku.com.br\\\/es\\\/#\\\/schema\\\/person\\\/a15df1b49db4f0c34776a50f6a0ba70d\",\"name\":\"Mateus Fernandes\",\"image\":{\"@type\":\"ImageObject\",\"inLanguage\":\"es\",\"@id\":\"https:\\\/\\\/weiku.com.br\\\/wp-content\\\/litespeed\\\/avatar\\\/900ee9f544fa1ea84bffb5ef4c3394f3.jpg?ver=1777254458\",\"url\":\"https:\\\/\\\/weiku.com.br\\\/wp-content\\\/litespeed\\\/avatar\\\/900ee9f544fa1ea84bffb5ef4c3394f3.jpg?ver=1777254458\",\"contentUrl\":\"https:\\\/\\\/weiku.com.br\\\/wp-content\\\/litespeed\\\/avatar\\\/900ee9f544fa1ea84bffb5ef4c3394f3.jpg?ver=1777254458\",\"caption\":\"Mateus Fernandes\"},\"sameAs\":[\"http:\\\/\\\/www.weiku.com.br\"],\"url\":\"https:\\\/\\\/weiku.com.br\\\/es\\\/author\\\/mateus\\\/\"}]}<\/script>\n<!-- \/ Yoast SEO plugin. -->","yoast_head_json":{"title":"Capacitaci\u00f3n Weiku: un espacio dedicado a la profesionalizaci\u00f3n - Weiku","robots":{"index":"index","follow":"follow","max-snippet":"max-snippet:-1","max-image-preview":"max-image-preview:large","max-video-preview":"max-video-preview:-1"},"canonical":"https:\/\/weiku.com.br\/es\/capacitacion-weiku-un-espacio-dedicado-a-la-profesionalizacion\/","og_locale":"es_ES","og_type":"article","og_title":"Capacitaci\u00f3n Weiku: un espacio dedicado a la profesionalizaci\u00f3n - Weiku","og_description":"Hola amigos de la comunidad Weiku, hoy vamos a hablar sobre nuestro nuevo Centro de Capacitaci\u00f3n, un espacio totalmente dedicado a la formaci\u00f3n de nuestros profesionales. El nuevo centro de capacitaci\u00f3n est\u00e1 ubicado en la sede principal, en Pomerode, donde, durante una semana, los equipos t\u00e9cnicos de Weiku do Brasil reciben clases pr\u00e1cticas y te\u00f3ricas [&hellip;]","og_url":"https:\/\/weiku.com.br\/es\/capacitacion-weiku-un-espacio-dedicado-a-la-profesionalizacion\/","og_site_name":"Weiku","article_published_time":"2021-08-13T11:49:43+00:00","article_modified_time":"2025-08-06T17:04:07+00:00","og_image":[{"width":1024,"height":736,"url":"https:\/\/weiku.com.br\/wp-content\/uploads\/2021\/08\/treinamento-weiku-1-2.jpg","type":"image\/jpeg"}],"author":"Mateus Fernandes","twitter_card":"summary_large_image","twitter_misc":{"Escrito por":"Mateus Fernandes","Tiempo de lectura":"1 minuto"},"schema":{"@context":"https:\/\/schema.org","@graph":[{"@type":"Article","@id":"https:\/\/weiku.com.br\/es\/capacitacion-weiku-un-espacio-dedicado-a-la-profesionalizacion\/#article","isPartOf":{"@id":"https:\/\/weiku.com.br\/es\/capacitacion-weiku-un-espacio-dedicado-a-la-profesionalizacion\/"},"author":{"name":"Mateus Fernandes","@id":"https:\/\/weiku.com.br\/es\/#\/schema\/person\/a15df1b49db4f0c34776a50f6a0ba70d"},"headline":"Capacitaci\u00f3n Weiku: un espacio dedicado a la profesionalizaci\u00f3n","datePublished":"2021-08-13T11:49:43+00:00","dateModified":"2025-08-06T17:04:07+00:00","mainEntityOfPage":{"@id":"https:\/\/weiku.com.br\/es\/capacitacion-weiku-un-espacio-dedicado-a-la-profesionalizacion\/"},"wordCount":184,"image":{"@id":"https:\/\/weiku.com.br\/es\/capacitacion-weiku-un-espacio-dedicado-a-la-profesionalizacion\/#primaryimage"},"thumbnailUrl":"https:\/\/weiku.com.br\/wp-content\/uploads\/2021\/08\/treinamento-weiku-1-2.jpg","inLanguage":"es"},{"@type":"WebPage","@id":"https:\/\/weiku.com.br\/es\/capacitacion-weiku-un-espacio-dedicado-a-la-profesionalizacion\/","url":"https:\/\/weiku.com.br\/es\/capacitacion-weiku-un-espacio-dedicado-a-la-profesionalizacion\/","name":"Capacitaci\u00f3n Weiku: un espacio dedicado a la profesionalizaci\u00f3n - Weiku","isPartOf":{"@id":"https:\/\/weiku.com.br\/es\/#website"},"primaryImageOfPage":{"@id":"https:\/\/weiku.com.br\/es\/capacitacion-weiku-un-espacio-dedicado-a-la-profesionalizacion\/#primaryimage"},"image":{"@id":"https:\/\/weiku.com.br\/es\/capacitacion-weiku-un-espacio-dedicado-a-la-profesionalizacion\/#primaryimage"},"thumbnailUrl":"https:\/\/weiku.com.br\/wp-content\/uploads\/2021\/08\/treinamento-weiku-1-2.jpg","datePublished":"2021-08-13T11:49:43+00:00","dateModified":"2025-08-06T17:04:07+00:00","author":{"@id":"https:\/\/weiku.com.br\/es\/#\/schema\/person\/a15df1b49db4f0c34776a50f6a0ba70d"},"breadcrumb":{"@id":"https:\/\/weiku.com.br\/es\/capacitacion-weiku-un-espacio-dedicado-a-la-profesionalizacion\/#breadcrumb"},"inLanguage":"es","potentialAction":[{"@type":"ReadAction","target":["https:\/\/weiku.com.br\/es\/capacitacion-weiku-un-espacio-dedicado-a-la-profesionalizacion\/"]}]},{"@type":"ImageObject","inLanguage":"es","@id":"https:\/\/weiku.com.br\/es\/capacitacion-weiku-un-espacio-dedicado-a-la-profesionalizacion\/#primaryimage","url":"https:\/\/weiku.com.br\/wp-content\/uploads\/2021\/08\/treinamento-weiku-1-2.jpg","contentUrl":"https:\/\/weiku.com.br\/wp-content\/uploads\/2021\/08\/treinamento-weiku-1-2.jpg","width":1024,"height":736},{"@type":"BreadcrumbList","@id":"https:\/\/weiku.com.br\/es\/capacitacion-weiku-un-espacio-dedicado-a-la-profesionalizacion\/#breadcrumb","itemListElement":[{"@type":"ListItem","position":1,"name":"In\u00edcio","item":"https:\/\/weiku.com.br\/es\/"},{"@type":"ListItem","position":2,"name":"Capacitaci\u00f3n Weiku: un espacio dedicado a la profesionalizaci\u00f3n"}]},{"@type":"WebSite","@id":"https:\/\/weiku.com.br\/es\/#website","url":"https:\/\/weiku.com.br\/es\/","name":"Weiku","description":"Esquadrias de PVC - Weiku do Brasil","potentialAction":[{"@type":"SearchAction","target":{"@type":"EntryPoint","urlTemplate":"https:\/\/weiku.com.br\/es\/?s={search_term_string}"},"query-input":{"@type":"PropertyValueSpecification","valueRequired":true,"valueName":"search_term_string"}}],"inLanguage":"es"},{"@type":"Person","@id":"https:\/\/weiku.com.br\/es\/#\/schema\/person\/a15df1b49db4f0c34776a50f6a0ba70d","name":"Mateus Fernandes","image":{"@type":"ImageObject","inLanguage":"es","@id":"https:\/\/weiku.com.br\/wp-content\/litespeed\/avatar\/900ee9f544fa1ea84bffb5ef4c3394f3.jpg?ver=1777254458","url":"https:\/\/weiku.com.br\/wp-content\/litespeed\/avatar\/900ee9f544fa1ea84bffb5ef4c3394f3.jpg?ver=1777254458","contentUrl":"https:\/\/weiku.com.br\/wp-content\/litespeed\/avatar\/900ee9f544fa1ea84bffb5ef4c3394f3.jpg?ver=1777254458","caption":"Mateus Fernandes"},"sameAs":["http:\/\/www.weiku.com.br"],"url":"https:\/\/weiku.com.br\/es\/author\/mateus\/"}]}},"_links":{"self":[{"href":"https:\/\/weiku.com.br\/es\/wp-json\/wp\/v2\/posts\/32539","targetHints":{"allow":["GET"]}}],"collection":[{"href":"https:\/\/weiku.com.br\/es\/wp-json\/wp\/v2\/posts"}],"about":[{"href":"https:\/\/weiku.com.br\/es\/wp-json\/wp\/v2\/types\/post"}],"author":[{"embeddable":true,"href":"https:\/\/weiku.com.br\/es\/wp-json\/wp\/v2\/users\/35"}],"replies":[{"embeddable":true,"href":"https:\/\/weiku.com.br\/es\/wp-json\/wp\/v2\/comments?post=32539"}],"version-history":[{"count":1,"href":"https:\/\/weiku.com.br\/es\/wp-json\/wp\/v2\/posts\/32539\/revisions"}],"predecessor-version":[{"id":32540,"href":"https:\/\/weiku.com.br\/es\/wp-json\/wp\/v2\/posts\/32539\/revisions\/32540"}],"wp:featuredmedia":[{"embeddable":true,"href":"https:\/\/weiku.com.br\/es\/wp-json\/wp\/v2\/media\/30424"}],"wp:attachment":[{"href":"https:\/\/weiku.com.br\/es\/wp-json\/wp\/v2\/media?parent=32539"}],"wp:term":[{"taxonomy":"category","embeddable":true,"href":"https:\/\/weiku.com.br\/es\/wp-json\/wp\/v2\/categories?post=32539"},{"taxonomy":"post_tag","embeddable":true,"href":"https:\/\/weiku.com.br\/es\/wp-json\/wp\/v2\/tags?post=32539"}],"curies":[{"name":"wp","href":"https:\/\/api.w.org\/{rel}","templated":true}]}}