{"id":32315,"date":"2022-03-25T08:00:00","date_gmt":"2022-03-25T11:00:00","guid":{"rendered":"https:\/\/weiku.com.br\/lanzamientos-weiku-en-expo-revestir-2022\/"},"modified":"2025-08-01T13:53:32","modified_gmt":"2025-08-01T16:53:32","slug":"lanzamientos-weiku-en-expo-revestir-2022","status":"publish","type":"post","link":"https:\/\/weiku.com.br\/es\/lanzamientos-weiku-en-expo-revestir-2022\/","title":{"rendered":"Lanzamientos Weiku en Expo Revestir 2022"},"content":{"rendered":"\n<figure class=\"wp-block-image size-full\"><img loading=\"lazy\" decoding=\"async\" width=\"3501\" height=\"1895\" src=\"https:\/\/weiku.com.br\/wp-content\/uploads\/2022\/03\/exporevestir_2022-1.jpg\" alt=\"\" class=\"wp-image-32183\" srcset=\"https:\/\/weiku.com.br\/wp-content\/uploads\/2022\/03\/exporevestir_2022-1.jpg 3501w, https:\/\/weiku.com.br\/wp-content\/uploads\/2022\/03\/exporevestir_2022-1-300x162.jpg 300w, https:\/\/weiku.com.br\/wp-content\/uploads\/2022\/03\/exporevestir_2022-1-1024x554.jpg 1024w, https:\/\/weiku.com.br\/wp-content\/uploads\/2022\/03\/exporevestir_2022-1-768x416.jpg 768w, https:\/\/weiku.com.br\/wp-content\/uploads\/2022\/03\/exporevestir_2022-1-1536x831.jpg 1536w, https:\/\/weiku.com.br\/wp-content\/uploads\/2022\/03\/exporevestir_2022-1-2048x1109.jpg 2048w\" sizes=\"auto, (max-width: 3501px) 100vw, 3501px\" \/><figcaption class=\"wp-element-caption\">Stand en Expo Revestir. Foto: Marketing<\/figcaption><\/figure>\n\n<p>Con m\u00e1s de 20 a\u00f1os de experiencia en el mercado de arquitectura y construcci\u00f3n, Weiku do Brasil particip\u00f3 por quinta vez en Expo Revestir, en S\u00e3o Paulo. En 2022, la empresa present\u00f3 grandes apuestas de la marca para el sector. <br\/><br\/>En esta edici\u00f3n, entre las novedades, las puertas pivotantes de Projetta by Weiku, que llegan para transformar el mercado. Las piezas aportan un toque especial a la obra gracias a su dise\u00f1o arquitect\u00f3nico diferenciado. Cada pieza es producida de forma personalizada, haciendo realidad proyectos gigantescos. El stand cont\u00f3 con puertas pivotantes de m\u00e1s de 4 metros de altura.   <\/p>\n\n<figure class=\"wp-block-image size-full\"><img loading=\"lazy\" decoding=\"async\" width=\"3501\" height=\"2451\" src=\"https:\/\/weiku.com.br\/wp-content\/uploads\/2022\/03\/exporevestir_2022-3.jpg\" alt=\"\" class=\"wp-image-32192\" srcset=\"https:\/\/weiku.com.br\/wp-content\/uploads\/2022\/03\/exporevestir_2022-3.jpg 3501w, https:\/\/weiku.com.br\/wp-content\/uploads\/2022\/03\/exporevestir_2022-3-300x210.jpg 300w, https:\/\/weiku.com.br\/wp-content\/uploads\/2022\/03\/exporevestir_2022-3-1024x717.jpg 1024w, https:\/\/weiku.com.br\/wp-content\/uploads\/2022\/03\/exporevestir_2022-3-768x538.jpg 768w, https:\/\/weiku.com.br\/wp-content\/uploads\/2022\/03\/exporevestir_2022-3-1536x1075.jpg 1536w, https:\/\/weiku.com.br\/wp-content\/uploads\/2022\/03\/exporevestir_2022-3-2048x1434.jpg 2048w\" sizes=\"auto, (max-width: 3501px) 100vw, 3501px\" \/><figcaption class=\"wp-element-caption\">Puertas pivotantes de m\u00e1s de 4 metros y lanzamientos de la l\u00ednea minimalista. Foto: Marketing. <\/figcaption><\/figure>\n\n<p>Corstone, que ya llam\u00f3 la atenci\u00f3n en la \u00faltima edici\u00f3n del evento, tambi\u00e9n present\u00f3 un lanzamiento. Ahora, adem\u00e1s del producto actual brillante, todas las referencias estar\u00e1n disponibles en su versi\u00f3n \u201cSatin\u201d. Permitiendo retroiluminaci\u00f3n, el producto moderno se utiliza en espacios cargados de buen gusto, con una atm\u00f3sfera encantadora, resultando en un visual impresionante. Una innovaci\u00f3n que solo Corstone puede ofrecer. Soluci\u00f3n innovadora para demostrar autenticidad y personalidad, proporcionando ambientes \u00fanicos.    <\/p>\n\n<figure class=\"wp-block-image size-full\"><img loading=\"lazy\" decoding=\"async\" width=\"3501\" height=\"2334\" src=\"https:\/\/weiku.com.br\/wp-content\/uploads\/2022\/03\/exporevestir_2022-4.jpg\" alt=\"\" class=\"wp-image-32179\" srcset=\"https:\/\/weiku.com.br\/wp-content\/uploads\/2022\/03\/exporevestir_2022-4.jpg 3501w, https:\/\/weiku.com.br\/wp-content\/uploads\/2022\/03\/exporevestir_2022-4-300x200.jpg 300w, https:\/\/weiku.com.br\/wp-content\/uploads\/2022\/03\/exporevestir_2022-4-1024x683.jpg 1024w, https:\/\/weiku.com.br\/wp-content\/uploads\/2022\/03\/exporevestir_2022-4-768x512.jpg 768w, https:\/\/weiku.com.br\/wp-content\/uploads\/2022\/03\/exporevestir_2022-4-1536x1024.jpg 1536w, https:\/\/weiku.com.br\/wp-content\/uploads\/2022\/03\/exporevestir_2022-4-2048x1365.jpg 2048w\" sizes=\"auto, (max-width: 3501px) 100vw, 3501px\" \/><figcaption class=\"wp-element-caption\">Revestimiento Corstone. Foto: Marketing. <\/figcaption><\/figure>\n\n<p>Otra l\u00ednea con diversas posibilidades de aperturas es VistaMax, ventanas minimalistas con est\u00e1ndar internacional. Destacan las tipolog\u00edas oscilobatiente y maxim-ar, exclusivas de la marca. Fabricadas en aluminio, las ventanas poseen un alto nivel de resistencia, vida \u00fatil y seguridad, lo que resulta en ambientes iluminados, vers\u00e1tiles y con alto rendimiento, ofreciendo confort, seguridad y tranquilidad a los clientes.  <\/p>\n\n<p>Resaltando la versatilidad de la marca, tambi\u00e9n fue posible conocer todos los colores de la l\u00ednea de ventanas de PVC laminadas Detec Color, adem\u00e1s de los colores que son tendencia en la l\u00ednea premium TitanTEC.<\/p>\n\n<figure class=\"wp-block-image size-full\"><img loading=\"lazy\" decoding=\"async\" width=\"3501\" height=\"2546\" src=\"https:\/\/weiku.com.br\/wp-content\/uploads\/2022\/03\/exporevestir_2022-2.jpg\" alt=\"\" class=\"wp-image-32187\" srcset=\"https:\/\/weiku.com.br\/wp-content\/uploads\/2022\/03\/exporevestir_2022-2.jpg 3501w, https:\/\/weiku.com.br\/wp-content\/uploads\/2022\/03\/exporevestir_2022-2-300x218.jpg 300w, https:\/\/weiku.com.br\/wp-content\/uploads\/2022\/03\/exporevestir_2022-2-1024x745.jpg 1024w, https:\/\/weiku.com.br\/wp-content\/uploads\/2022\/03\/exporevestir_2022-2-768x559.jpg 768w, https:\/\/weiku.com.br\/wp-content\/uploads\/2022\/03\/exporevestir_2022-2-1536x1117.jpg 1536w, https:\/\/weiku.com.br\/wp-content\/uploads\/2022\/03\/exporevestir_2022-2-2048x1489.jpg 2048w\" sizes=\"auto, (max-width: 3501px) 100vw, 3501px\" \/><figcaption class=\"wp-element-caption\">Ventanas de PVC en color blanco y l\u00edneas coloridas, Detec Color y TitanTec. Foto: Marketing. <\/figcaption><\/figure>\n\n<p>Por primera vez, Weiku do Brasil cont\u00f3 con realidad virtual en su stand, donde fue posible, a trav\u00e9s de una experiencia \u00fanica, vivir el proyecto antes de ser construido. La novedad es una alianza con VOR XP. <\/p>\n\n<p>En el stand, adem\u00e1s de todos los \u00edtems mencionados, se pudo ver de cerca la variedad de productos de Weiku do Brasil, desde diferentes tipos de ventanas, persianas y vidrios din\u00e1micos.<\/p>\n\n<p>Expo Revestir, la mayor feria de revestimientos y acabados de Am\u00e9rica Latina, se realiz\u00f3 en el Transam\u00e9rica Expo Center, del 8 al 11 de marzo.<\/p>\n\n<p><\/p>\n","protected":false},"excerpt":{"rendered":"<p>Con m\u00e1s de 20 a\u00f1os de experiencia en el mercado de arquitectura y construcci\u00f3n, Weiku do Brasil particip\u00f3 por quinta vez en Expo Revestir, en S\u00e3o Paulo. En 2022, la empresa present\u00f3 grandes apuestas de la marca para el sector. En esta edici\u00f3n, entre las novedades, las puertas pivotantes de Projetta by Weiku, que llegan [&hellip;]<\/p>\n","protected":false},"author":35,"featured_media":32204,"comment_status":"closed","ping_status":"open","sticky":false,"template":"","format":"standard","meta":{"_acf_changed":false,"footnotes":""},"categories":[743],"tags":[],"class_list":["post-32315","post","type-post","status-publish","format-standard","has-post-thumbnail","hentry","category-sin-categoria"],"acf":[],"yoast_head":"<!-- This site is optimized with the Yoast SEO plugin v27.3 - https:\/\/yoast.com\/product\/yoast-seo-wordpress\/ -->\n<title>Lanzamientos Weiku en Expo Revestir 2022 - Weiku<\/title>\n<meta name=\"robots\" content=\"index, follow, max-snippet:-1, max-image-preview:large, max-video-preview:-1\" \/>\n<link rel=\"canonical\" href=\"https:\/\/weiku.com.br\/es\/lanzamientos-weiku-en-expo-revestir-2022\/\" \/>\n<meta property=\"og:locale\" content=\"es_ES\" \/>\n<meta property=\"og:type\" content=\"article\" \/>\n<meta property=\"og:title\" content=\"Lanzamientos Weiku en Expo Revestir 2022 - Weiku\" \/>\n<meta property=\"og:description\" content=\"Con m\u00e1s de 20 a\u00f1os de experiencia en el mercado de arquitectura y construcci\u00f3n, Weiku do Brasil particip\u00f3 por quinta vez en Expo Revestir, en S\u00e3o Paulo. En 2022, la empresa present\u00f3 grandes apuestas de la marca para el sector. En esta edici\u00f3n, entre las novedades, las puertas pivotantes de Projetta by Weiku, que llegan [&hellip;]\" \/>\n<meta property=\"og:url\" content=\"https:\/\/weiku.com.br\/es\/lanzamientos-weiku-en-expo-revestir-2022\/\" \/>\n<meta property=\"og:site_name\" content=\"Weiku\" \/>\n<meta property=\"article:published_time\" content=\"2022-03-25T11:00:00+00:00\" \/>\n<meta property=\"article:modified_time\" content=\"2025-08-01T16:53:32+00:00\" \/>\n<meta property=\"og:image\" content=\"https:\/\/weiku.com.br\/wp-content\/uploads\/2022\/03\/exporevestir_2022-1-1.jpg\" \/>\n\t<meta property=\"og:image:width\" content=\"3501\" \/>\n\t<meta property=\"og:image:height\" content=\"1406\" \/>\n\t<meta property=\"og:image:type\" content=\"image\/jpeg\" \/>\n<meta name=\"author\" content=\"Mateus Fernandes\" \/>\n<meta name=\"twitter:card\" content=\"summary_large_image\" \/>\n<meta name=\"twitter:label1\" content=\"Escrito por\" \/>\n\t<meta name=\"twitter:data1\" content=\"Mateus Fernandes\" \/>\n\t<meta name=\"twitter:label2\" content=\"Tiempo de lectura\" \/>\n\t<meta name=\"twitter:data2\" content=\"2 minutos\" \/>\n<script type=\"application\/ld+json\" class=\"yoast-schema-graph\">{\"@context\":\"https:\\\/\\\/schema.org\",\"@graph\":[{\"@type\":\"Article\",\"@id\":\"https:\\\/\\\/weiku.com.br\\\/es\\\/lanzamientos-weiku-en-expo-revestir-2022\\\/#article\",\"isPartOf\":{\"@id\":\"https:\\\/\\\/weiku.com.br\\\/es\\\/lanzamientos-weiku-en-expo-revestir-2022\\\/\"},\"author\":{\"name\":\"Mateus Fernandes\",\"@id\":\"https:\\\/\\\/weiku.com.br\\\/es\\\/#\\\/schema\\\/person\\\/a15df1b49db4f0c34776a50f6a0ba70d\"},\"headline\":\"Lanzamientos Weiku en Expo Revestir 2022\",\"datePublished\":\"2022-03-25T11:00:00+00:00\",\"dateModified\":\"2025-08-01T16:53:32+00:00\",\"mainEntityOfPage\":{\"@id\":\"https:\\\/\\\/weiku.com.br\\\/es\\\/lanzamientos-weiku-en-expo-revestir-2022\\\/\"},\"wordCount\":427,\"image\":{\"@id\":\"https:\\\/\\\/weiku.com.br\\\/es\\\/lanzamientos-weiku-en-expo-revestir-2022\\\/#primaryimage\"},\"thumbnailUrl\":\"https:\\\/\\\/weiku.com.br\\\/wp-content\\\/uploads\\\/2022\\\/03\\\/exporevestir_2022-1-1.jpg\",\"inLanguage\":\"es\"},{\"@type\":\"WebPage\",\"@id\":\"https:\\\/\\\/weiku.com.br\\\/es\\\/lanzamientos-weiku-en-expo-revestir-2022\\\/\",\"url\":\"https:\\\/\\\/weiku.com.br\\\/es\\\/lanzamientos-weiku-en-expo-revestir-2022\\\/\",\"name\":\"Lanzamientos Weiku en Expo Revestir 2022 - Weiku\",\"isPartOf\":{\"@id\":\"https:\\\/\\\/weiku.com.br\\\/es\\\/#website\"},\"primaryImageOfPage\":{\"@id\":\"https:\\\/\\\/weiku.com.br\\\/es\\\/lanzamientos-weiku-en-expo-revestir-2022\\\/#primaryimage\"},\"image\":{\"@id\":\"https:\\\/\\\/weiku.com.br\\\/es\\\/lanzamientos-weiku-en-expo-revestir-2022\\\/#primaryimage\"},\"thumbnailUrl\":\"https:\\\/\\\/weiku.com.br\\\/wp-content\\\/uploads\\\/2022\\\/03\\\/exporevestir_2022-1-1.jpg\",\"datePublished\":\"2022-03-25T11:00:00+00:00\",\"dateModified\":\"2025-08-01T16:53:32+00:00\",\"author\":{\"@id\":\"https:\\\/\\\/weiku.com.br\\\/es\\\/#\\\/schema\\\/person\\\/a15df1b49db4f0c34776a50f6a0ba70d\"},\"breadcrumb\":{\"@id\":\"https:\\\/\\\/weiku.com.br\\\/es\\\/lanzamientos-weiku-en-expo-revestir-2022\\\/#breadcrumb\"},\"inLanguage\":\"es\",\"potentialAction\":[{\"@type\":\"ReadAction\",\"target\":[\"https:\\\/\\\/weiku.com.br\\\/es\\\/lanzamientos-weiku-en-expo-revestir-2022\\\/\"]}]},{\"@type\":\"ImageObject\",\"inLanguage\":\"es\",\"@id\":\"https:\\\/\\\/weiku.com.br\\\/es\\\/lanzamientos-weiku-en-expo-revestir-2022\\\/#primaryimage\",\"url\":\"https:\\\/\\\/weiku.com.br\\\/wp-content\\\/uploads\\\/2022\\\/03\\\/exporevestir_2022-1-1.jpg\",\"contentUrl\":\"https:\\\/\\\/weiku.com.br\\\/wp-content\\\/uploads\\\/2022\\\/03\\\/exporevestir_2022-1-1.jpg\",\"width\":3501,\"height\":1406},{\"@type\":\"BreadcrumbList\",\"@id\":\"https:\\\/\\\/weiku.com.br\\\/es\\\/lanzamientos-weiku-en-expo-revestir-2022\\\/#breadcrumb\",\"itemListElement\":[{\"@type\":\"ListItem\",\"position\":1,\"name\":\"In\u00edcio\",\"item\":\"https:\\\/\\\/weiku.com.br\\\/es\\\/\"},{\"@type\":\"ListItem\",\"position\":2,\"name\":\"Lanzamientos Weiku en Expo Revestir 2022\"}]},{\"@type\":\"WebSite\",\"@id\":\"https:\\\/\\\/weiku.com.br\\\/es\\\/#website\",\"url\":\"https:\\\/\\\/weiku.com.br\\\/es\\\/\",\"name\":\"Weiku\",\"description\":\"Esquadrias de PVC - Weiku do Brasil\",\"potentialAction\":[{\"@type\":\"SearchAction\",\"target\":{\"@type\":\"EntryPoint\",\"urlTemplate\":\"https:\\\/\\\/weiku.com.br\\\/es\\\/?s={search_term_string}\"},\"query-input\":{\"@type\":\"PropertyValueSpecification\",\"valueRequired\":true,\"valueName\":\"search_term_string\"}}],\"inLanguage\":\"es\"},{\"@type\":\"Person\",\"@id\":\"https:\\\/\\\/weiku.com.br\\\/es\\\/#\\\/schema\\\/person\\\/a15df1b49db4f0c34776a50f6a0ba70d\",\"name\":\"Mateus Fernandes\",\"image\":{\"@type\":\"ImageObject\",\"inLanguage\":\"es\",\"@id\":\"https:\\\/\\\/weiku.com.br\\\/wp-content\\\/litespeed\\\/avatar\\\/900ee9f544fa1ea84bffb5ef4c3394f3.jpg?ver=1777254458\",\"url\":\"https:\\\/\\\/weiku.com.br\\\/wp-content\\\/litespeed\\\/avatar\\\/900ee9f544fa1ea84bffb5ef4c3394f3.jpg?ver=1777254458\",\"contentUrl\":\"https:\\\/\\\/weiku.com.br\\\/wp-content\\\/litespeed\\\/avatar\\\/900ee9f544fa1ea84bffb5ef4c3394f3.jpg?ver=1777254458\",\"caption\":\"Mateus Fernandes\"},\"sameAs\":[\"http:\\\/\\\/www.weiku.com.br\"],\"url\":\"https:\\\/\\\/weiku.com.br\\\/es\\\/author\\\/mateus\\\/\"}]}<\/script>\n<!-- \/ Yoast SEO plugin. -->","yoast_head_json":{"title":"Lanzamientos Weiku en Expo Revestir 2022 - Weiku","robots":{"index":"index","follow":"follow","max-snippet":"max-snippet:-1","max-image-preview":"max-image-preview:large","max-video-preview":"max-video-preview:-1"},"canonical":"https:\/\/weiku.com.br\/es\/lanzamientos-weiku-en-expo-revestir-2022\/","og_locale":"es_ES","og_type":"article","og_title":"Lanzamientos Weiku en Expo Revestir 2022 - Weiku","og_description":"Con m\u00e1s de 20 a\u00f1os de experiencia en el mercado de arquitectura y construcci\u00f3n, Weiku do Brasil particip\u00f3 por quinta vez en Expo Revestir, en S\u00e3o Paulo. En 2022, la empresa present\u00f3 grandes apuestas de la marca para el sector. En esta edici\u00f3n, entre las novedades, las puertas pivotantes de Projetta by Weiku, que llegan [&hellip;]","og_url":"https:\/\/weiku.com.br\/es\/lanzamientos-weiku-en-expo-revestir-2022\/","og_site_name":"Weiku","article_published_time":"2022-03-25T11:00:00+00:00","article_modified_time":"2025-08-01T16:53:32+00:00","og_image":[{"width":3501,"height":1406,"url":"https:\/\/weiku.com.br\/wp-content\/uploads\/2022\/03\/exporevestir_2022-1-1.jpg","type":"image\/jpeg"}],"author":"Mateus Fernandes","twitter_card":"summary_large_image","twitter_misc":{"Escrito por":"Mateus Fernandes","Tiempo de lectura":"2 minutos"},"schema":{"@context":"https:\/\/schema.org","@graph":[{"@type":"Article","@id":"https:\/\/weiku.com.br\/es\/lanzamientos-weiku-en-expo-revestir-2022\/#article","isPartOf":{"@id":"https:\/\/weiku.com.br\/es\/lanzamientos-weiku-en-expo-revestir-2022\/"},"author":{"name":"Mateus Fernandes","@id":"https:\/\/weiku.com.br\/es\/#\/schema\/person\/a15df1b49db4f0c34776a50f6a0ba70d"},"headline":"Lanzamientos Weiku en Expo Revestir 2022","datePublished":"2022-03-25T11:00:00+00:00","dateModified":"2025-08-01T16:53:32+00:00","mainEntityOfPage":{"@id":"https:\/\/weiku.com.br\/es\/lanzamientos-weiku-en-expo-revestir-2022\/"},"wordCount":427,"image":{"@id":"https:\/\/weiku.com.br\/es\/lanzamientos-weiku-en-expo-revestir-2022\/#primaryimage"},"thumbnailUrl":"https:\/\/weiku.com.br\/wp-content\/uploads\/2022\/03\/exporevestir_2022-1-1.jpg","inLanguage":"es"},{"@type":"WebPage","@id":"https:\/\/weiku.com.br\/es\/lanzamientos-weiku-en-expo-revestir-2022\/","url":"https:\/\/weiku.com.br\/es\/lanzamientos-weiku-en-expo-revestir-2022\/","name":"Lanzamientos Weiku en Expo Revestir 2022 - Weiku","isPartOf":{"@id":"https:\/\/weiku.com.br\/es\/#website"},"primaryImageOfPage":{"@id":"https:\/\/weiku.com.br\/es\/lanzamientos-weiku-en-expo-revestir-2022\/#primaryimage"},"image":{"@id":"https:\/\/weiku.com.br\/es\/lanzamientos-weiku-en-expo-revestir-2022\/#primaryimage"},"thumbnailUrl":"https:\/\/weiku.com.br\/wp-content\/uploads\/2022\/03\/exporevestir_2022-1-1.jpg","datePublished":"2022-03-25T11:00:00+00:00","dateModified":"2025-08-01T16:53:32+00:00","author":{"@id":"https:\/\/weiku.com.br\/es\/#\/schema\/person\/a15df1b49db4f0c34776a50f6a0ba70d"},"breadcrumb":{"@id":"https:\/\/weiku.com.br\/es\/lanzamientos-weiku-en-expo-revestir-2022\/#breadcrumb"},"inLanguage":"es","potentialAction":[{"@type":"ReadAction","target":["https:\/\/weiku.com.br\/es\/lanzamientos-weiku-en-expo-revestir-2022\/"]}]},{"@type":"ImageObject","inLanguage":"es","@id":"https:\/\/weiku.com.br\/es\/lanzamientos-weiku-en-expo-revestir-2022\/#primaryimage","url":"https:\/\/weiku.com.br\/wp-content\/uploads\/2022\/03\/exporevestir_2022-1-1.jpg","contentUrl":"https:\/\/weiku.com.br\/wp-content\/uploads\/2022\/03\/exporevestir_2022-1-1.jpg","width":3501,"height":1406},{"@type":"BreadcrumbList","@id":"https:\/\/weiku.com.br\/es\/lanzamientos-weiku-en-expo-revestir-2022\/#breadcrumb","itemListElement":[{"@type":"ListItem","position":1,"name":"In\u00edcio","item":"https:\/\/weiku.com.br\/es\/"},{"@type":"ListItem","position":2,"name":"Lanzamientos Weiku en Expo Revestir 2022"}]},{"@type":"WebSite","@id":"https:\/\/weiku.com.br\/es\/#website","url":"https:\/\/weiku.com.br\/es\/","name":"Weiku","description":"Esquadrias de PVC - Weiku do Brasil","potentialAction":[{"@type":"SearchAction","target":{"@type":"EntryPoint","urlTemplate":"https:\/\/weiku.com.br\/es\/?s={search_term_string}"},"query-input":{"@type":"PropertyValueSpecification","valueRequired":true,"valueName":"search_term_string"}}],"inLanguage":"es"},{"@type":"Person","@id":"https:\/\/weiku.com.br\/es\/#\/schema\/person\/a15df1b49db4f0c34776a50f6a0ba70d","name":"Mateus Fernandes","image":{"@type":"ImageObject","inLanguage":"es","@id":"https:\/\/weiku.com.br\/wp-content\/litespeed\/avatar\/900ee9f544fa1ea84bffb5ef4c3394f3.jpg?ver=1777254458","url":"https:\/\/weiku.com.br\/wp-content\/litespeed\/avatar\/900ee9f544fa1ea84bffb5ef4c3394f3.jpg?ver=1777254458","contentUrl":"https:\/\/weiku.com.br\/wp-content\/litespeed\/avatar\/900ee9f544fa1ea84bffb5ef4c3394f3.jpg?ver=1777254458","caption":"Mateus Fernandes"},"sameAs":["http:\/\/www.weiku.com.br"],"url":"https:\/\/weiku.com.br\/es\/author\/mateus\/"}]}},"_links":{"self":[{"href":"https:\/\/weiku.com.br\/es\/wp-json\/wp\/v2\/posts\/32315","targetHints":{"allow":["GET"]}}],"collection":[{"href":"https:\/\/weiku.com.br\/es\/wp-json\/wp\/v2\/posts"}],"about":[{"href":"https:\/\/weiku.com.br\/es\/wp-json\/wp\/v2\/types\/post"}],"author":[{"embeddable":true,"href":"https:\/\/weiku.com.br\/es\/wp-json\/wp\/v2\/users\/35"}],"replies":[{"embeddable":true,"href":"https:\/\/weiku.com.br\/es\/wp-json\/wp\/v2\/comments?post=32315"}],"version-history":[{"count":1,"href":"https:\/\/weiku.com.br\/es\/wp-json\/wp\/v2\/posts\/32315\/revisions"}],"predecessor-version":[{"id":32316,"href":"https:\/\/weiku.com.br\/es\/wp-json\/wp\/v2\/posts\/32315\/revisions\/32316"}],"wp:featuredmedia":[{"embeddable":true,"href":"https:\/\/weiku.com.br\/es\/wp-json\/wp\/v2\/media\/32204"}],"wp:attachment":[{"href":"https:\/\/weiku.com.br\/es\/wp-json\/wp\/v2\/media?parent=32315"}],"wp:term":[{"taxonomy":"category","embeddable":true,"href":"https:\/\/weiku.com.br\/es\/wp-json\/wp\/v2\/categories?post=32315"},{"taxonomy":"post_tag","embeddable":true,"href":"https:\/\/weiku.com.br\/es\/wp-json\/wp\/v2\/tags?post=32315"}],"curies":[{"name":"wp","href":"https:\/\/api.w.org\/{rel}","templated":true}]}}