{"id":32309,"date":"2022-04-15T09:00:00","date_gmt":"2022-04-15T12:00:00","guid":{"rendered":"https:\/\/weiku.com.br\/la-estetica-de-la-madera-los-beneficios-del-pvc\/"},"modified":"2025-08-01T13:32:29","modified_gmt":"2025-08-01T16:32:29","slug":"la-estetica-de-la-madera-los-beneficios-del-pvc","status":"publish","type":"post","link":"https:\/\/weiku.com.br\/es\/la-estetica-de-la-madera-los-beneficios-del-pvc\/","title":{"rendered":"La est\u00e9tica de la madera + los beneficios del PVC"},"content":{"rendered":"\n<figure class=\"wp-block-image size-full\"><img loading=\"lazy\" decoding=\"async\" width=\"1000\" height=\"563\" src=\"https:\/\/weiku.com.br\/wp-content\/uploads\/2022\/04\/blog-detec-color-3-2.jpg\" alt=\"\" class=\"wp-image-14878\" srcset=\"https:\/\/weiku.com.br\/wp-content\/uploads\/2022\/04\/blog-detec-color-3-2.jpg 1000w, https:\/\/weiku.com.br\/wp-content\/uploads\/2022\/04\/blog-detec-color-3-2-300x169.jpg 300w, https:\/\/weiku.com.br\/wp-content\/uploads\/2022\/04\/blog-detec-color-3-2-768x432.jpg 768w\" sizes=\"auto, (max-width: 1000px) 100vw, 1000px\" \/><\/figure>\n\n<p>Las ventanas y puertas de PVC de Weiku do Brasil tienen varios beneficios que probablemente ya conoces, como la estanqueidad, el aislamiento, el confort termoac\u00fastico y el f\u00e1cil mantenimiento y limpieza. Adem\u00e1s, cuentas con la versatilidad de las esquadrias, con diversas opciones de colores. <\/p>\n\n<p>Actualmente, en el mercado contamos con 15 opciones en la l\u00ednea TitanTec (PVC + Aluminio) y 12 opciones en la l\u00ednea Detec Color (PVC laminado). Las l\u00edneas presentan tonos de maderas, inox, grises y negros. <\/p>\n\n<figure class=\"wp-block-image size-full\"><img loading=\"lazy\" decoding=\"async\" width=\"1000\" height=\"563\" src=\"https:\/\/weiku.com.br\/wp-content\/uploads\/2022\/04\/blog-detec-color-1-1.jpg\" alt=\"\" class=\"wp-image-14879\" srcset=\"https:\/\/weiku.com.br\/wp-content\/uploads\/2022\/04\/blog-detec-color-1-1.jpg 1000w, https:\/\/weiku.com.br\/wp-content\/uploads\/2022\/04\/blog-detec-color-1-1-300x169.jpg 300w, https:\/\/weiku.com.br\/wp-content\/uploads\/2022\/04\/blog-detec-color-1-1-768x432.jpg 768w\" sizes=\"auto, (max-width: 1000px) 100vw, 1000px\" \/><\/figure>\n\n<p>De los tonos madera en la l\u00ednea Detec Color, un aspecto interesante a comentar es la textura, muy similar a la madera, resultando en detalles perfectos.<\/p>\n\n<p>Adem\u00e1s, si quieres personalizar solo uno de los lados (externo\/interno), \u00a1esa posibilidad s\u00ed existe! Para todos los colores disponibles, ofrecemos la opci\u00f3n de un lado blanco y el otro coloreado a tu elecci\u00f3n, haciendo tu proyecto \u00fanico. <\/p>\n\n<figure class=\"wp-block-image size-full\"><img loading=\"lazy\" decoding=\"async\" width=\"1000\" height=\"563\" src=\"https:\/\/weiku.com.br\/wp-content\/uploads\/2022\/04\/blog-detec-color-2-1.jpg\" alt=\"\" class=\"wp-image-14880\" srcset=\"https:\/\/weiku.com.br\/wp-content\/uploads\/2022\/04\/blog-detec-color-2-1.jpg 1000w, https:\/\/weiku.com.br\/wp-content\/uploads\/2022\/04\/blog-detec-color-2-1-300x169.jpg 300w, https:\/\/weiku.com.br\/wp-content\/uploads\/2022\/04\/blog-detec-color-2-1-768x432.jpg 768w\" sizes=\"auto, (max-width: 1000px) 100vw, 1000px\" \/><\/figure>\n\n<p>\u00bfQuieres saber m\u00e1s sobre la l\u00ednea Detec Color? Consulta en nuestro sitio web haciendo clic <strong><a href=\"https:\/\/weiku.cordilheiramidias.com\/linha-detec-color\/\" target=\"_blank\" rel=\"noreferrer noopener\">AQU\u00cd<\/a><\/strong>. <\/p>\n","protected":false},"excerpt":{"rendered":"<p>Las ventanas y puertas de PVC de Weiku do Brasil tienen varios beneficios que probablemente ya conoces, como la estanqueidad, el aislamiento, el confort termoac\u00fastico y el f\u00e1cil mantenimiento y limpieza. Adem\u00e1s, cuentas con la versatilidad de las esquadrias, con diversas opciones de colores. Actualmente, en el mercado contamos con 15 opciones en la l\u00ednea [&hellip;]<\/p>\n","protected":false},"author":35,"featured_media":30522,"comment_status":"closed","ping_status":"open","sticky":false,"template":"","format":"standard","meta":{"_acf_changed":false,"footnotes":""},"categories":[743],"tags":[],"class_list":["post-32309","post","type-post","status-publish","format-standard","has-post-thumbnail","hentry","category-sin-categoria"],"acf":[],"yoast_head":"<!-- This site is optimized with the Yoast SEO plugin v27.3 - https:\/\/yoast.com\/product\/yoast-seo-wordpress\/ -->\n<title>La est\u00e9tica de la madera + los beneficios del PVC - Weiku<\/title>\n<meta name=\"robots\" content=\"index, follow, max-snippet:-1, max-image-preview:large, max-video-preview:-1\" \/>\n<link rel=\"canonical\" href=\"https:\/\/weiku.com.br\/es\/la-estetica-de-la-madera-los-beneficios-del-pvc\/\" \/>\n<meta property=\"og:locale\" content=\"es_ES\" \/>\n<meta property=\"og:type\" content=\"article\" \/>\n<meta property=\"og:title\" content=\"La est\u00e9tica de la madera + los beneficios del PVC - Weiku\" \/>\n<meta property=\"og:description\" content=\"Las ventanas y puertas de PVC de Weiku do Brasil tienen varios beneficios que probablemente ya conoces, como la estanqueidad, el aislamiento, el confort termoac\u00fastico y el f\u00e1cil mantenimiento y limpieza. Adem\u00e1s, cuentas con la versatilidad de las esquadrias, con diversas opciones de colores. Actualmente, en el mercado contamos con 15 opciones en la l\u00ednea [&hellip;]\" \/>\n<meta property=\"og:url\" content=\"https:\/\/weiku.com.br\/es\/la-estetica-de-la-madera-los-beneficios-del-pvc\/\" \/>\n<meta property=\"og:site_name\" content=\"Weiku\" \/>\n<meta property=\"article:published_time\" content=\"2022-04-15T12:00:00+00:00\" \/>\n<meta property=\"article:modified_time\" content=\"2025-08-01T16:32:29+00:00\" \/>\n<meta property=\"og:image\" content=\"https:\/\/weiku.com.br\/wp-content\/uploads\/2022\/04\/blog-detec-color-3-2.jpg\" \/>\n\t<meta property=\"og:image:width\" content=\"1000\" \/>\n\t<meta property=\"og:image:height\" content=\"563\" \/>\n\t<meta property=\"og:image:type\" content=\"image\/jpeg\" \/>\n<meta name=\"author\" content=\"Mateus Fernandes\" \/>\n<meta name=\"twitter:card\" content=\"summary_large_image\" \/>\n<meta name=\"twitter:label1\" content=\"Escrito por\" \/>\n\t<meta name=\"twitter:data1\" content=\"Mateus Fernandes\" \/>\n\t<meta name=\"twitter:label2\" content=\"Tiempo de lectura\" \/>\n\t<meta name=\"twitter:data2\" content=\"1 minuto\" \/>\n<script type=\"application\/ld+json\" class=\"yoast-schema-graph\">{\"@context\":\"https:\\\/\\\/schema.org\",\"@graph\":[{\"@type\":\"Article\",\"@id\":\"https:\\\/\\\/weiku.com.br\\\/es\\\/la-estetica-de-la-madera-los-beneficios-del-pvc\\\/#article\",\"isPartOf\":{\"@id\":\"https:\\\/\\\/weiku.com.br\\\/es\\\/la-estetica-de-la-madera-los-beneficios-del-pvc\\\/\"},\"author\":{\"name\":\"Mateus Fernandes\",\"@id\":\"https:\\\/\\\/weiku.com.br\\\/es\\\/#\\\/schema\\\/person\\\/a15df1b49db4f0c34776a50f6a0ba70d\"},\"headline\":\"La est\u00e9tica de la madera + los beneficios del PVC\",\"datePublished\":\"2022-04-15T12:00:00+00:00\",\"dateModified\":\"2025-08-01T16:32:29+00:00\",\"mainEntityOfPage\":{\"@id\":\"https:\\\/\\\/weiku.com.br\\\/es\\\/la-estetica-de-la-madera-los-beneficios-del-pvc\\\/\"},\"wordCount\":178,\"image\":{\"@id\":\"https:\\\/\\\/weiku.com.br\\\/es\\\/la-estetica-de-la-madera-los-beneficios-del-pvc\\\/#primaryimage\"},\"thumbnailUrl\":\"https:\\\/\\\/weiku.com.br\\\/wp-content\\\/uploads\\\/2022\\\/04\\\/blog-detec-color-3-2.jpg\",\"inLanguage\":\"es\"},{\"@type\":\"WebPage\",\"@id\":\"https:\\\/\\\/weiku.com.br\\\/es\\\/la-estetica-de-la-madera-los-beneficios-del-pvc\\\/\",\"url\":\"https:\\\/\\\/weiku.com.br\\\/es\\\/la-estetica-de-la-madera-los-beneficios-del-pvc\\\/\",\"name\":\"La est\u00e9tica de la madera + los beneficios del PVC - Weiku\",\"isPartOf\":{\"@id\":\"https:\\\/\\\/weiku.com.br\\\/es\\\/#website\"},\"primaryImageOfPage\":{\"@id\":\"https:\\\/\\\/weiku.com.br\\\/es\\\/la-estetica-de-la-madera-los-beneficios-del-pvc\\\/#primaryimage\"},\"image\":{\"@id\":\"https:\\\/\\\/weiku.com.br\\\/es\\\/la-estetica-de-la-madera-los-beneficios-del-pvc\\\/#primaryimage\"},\"thumbnailUrl\":\"https:\\\/\\\/weiku.com.br\\\/wp-content\\\/uploads\\\/2022\\\/04\\\/blog-detec-color-3-2.jpg\",\"datePublished\":\"2022-04-15T12:00:00+00:00\",\"dateModified\":\"2025-08-01T16:32:29+00:00\",\"author\":{\"@id\":\"https:\\\/\\\/weiku.com.br\\\/es\\\/#\\\/schema\\\/person\\\/a15df1b49db4f0c34776a50f6a0ba70d\"},\"breadcrumb\":{\"@id\":\"https:\\\/\\\/weiku.com.br\\\/es\\\/la-estetica-de-la-madera-los-beneficios-del-pvc\\\/#breadcrumb\"},\"inLanguage\":\"es\",\"potentialAction\":[{\"@type\":\"ReadAction\",\"target\":[\"https:\\\/\\\/weiku.com.br\\\/es\\\/la-estetica-de-la-madera-los-beneficios-del-pvc\\\/\"]}]},{\"@type\":\"ImageObject\",\"inLanguage\":\"es\",\"@id\":\"https:\\\/\\\/weiku.com.br\\\/es\\\/la-estetica-de-la-madera-los-beneficios-del-pvc\\\/#primaryimage\",\"url\":\"https:\\\/\\\/weiku.com.br\\\/wp-content\\\/uploads\\\/2022\\\/04\\\/blog-detec-color-3-2.jpg\",\"contentUrl\":\"https:\\\/\\\/weiku.com.br\\\/wp-content\\\/uploads\\\/2022\\\/04\\\/blog-detec-color-3-2.jpg\",\"width\":1000,\"height\":563},{\"@type\":\"BreadcrumbList\",\"@id\":\"https:\\\/\\\/weiku.com.br\\\/es\\\/la-estetica-de-la-madera-los-beneficios-del-pvc\\\/#breadcrumb\",\"itemListElement\":[{\"@type\":\"ListItem\",\"position\":1,\"name\":\"In\u00edcio\",\"item\":\"https:\\\/\\\/weiku.com.br\\\/es\\\/\"},{\"@type\":\"ListItem\",\"position\":2,\"name\":\"La est\u00e9tica de la madera + los beneficios del PVC\"}]},{\"@type\":\"WebSite\",\"@id\":\"https:\\\/\\\/weiku.com.br\\\/es\\\/#website\",\"url\":\"https:\\\/\\\/weiku.com.br\\\/es\\\/\",\"name\":\"Weiku\",\"description\":\"Esquadrias de PVC - Weiku do Brasil\",\"potentialAction\":[{\"@type\":\"SearchAction\",\"target\":{\"@type\":\"EntryPoint\",\"urlTemplate\":\"https:\\\/\\\/weiku.com.br\\\/es\\\/?s={search_term_string}\"},\"query-input\":{\"@type\":\"PropertyValueSpecification\",\"valueRequired\":true,\"valueName\":\"search_term_string\"}}],\"inLanguage\":\"es\"},{\"@type\":\"Person\",\"@id\":\"https:\\\/\\\/weiku.com.br\\\/es\\\/#\\\/schema\\\/person\\\/a15df1b49db4f0c34776a50f6a0ba70d\",\"name\":\"Mateus Fernandes\",\"image\":{\"@type\":\"ImageObject\",\"inLanguage\":\"es\",\"@id\":\"https:\\\/\\\/weiku.com.br\\\/wp-content\\\/litespeed\\\/avatar\\\/900ee9f544fa1ea84bffb5ef4c3394f3.jpg?ver=1777254458\",\"url\":\"https:\\\/\\\/weiku.com.br\\\/wp-content\\\/litespeed\\\/avatar\\\/900ee9f544fa1ea84bffb5ef4c3394f3.jpg?ver=1777254458\",\"contentUrl\":\"https:\\\/\\\/weiku.com.br\\\/wp-content\\\/litespeed\\\/avatar\\\/900ee9f544fa1ea84bffb5ef4c3394f3.jpg?ver=1777254458\",\"caption\":\"Mateus Fernandes\"},\"sameAs\":[\"http:\\\/\\\/www.weiku.com.br\"],\"url\":\"https:\\\/\\\/weiku.com.br\\\/es\\\/author\\\/mateus\\\/\"}]}<\/script>\n<!-- \/ Yoast SEO plugin. -->","yoast_head_json":{"title":"La est\u00e9tica de la madera + los beneficios del PVC - Weiku","robots":{"index":"index","follow":"follow","max-snippet":"max-snippet:-1","max-image-preview":"max-image-preview:large","max-video-preview":"max-video-preview:-1"},"canonical":"https:\/\/weiku.com.br\/es\/la-estetica-de-la-madera-los-beneficios-del-pvc\/","og_locale":"es_ES","og_type":"article","og_title":"La est\u00e9tica de la madera + los beneficios del PVC - Weiku","og_description":"Las ventanas y puertas de PVC de Weiku do Brasil tienen varios beneficios que probablemente ya conoces, como la estanqueidad, el aislamiento, el confort termoac\u00fastico y el f\u00e1cil mantenimiento y limpieza. Adem\u00e1s, cuentas con la versatilidad de las esquadrias, con diversas opciones de colores. Actualmente, en el mercado contamos con 15 opciones en la l\u00ednea [&hellip;]","og_url":"https:\/\/weiku.com.br\/es\/la-estetica-de-la-madera-los-beneficios-del-pvc\/","og_site_name":"Weiku","article_published_time":"2022-04-15T12:00:00+00:00","article_modified_time":"2025-08-01T16:32:29+00:00","og_image":[{"width":1000,"height":563,"url":"https:\/\/weiku.com.br\/wp-content\/uploads\/2022\/04\/blog-detec-color-3-2.jpg","type":"image\/jpeg"}],"author":"Mateus Fernandes","twitter_card":"summary_large_image","twitter_misc":{"Escrito por":"Mateus Fernandes","Tiempo de lectura":"1 minuto"},"schema":{"@context":"https:\/\/schema.org","@graph":[{"@type":"Article","@id":"https:\/\/weiku.com.br\/es\/la-estetica-de-la-madera-los-beneficios-del-pvc\/#article","isPartOf":{"@id":"https:\/\/weiku.com.br\/es\/la-estetica-de-la-madera-los-beneficios-del-pvc\/"},"author":{"name":"Mateus Fernandes","@id":"https:\/\/weiku.com.br\/es\/#\/schema\/person\/a15df1b49db4f0c34776a50f6a0ba70d"},"headline":"La est\u00e9tica de la madera + los beneficios del PVC","datePublished":"2022-04-15T12:00:00+00:00","dateModified":"2025-08-01T16:32:29+00:00","mainEntityOfPage":{"@id":"https:\/\/weiku.com.br\/es\/la-estetica-de-la-madera-los-beneficios-del-pvc\/"},"wordCount":178,"image":{"@id":"https:\/\/weiku.com.br\/es\/la-estetica-de-la-madera-los-beneficios-del-pvc\/#primaryimage"},"thumbnailUrl":"https:\/\/weiku.com.br\/wp-content\/uploads\/2022\/04\/blog-detec-color-3-2.jpg","inLanguage":"es"},{"@type":"WebPage","@id":"https:\/\/weiku.com.br\/es\/la-estetica-de-la-madera-los-beneficios-del-pvc\/","url":"https:\/\/weiku.com.br\/es\/la-estetica-de-la-madera-los-beneficios-del-pvc\/","name":"La est\u00e9tica de la madera + los beneficios del PVC - Weiku","isPartOf":{"@id":"https:\/\/weiku.com.br\/es\/#website"},"primaryImageOfPage":{"@id":"https:\/\/weiku.com.br\/es\/la-estetica-de-la-madera-los-beneficios-del-pvc\/#primaryimage"},"image":{"@id":"https:\/\/weiku.com.br\/es\/la-estetica-de-la-madera-los-beneficios-del-pvc\/#primaryimage"},"thumbnailUrl":"https:\/\/weiku.com.br\/wp-content\/uploads\/2022\/04\/blog-detec-color-3-2.jpg","datePublished":"2022-04-15T12:00:00+00:00","dateModified":"2025-08-01T16:32:29+00:00","author":{"@id":"https:\/\/weiku.com.br\/es\/#\/schema\/person\/a15df1b49db4f0c34776a50f6a0ba70d"},"breadcrumb":{"@id":"https:\/\/weiku.com.br\/es\/la-estetica-de-la-madera-los-beneficios-del-pvc\/#breadcrumb"},"inLanguage":"es","potentialAction":[{"@type":"ReadAction","target":["https:\/\/weiku.com.br\/es\/la-estetica-de-la-madera-los-beneficios-del-pvc\/"]}]},{"@type":"ImageObject","inLanguage":"es","@id":"https:\/\/weiku.com.br\/es\/la-estetica-de-la-madera-los-beneficios-del-pvc\/#primaryimage","url":"https:\/\/weiku.com.br\/wp-content\/uploads\/2022\/04\/blog-detec-color-3-2.jpg","contentUrl":"https:\/\/weiku.com.br\/wp-content\/uploads\/2022\/04\/blog-detec-color-3-2.jpg","width":1000,"height":563},{"@type":"BreadcrumbList","@id":"https:\/\/weiku.com.br\/es\/la-estetica-de-la-madera-los-beneficios-del-pvc\/#breadcrumb","itemListElement":[{"@type":"ListItem","position":1,"name":"In\u00edcio","item":"https:\/\/weiku.com.br\/es\/"},{"@type":"ListItem","position":2,"name":"La est\u00e9tica de la madera + los beneficios del PVC"}]},{"@type":"WebSite","@id":"https:\/\/weiku.com.br\/es\/#website","url":"https:\/\/weiku.com.br\/es\/","name":"Weiku","description":"Esquadrias de PVC - Weiku do Brasil","potentialAction":[{"@type":"SearchAction","target":{"@type":"EntryPoint","urlTemplate":"https:\/\/weiku.com.br\/es\/?s={search_term_string}"},"query-input":{"@type":"PropertyValueSpecification","valueRequired":true,"valueName":"search_term_string"}}],"inLanguage":"es"},{"@type":"Person","@id":"https:\/\/weiku.com.br\/es\/#\/schema\/person\/a15df1b49db4f0c34776a50f6a0ba70d","name":"Mateus Fernandes","image":{"@type":"ImageObject","inLanguage":"es","@id":"https:\/\/weiku.com.br\/wp-content\/litespeed\/avatar\/900ee9f544fa1ea84bffb5ef4c3394f3.jpg?ver=1777254458","url":"https:\/\/weiku.com.br\/wp-content\/litespeed\/avatar\/900ee9f544fa1ea84bffb5ef4c3394f3.jpg?ver=1777254458","contentUrl":"https:\/\/weiku.com.br\/wp-content\/litespeed\/avatar\/900ee9f544fa1ea84bffb5ef4c3394f3.jpg?ver=1777254458","caption":"Mateus Fernandes"},"sameAs":["http:\/\/www.weiku.com.br"],"url":"https:\/\/weiku.com.br\/es\/author\/mateus\/"}]}},"_links":{"self":[{"href":"https:\/\/weiku.com.br\/es\/wp-json\/wp\/v2\/posts\/32309","targetHints":{"allow":["GET"]}}],"collection":[{"href":"https:\/\/weiku.com.br\/es\/wp-json\/wp\/v2\/posts"}],"about":[{"href":"https:\/\/weiku.com.br\/es\/wp-json\/wp\/v2\/types\/post"}],"author":[{"embeddable":true,"href":"https:\/\/weiku.com.br\/es\/wp-json\/wp\/v2\/users\/35"}],"replies":[{"embeddable":true,"href":"https:\/\/weiku.com.br\/es\/wp-json\/wp\/v2\/comments?post=32309"}],"version-history":[{"count":1,"href":"https:\/\/weiku.com.br\/es\/wp-json\/wp\/v2\/posts\/32309\/revisions"}],"predecessor-version":[{"id":32310,"href":"https:\/\/weiku.com.br\/es\/wp-json\/wp\/v2\/posts\/32309\/revisions\/32310"}],"wp:featuredmedia":[{"embeddable":true,"href":"https:\/\/weiku.com.br\/es\/wp-json\/wp\/v2\/media\/30522"}],"wp:attachment":[{"href":"https:\/\/weiku.com.br\/es\/wp-json\/wp\/v2\/media?parent=32309"}],"wp:term":[{"taxonomy":"category","embeddable":true,"href":"https:\/\/weiku.com.br\/es\/wp-json\/wp\/v2\/categories?post=32309"},{"taxonomy":"post_tag","embeddable":true,"href":"https:\/\/weiku.com.br\/es\/wp-json\/wp\/v2\/tags?post=32309"}],"curies":[{"name":"wp","href":"https:\/\/api.w.org\/{rel}","templated":true}]}}