{"id":31489,"date":"2022-09-06T15:11:59","date_gmt":"2022-09-06T18:11:59","guid":{"rendered":"https:\/\/weiku.com.br\/obras-y-lanzamientos-de-weiku-do-brasil-destacan-en-la-5a-edicion-de-w-magazin\/"},"modified":"2025-07-28T15:58:34","modified_gmt":"2025-07-28T18:58:34","slug":"obras-y-lanzamientos-de-weiku-do-brasil-destacan-en-la-5a-edicion-de-w-magazin","status":"publish","type":"post","link":"https:\/\/weiku.com.br\/es\/obras-y-lanzamientos-de-weiku-do-brasil-destacan-en-la-5a-edicion-de-w-magazin\/","title":{"rendered":"Obras y lanzamientos de Weiku do Brasil destacan en la 5\u00aa edici\u00f3n de W Magazin"},"content":{"rendered":"\n<p>El lanzamiento de W Magazin se realiza el 6 de septiembre.<\/p>\n\n<figure class=\"wp-block-image size-large is-resized\"><img loading=\"lazy\" decoding=\"async\" width=\"1024\" height=\"768\" src=\"https:\/\/weiku.com.br\/wp-content\/uploads\/2022\/09\/mockup_wmagazin-edicao5-2-1024x768.jpg\" alt=\"\" class=\"wp-image-31500\" style=\"width:442px;height:auto\" srcset=\"https:\/\/weiku.com.br\/wp-content\/uploads\/2022\/09\/mockup_wmagazin-edicao5-2-1024x768.jpg 1024w, https:\/\/weiku.com.br\/wp-content\/uploads\/2022\/09\/mockup_wmagazin-edicao5-2-300x225.jpg 300w, https:\/\/weiku.com.br\/wp-content\/uploads\/2022\/09\/mockup_wmagazin-edicao5-2-768x576.jpg 768w, https:\/\/weiku.com.br\/wp-content\/uploads\/2022\/09\/mockup_wmagazin-edicao5-2-1536x1152.jpg 1536w, https:\/\/weiku.com.br\/wp-content\/uploads\/2022\/09\/mockup_wmagazin-edicao5-2-2048x1536.jpg 2048w\" sizes=\"auto, (max-width: 1024px) 100vw, 1024px\" \/><\/figure>\n\n<p>Son m\u00e1s de dos d\u00e9cadas de historia y miles de proyectos. Desde 2018, Weiku do Brasil presenta en las p\u00e1ginas de W Magazin detalles de proyectos realizados en todos los estados donde opera. <\/p>\n\n<p>En 2022, la 5\u00aa edici\u00f3n de la revista ser\u00e1 lanzada el 6 de septiembre, trayendo grandes novedades. Entre ellas, obras realizadas en el estado de Minas Gerais, siendo esta la primera edici\u00f3n que contar\u00e1 con proyectos de clientes mineiros. Para Weiku do Brasil, las obras son sin\u00f3nimo de realizaci\u00f3n y orgullo, pues transforman los sue\u00f1os de los moradores en realidad.  <\/p>\n\n<p>En m\u00e1s de 200 p\u00e1ginas de esta edici\u00f3n, contenidos exclusivos e informativos, como la entrevista con Zinho Martinho de ZD arquitectura, renombrado arquitecto de R\u00edo de Janeiro. Adem\u00e1s, informaci\u00f3n sobre inversiones y nueva maquinaria adquirida para optimizar procesos sin perder la calidad de los productos. <\/p>\n\n<p>Tambi\u00e9n incluye testimonios de <a href=\"https:\/\/www.youtube.com\/user\/gabiluthai\/featured\">Gabi Luthai, <\/a>quien cuenta su experiencia con los productos de Weiku en la reforma de su casa, desde el aislamiento termoac\u00fastico y la personalizaci\u00f3n de las carpinter\u00edas, hasta el servicio postventa ofrecido por la empresa.<\/p>\n\n<p>Y si hay revista, hay lanzamiento. En 2022, Weiku do Brasil presenta el acabado Satin al ya conocido y adorado revestimiento <a href=\"https:\/\/weiku.cordilheiramidias.com\/revestimento-corstone\/\">Corstone<\/a>, as\u00ed como las aperturas oscilobatientes y maxim-ar de la l\u00ednea minimalista <a href=\"https:\/\/weiku.cordilheiramidias.com\/linha-vista-max-esquadrias-minimalistas-onde-o-menos-e-mais\/\">Vista Max.<\/a> <\/p>\n\n<figure class=\"wp-block-image size-large is-resized\"><img loading=\"lazy\" decoding=\"async\" width=\"1024\" height=\"739\" src=\"https:\/\/weiku.com.br\/wp-content\/uploads\/2022\/09\/mockup_wmagazin-edicao5-3-1024x739.jpg\" alt=\"\" class=\"wp-image-31507\" style=\"width:489px;height:auto\" srcset=\"https:\/\/weiku.com.br\/wp-content\/uploads\/2022\/09\/mockup_wmagazin-edicao5-3-1024x739.jpg 1024w, https:\/\/weiku.com.br\/wp-content\/uploads\/2022\/09\/mockup_wmagazin-edicao5-3-300x217.jpg 300w, https:\/\/weiku.com.br\/wp-content\/uploads\/2022\/09\/mockup_wmagazin-edicao5-3-768x555.jpg 768w, https:\/\/weiku.com.br\/wp-content\/uploads\/2022\/09\/mockup_wmagazin-edicao5-3-1536x1109.jpg 1536w, https:\/\/weiku.com.br\/wp-content\/uploads\/2022\/09\/mockup_wmagazin-edicao5-3-2048x1479.jpg 2048w\" sizes=\"auto, (max-width: 1024px) 100vw, 1024px\" \/><\/figure>\n\n<p>Las puertas gigantes de <a href=\"https:\/\/weiku.cordilheiramidias.com\/weiku-do-brasil-e-projetta-uma-parceria-de-sucesso\/\">Projetta by Weiku <\/a>tambi\u00e9n destacan en esta edici\u00f3n, pudi\u00e9ndose apreciar en obras impresionantes.<\/p>\n\n<p>\u00bfQuieres saber m\u00e1s? Todo el contenido de W Magazin puede encontrarse en el <a href=\"https:\/\/weiku.cordilheiramidias.com\/\">sitio web<\/a> o puede solicitarse la versi\u00f3n online o impresa a nuestro equipo de Marketing por el correo electr\u00f3nico: marketing03@weiku.cordilheiramidias.com. \u00a1Cont\u00e1ctanos!  <\/p>\n\n<p><\/p>\n\n<ul class=\"wp-block-social-links aligncenter is-style-logos-only is-layout-flex wp-block-social-links-is-layout-flex\"><li class=\"wp-social-link wp-social-link-instagram  wp-block-social-link\"><a href=\"https:\/\/www.instagram.com\/weikudobrasil\/\" class=\"wp-block-social-link-anchor\"><svg width=\"24\" height=\"24\" viewBox=\"0 0 24 24\" version=\"1.1\" xmlns=\"http:\/\/www.w3.org\/2000\/svg\" aria-hidden=\"true\" focusable=\"false\"><path d=\"M12,4.622c2.403,0,2.688,0.009,3.637,0.052c0.877,0.04,1.354,0.187,1.671,0.31c0.42,0.163,0.72,0.358,1.035,0.673 c0.315,0.315,0.51,0.615,0.673,1.035c0.123,0.317,0.27,0.794,0.31,1.671c0.043,0.949,0.052,1.234,0.052,3.637 s-0.009,2.688-0.052,3.637c-0.04,0.877-0.187,1.354-0.31,1.671c-0.163,0.42-0.358,0.72-0.673,1.035 c-0.315,0.315-0.615,0.51-1.035,0.673c-0.317,0.123-0.794,0.27-1.671,0.31c-0.949,0.043-1.233,0.052-3.637,0.052 s-2.688-0.009-3.637-0.052c-0.877-0.04-1.354-0.187-1.671-0.31c-0.42-0.163-0.72-0.358-1.035-0.673 c-0.315-0.315-0.51-0.615-0.673-1.035c-0.123-0.317-0.27-0.794-0.31-1.671C4.631,14.688,4.622,14.403,4.622,12 s0.009-2.688,0.052-3.637c0.04-0.877,0.187-1.354,0.31-1.671c0.163-0.42,0.358-0.72,0.673-1.035 c0.315-0.315,0.615-0.51,1.035-0.673c0.317-0.123,0.794-0.27,1.671-0.31C9.312,4.631,9.597,4.622,12,4.622 M12,3 C9.556,3,9.249,3.01,8.289,3.054C7.331,3.098,6.677,3.25,6.105,3.472C5.513,3.702,5.011,4.01,4.511,4.511 c-0.5,0.5-0.808,1.002-1.038,1.594C3.25,6.677,3.098,7.331,3.054,8.289C3.01,9.249,3,9.556,3,12c0,2.444,0.01,2.751,0.054,3.711 c0.044,0.958,0.196,1.612,0.418,2.185c0.23,0.592,0.538,1.094,1.038,1.594c0.5,0.5,1.002,0.808,1.594,1.038 c0.572,0.222,1.227,0.375,2.185,0.418C9.249,20.99,9.556,21,12,21s2.751-0.01,3.711-0.054c0.958-0.044,1.612-0.196,2.185-0.418 c0.592-0.23,1.094-0.538,1.594-1.038c0.5-0.5,0.808-1.002,1.038-1.594c0.222-0.572,0.375-1.227,0.418-2.185 C20.99,14.751,21,14.444,21,12s-0.01-2.751-0.054-3.711c-0.044-0.958-0.196-1.612-0.418-2.185c-0.23-0.592-0.538-1.094-1.038-1.594 c-0.5-0.5-1.002-0.808-1.594-1.038c-0.572-0.222-1.227-0.375-2.185-0.418C14.751,3.01,14.444,3,12,3L12,3z M12,7.378 c-2.552,0-4.622,2.069-4.622,4.622S9.448,16.622,12,16.622s4.622-2.069,4.622-4.622S14.552,7.378,12,7.378z M12,15 c-1.657,0-3-1.343-3-3s1.343-3,3-3s3,1.343,3,3S13.657,15,12,15z M16.804,6.116c-0.596,0-1.08,0.484-1.08,1.08 s0.484,1.08,1.08,1.08c0.596,0,1.08-0.484,1.08-1.08S17.401,6.116,16.804,6.116z\"><\/path><\/svg><span class=\"wp-block-social-link-label screen-reader-text\">Instagram<\/span><\/a><\/li>\n\n<li class=\"wp-social-link wp-social-link-facebook  wp-block-social-link\"><a href=\"https:\/\/www.facebook.com\/weikudobrasil\" class=\"wp-block-social-link-anchor\"><svg width=\"24\" height=\"24\" viewBox=\"0 0 24 24\" version=\"1.1\" xmlns=\"http:\/\/www.w3.org\/2000\/svg\" aria-hidden=\"true\" focusable=\"false\"><path d=\"M12 2C6.5 2 2 6.5 2 12c0 5 3.7 9.1 8.4 9.9v-7H7.9V12h2.5V9.8c0-2.5 1.5-3.9 3.8-3.9 1.1 0 2.2.2 2.2.2v2.5h-1.3c-1.2 0-1.6.8-1.6 1.6V12h2.8l-.4 2.9h-2.3v7C18.3 21.1 22 17 22 12c0-5.5-4.5-10-10-10z\"><\/path><\/svg><span class=\"wp-block-social-link-label screen-reader-text\">Facebook<\/span><\/a><\/li>\n\n<li class=\"wp-social-link wp-social-link-pinterest  wp-block-social-link\"><a href=\"https:\/\/br.pinterest.com\/weikudobrasil\/\" class=\"wp-block-social-link-anchor\"><svg width=\"24\" height=\"24\" viewBox=\"0 0 24 24\" version=\"1.1\" xmlns=\"http:\/\/www.w3.org\/2000\/svg\" aria-hidden=\"true\" focusable=\"false\"><path d=\"M12.289,2C6.617,2,3.606,5.648,3.606,9.622c0,1.846,1.025,4.146,2.666,4.878c0.25,0.111,0.381,0.063,0.439-0.169 c0.044-0.175,0.267-1.029,0.365-1.428c0.032-0.128,0.017-0.237-0.091-0.362C6.445,11.911,6.01,10.75,6.01,9.668 c0-2.777,2.194-5.464,5.933-5.464c3.23,0,5.49,2.108,5.49,5.122c0,3.407-1.794,5.768-4.13,5.768c-1.291,0-2.257-1.021-1.948-2.277 c0.372-1.495,1.089-3.112,1.089-4.191c0-0.967-0.542-1.775-1.663-1.775c-1.319,0-2.379,1.309-2.379,3.059 c0,1.115,0.394,1.869,0.394,1.869s-1.302,5.279-1.54,6.261c-0.405,1.666,0.053,4.368,0.094,4.604 c0.021,0.126,0.167,0.169,0.25,0.063c0.129-0.165,1.699-2.419,2.142-4.051c0.158-0.59,0.817-2.995,0.817-2.995 c0.43,0.784,1.681,1.446,3.013,1.446c3.963,0,6.822-3.494,6.822-7.833C20.394,5.112,16.849,2,12.289,2\"><\/path><\/svg><span class=\"wp-block-social-link-label screen-reader-text\">Pinterest<\/span><\/a><\/li>\n\n<li class=\"wp-social-link wp-social-link-linkedin  wp-block-social-link\"><a href=\"https:\/\/www.linkedin.com\/company\/weiku-do-brasil\/\" class=\"wp-block-social-link-anchor\"><svg width=\"24\" height=\"24\" viewBox=\"0 0 24 24\" version=\"1.1\" xmlns=\"http:\/\/www.w3.org\/2000\/svg\" aria-hidden=\"true\" focusable=\"false\"><path d=\"M19.7,3H4.3C3.582,3,3,3.582,3,4.3v15.4C3,20.418,3.582,21,4.3,21h15.4c0.718,0,1.3-0.582,1.3-1.3V4.3 C21,3.582,20.418,3,19.7,3z M8.339,18.338H5.667v-8.59h2.672V18.338z M7.004,8.574c-0.857,0-1.549-0.694-1.549-1.548 c0-0.855,0.691-1.548,1.549-1.548c0.854,0,1.547,0.694,1.547,1.548C8.551,7.881,7.858,8.574,7.004,8.574z M18.339,18.338h-2.669 v-4.177c0-0.996-0.017-2.278-1.387-2.278c-1.389,0-1.601,1.086-1.601,2.206v4.249h-2.667v-8.59h2.559v1.174h0.037 c0.356-0.675,1.227-1.387,2.526-1.387c2.703,0,3.203,1.779,3.203,4.092V18.338z\"><\/path><\/svg><span class=\"wp-block-social-link-label screen-reader-text\">LinkedIn<\/span><\/a><\/li>\n\n<li class=\"wp-social-link wp-social-link-youtube  wp-block-social-link\"><a href=\"https:\/\/www.youtube.com\/WeikudoBrasil\" class=\"wp-block-social-link-anchor\"><svg width=\"24\" height=\"24\" viewBox=\"0 0 24 24\" version=\"1.1\" xmlns=\"http:\/\/www.w3.org\/2000\/svg\" aria-hidden=\"true\" focusable=\"false\"><path d=\"M21.8,8.001c0,0-0.195-1.378-0.795-1.985c-0.76-0.797-1.613-0.801-2.004-0.847c-2.799-0.202-6.997-0.202-6.997-0.202 h-0.009c0,0-4.198,0-6.997,0.202C4.608,5.216,3.756,5.22,2.995,6.016C2.395,6.623,2.2,8.001,2.2,8.001S2,9.62,2,11.238v1.517 c0,1.618,0.2,3.237,0.2,3.237s0.195,1.378,0.795,1.985c0.761,0.797,1.76,0.771,2.205,0.855c1.6,0.153,6.8,0.201,6.8,0.201 s4.203-0.006,7.001-0.209c0.391-0.047,1.243-0.051,2.004-0.847c0.6-0.607,0.795-1.985,0.795-1.985s0.2-1.618,0.2-3.237v-1.517 C22,9.62,21.8,8.001,21.8,8.001z M9.935,14.594l-0.001-5.62l5.404,2.82L9.935,14.594z\"><\/path><\/svg><span class=\"wp-block-social-link-label screen-reader-text\">YouTube<\/span><\/a><\/li><\/ul>\n","protected":false},"excerpt":{"rendered":"<p>El lanzamiento de W Magazin se realiza el 6 de septiembre. Son m\u00e1s de dos d\u00e9cadas de historia y miles de proyectos. Desde 2018, Weiku do Brasil presenta en las p\u00e1ginas de W Magazin detalles de proyectos realizados en todos los estados donde opera. En 2022, la 5\u00aa edici\u00f3n de la revista ser\u00e1 lanzada el [&hellip;]<\/p>\n","protected":false},"author":35,"featured_media":31494,"comment_status":"closed","ping_status":"open","sticky":false,"template":"","format":"standard","meta":{"_acf_changed":false,"footnotes":""},"categories":[743],"tags":[],"class_list":["post-31489","post","type-post","status-publish","format-standard","has-post-thumbnail","hentry","category-sin-categoria"],"acf":[],"yoast_head":"<!-- This site is optimized with the Yoast SEO plugin v27.3 - https:\/\/yoast.com\/product\/yoast-seo-wordpress\/ -->\n<title>Lanzamiento de la 5\u00aa Edici\u00f3n de W Magazin<\/title>\n<meta name=\"description\" content=\"Desde 2018, Weiku do Brasil presenta en las p\u00e1ginas de W Magazin detalles de proyectos realizados en todos los estados donde opera.\" \/>\n<meta name=\"robots\" content=\"index, follow, max-snippet:-1, max-image-preview:large, max-video-preview:-1\" \/>\n<link rel=\"canonical\" href=\"https:\/\/weiku.com.br\/es\/obras-y-lanzamientos-de-weiku-do-brasil-destacan-en-la-5a-edicion-de-w-magazin\/\" \/>\n<meta property=\"og:locale\" content=\"es_ES\" \/>\n<meta property=\"og:type\" content=\"article\" \/>\n<meta property=\"og:title\" content=\"Lanzamiento de la 5\u00aa Edici\u00f3n de W Magazin\" \/>\n<meta property=\"og:description\" content=\"Desde 2018, Weiku do Brasil presenta en las p\u00e1ginas de W Magazin detalles de proyectos realizados en todos los estados donde opera.\" \/>\n<meta property=\"og:url\" content=\"https:\/\/weiku.com.br\/es\/obras-y-lanzamientos-de-weiku-do-brasil-destacan-en-la-5a-edicion-de-w-magazin\/\" \/>\n<meta property=\"og:site_name\" content=\"Weiku\" \/>\n<meta property=\"article:published_time\" content=\"2022-09-06T18:11:59+00:00\" \/>\n<meta property=\"article:modified_time\" content=\"2025-07-28T18:58:34+00:00\" \/>\n<meta property=\"og:image\" content=\"https:\/\/weiku.com.br\/wp-content\/uploads\/2022\/09\/mockup_wmagazin-edicao5-1024x768.jpg\" \/>\n\t<meta property=\"og:image:width\" content=\"1024\" \/>\n\t<meta property=\"og:image:height\" content=\"768\" \/>\n\t<meta property=\"og:image:type\" content=\"image\/jpeg\" \/>\n<meta name=\"author\" content=\"Mateus Fernandes\" \/>\n<meta name=\"twitter:card\" content=\"summary_large_image\" \/>\n<meta name=\"twitter:label1\" content=\"Escrito por\" \/>\n\t<meta name=\"twitter:data1\" content=\"Mateus Fernandes\" \/>\n\t<meta name=\"twitter:label2\" content=\"Tiempo de lectura\" \/>\n\t<meta name=\"twitter:data2\" content=\"1 minuto\" \/>\n<script type=\"application\/ld+json\" class=\"yoast-schema-graph\">{\"@context\":\"https:\\\/\\\/schema.org\",\"@graph\":[{\"@type\":\"Article\",\"@id\":\"https:\\\/\\\/weiku.com.br\\\/es\\\/obras-y-lanzamientos-de-weiku-do-brasil-destacan-en-la-5a-edicion-de-w-magazin\\\/#article\",\"isPartOf\":{\"@id\":\"https:\\\/\\\/weiku.com.br\\\/es\\\/obras-y-lanzamientos-de-weiku-do-brasil-destacan-en-la-5a-edicion-de-w-magazin\\\/\"},\"author\":{\"name\":\"Mateus Fernandes\",\"@id\":\"https:\\\/\\\/weiku.com.br\\\/es\\\/#\\\/schema\\\/person\\\/a15df1b49db4f0c34776a50f6a0ba70d\"},\"headline\":\"Obras y lanzamientos de Weiku do Brasil destacan en la 5\u00aa edici\u00f3n de W Magazin\",\"datePublished\":\"2022-09-06T18:11:59+00:00\",\"dateModified\":\"2025-07-28T18:58:34+00:00\",\"mainEntityOfPage\":{\"@id\":\"https:\\\/\\\/weiku.com.br\\\/es\\\/obras-y-lanzamientos-de-weiku-do-brasil-destacan-en-la-5a-edicion-de-w-magazin\\\/\"},\"wordCount\":311,\"image\":{\"@id\":\"https:\\\/\\\/weiku.com.br\\\/es\\\/obras-y-lanzamientos-de-weiku-do-brasil-destacan-en-la-5a-edicion-de-w-magazin\\\/#primaryimage\"},\"thumbnailUrl\":\"https:\\\/\\\/weiku.com.br\\\/wp-content\\\/uploads\\\/2022\\\/09\\\/mockup_wmagazin-edicao5.jpg\",\"inLanguage\":\"es\"},{\"@type\":\"WebPage\",\"@id\":\"https:\\\/\\\/weiku.com.br\\\/es\\\/obras-y-lanzamientos-de-weiku-do-brasil-destacan-en-la-5a-edicion-de-w-magazin\\\/\",\"url\":\"https:\\\/\\\/weiku.com.br\\\/es\\\/obras-y-lanzamientos-de-weiku-do-brasil-destacan-en-la-5a-edicion-de-w-magazin\\\/\",\"name\":\"Lanzamiento de la 5\u00aa Edici\u00f3n de W Magazin\",\"isPartOf\":{\"@id\":\"https:\\\/\\\/weiku.com.br\\\/es\\\/#website\"},\"primaryImageOfPage\":{\"@id\":\"https:\\\/\\\/weiku.com.br\\\/es\\\/obras-y-lanzamientos-de-weiku-do-brasil-destacan-en-la-5a-edicion-de-w-magazin\\\/#primaryimage\"},\"image\":{\"@id\":\"https:\\\/\\\/weiku.com.br\\\/es\\\/obras-y-lanzamientos-de-weiku-do-brasil-destacan-en-la-5a-edicion-de-w-magazin\\\/#primaryimage\"},\"thumbnailUrl\":\"https:\\\/\\\/weiku.com.br\\\/wp-content\\\/uploads\\\/2022\\\/09\\\/mockup_wmagazin-edicao5.jpg\",\"datePublished\":\"2022-09-06T18:11:59+00:00\",\"dateModified\":\"2025-07-28T18:58:34+00:00\",\"author\":{\"@id\":\"https:\\\/\\\/weiku.com.br\\\/es\\\/#\\\/schema\\\/person\\\/a15df1b49db4f0c34776a50f6a0ba70d\"},\"description\":\"Desde 2018, Weiku do Brasil presenta en las p\u00e1ginas de W Magazin detalles de proyectos realizados en todos los estados donde opera.\",\"breadcrumb\":{\"@id\":\"https:\\\/\\\/weiku.com.br\\\/es\\\/obras-y-lanzamientos-de-weiku-do-brasil-destacan-en-la-5a-edicion-de-w-magazin\\\/#breadcrumb\"},\"inLanguage\":\"es\",\"potentialAction\":[{\"@type\":\"ReadAction\",\"target\":[\"https:\\\/\\\/weiku.com.br\\\/es\\\/obras-y-lanzamientos-de-weiku-do-brasil-destacan-en-la-5a-edicion-de-w-magazin\\\/\"]}]},{\"@type\":\"ImageObject\",\"inLanguage\":\"es\",\"@id\":\"https:\\\/\\\/weiku.com.br\\\/es\\\/obras-y-lanzamientos-de-weiku-do-brasil-destacan-en-la-5a-edicion-de-w-magazin\\\/#primaryimage\",\"url\":\"https:\\\/\\\/weiku.com.br\\\/wp-content\\\/uploads\\\/2022\\\/09\\\/mockup_wmagazin-edicao5.jpg\",\"contentUrl\":\"https:\\\/\\\/weiku.com.br\\\/wp-content\\\/uploads\\\/2022\\\/09\\\/mockup_wmagazin-edicao5.jpg\",\"width\":3000,\"height\":2250},{\"@type\":\"BreadcrumbList\",\"@id\":\"https:\\\/\\\/weiku.com.br\\\/es\\\/obras-y-lanzamientos-de-weiku-do-brasil-destacan-en-la-5a-edicion-de-w-magazin\\\/#breadcrumb\",\"itemListElement\":[{\"@type\":\"ListItem\",\"position\":1,\"name\":\"In\u00edcio\",\"item\":\"https:\\\/\\\/weiku.com.br\\\/es\\\/\"},{\"@type\":\"ListItem\",\"position\":2,\"name\":\"Obras y lanzamientos de Weiku do Brasil destacan en la 5\u00aa edici\u00f3n de W Magazin\"}]},{\"@type\":\"WebSite\",\"@id\":\"https:\\\/\\\/weiku.com.br\\\/es\\\/#website\",\"url\":\"https:\\\/\\\/weiku.com.br\\\/es\\\/\",\"name\":\"Weiku\",\"description\":\"Esquadrias de PVC - Weiku do Brasil\",\"potentialAction\":[{\"@type\":\"SearchAction\",\"target\":{\"@type\":\"EntryPoint\",\"urlTemplate\":\"https:\\\/\\\/weiku.com.br\\\/es\\\/?s={search_term_string}\"},\"query-input\":{\"@type\":\"PropertyValueSpecification\",\"valueRequired\":true,\"valueName\":\"search_term_string\"}}],\"inLanguage\":\"es\"},{\"@type\":\"Person\",\"@id\":\"https:\\\/\\\/weiku.com.br\\\/es\\\/#\\\/schema\\\/person\\\/a15df1b49db4f0c34776a50f6a0ba70d\",\"name\":\"Mateus Fernandes\",\"image\":{\"@type\":\"ImageObject\",\"inLanguage\":\"es\",\"@id\":\"https:\\\/\\\/weiku.com.br\\\/wp-content\\\/litespeed\\\/avatar\\\/900ee9f544fa1ea84bffb5ef4c3394f3.jpg?ver=1777254458\",\"url\":\"https:\\\/\\\/weiku.com.br\\\/wp-content\\\/litespeed\\\/avatar\\\/900ee9f544fa1ea84bffb5ef4c3394f3.jpg?ver=1777254458\",\"contentUrl\":\"https:\\\/\\\/weiku.com.br\\\/wp-content\\\/litespeed\\\/avatar\\\/900ee9f544fa1ea84bffb5ef4c3394f3.jpg?ver=1777254458\",\"caption\":\"Mateus Fernandes\"},\"sameAs\":[\"http:\\\/\\\/www.weiku.com.br\"],\"url\":\"https:\\\/\\\/weiku.com.br\\\/es\\\/author\\\/mateus\\\/\"}]}<\/script>\n<!-- \/ Yoast SEO plugin. -->","yoast_head_json":{"title":"Lanzamiento de la 5\u00aa Edici\u00f3n de W Magazin","description":"Desde 2018, Weiku do Brasil presenta en las p\u00e1ginas de W Magazin detalles de proyectos realizados en todos los estados donde opera.","robots":{"index":"index","follow":"follow","max-snippet":"max-snippet:-1","max-image-preview":"max-image-preview:large","max-video-preview":"max-video-preview:-1"},"canonical":"https:\/\/weiku.com.br\/es\/obras-y-lanzamientos-de-weiku-do-brasil-destacan-en-la-5a-edicion-de-w-magazin\/","og_locale":"es_ES","og_type":"article","og_title":"Lanzamiento de la 5\u00aa Edici\u00f3n de W Magazin","og_description":"Desde 2018, Weiku do Brasil presenta en las p\u00e1ginas de W Magazin detalles de proyectos realizados en todos los estados donde opera.","og_url":"https:\/\/weiku.com.br\/es\/obras-y-lanzamientos-de-weiku-do-brasil-destacan-en-la-5a-edicion-de-w-magazin\/","og_site_name":"Weiku","article_published_time":"2022-09-06T18:11:59+00:00","article_modified_time":"2025-07-28T18:58:34+00:00","og_image":[{"width":1024,"height":768,"url":"https:\/\/weiku.com.br\/wp-content\/uploads\/2022\/09\/mockup_wmagazin-edicao5-1024x768.jpg","type":"image\/jpeg"}],"author":"Mateus Fernandes","twitter_card":"summary_large_image","twitter_misc":{"Escrito por":"Mateus Fernandes","Tiempo de lectura":"1 minuto"},"schema":{"@context":"https:\/\/schema.org","@graph":[{"@type":"Article","@id":"https:\/\/weiku.com.br\/es\/obras-y-lanzamientos-de-weiku-do-brasil-destacan-en-la-5a-edicion-de-w-magazin\/#article","isPartOf":{"@id":"https:\/\/weiku.com.br\/es\/obras-y-lanzamientos-de-weiku-do-brasil-destacan-en-la-5a-edicion-de-w-magazin\/"},"author":{"name":"Mateus Fernandes","@id":"https:\/\/weiku.com.br\/es\/#\/schema\/person\/a15df1b49db4f0c34776a50f6a0ba70d"},"headline":"Obras y lanzamientos de Weiku do Brasil destacan en la 5\u00aa edici\u00f3n de W Magazin","datePublished":"2022-09-06T18:11:59+00:00","dateModified":"2025-07-28T18:58:34+00:00","mainEntityOfPage":{"@id":"https:\/\/weiku.com.br\/es\/obras-y-lanzamientos-de-weiku-do-brasil-destacan-en-la-5a-edicion-de-w-magazin\/"},"wordCount":311,"image":{"@id":"https:\/\/weiku.com.br\/es\/obras-y-lanzamientos-de-weiku-do-brasil-destacan-en-la-5a-edicion-de-w-magazin\/#primaryimage"},"thumbnailUrl":"https:\/\/weiku.com.br\/wp-content\/uploads\/2022\/09\/mockup_wmagazin-edicao5.jpg","inLanguage":"es"},{"@type":"WebPage","@id":"https:\/\/weiku.com.br\/es\/obras-y-lanzamientos-de-weiku-do-brasil-destacan-en-la-5a-edicion-de-w-magazin\/","url":"https:\/\/weiku.com.br\/es\/obras-y-lanzamientos-de-weiku-do-brasil-destacan-en-la-5a-edicion-de-w-magazin\/","name":"Lanzamiento de la 5\u00aa Edici\u00f3n de W Magazin","isPartOf":{"@id":"https:\/\/weiku.com.br\/es\/#website"},"primaryImageOfPage":{"@id":"https:\/\/weiku.com.br\/es\/obras-y-lanzamientos-de-weiku-do-brasil-destacan-en-la-5a-edicion-de-w-magazin\/#primaryimage"},"image":{"@id":"https:\/\/weiku.com.br\/es\/obras-y-lanzamientos-de-weiku-do-brasil-destacan-en-la-5a-edicion-de-w-magazin\/#primaryimage"},"thumbnailUrl":"https:\/\/weiku.com.br\/wp-content\/uploads\/2022\/09\/mockup_wmagazin-edicao5.jpg","datePublished":"2022-09-06T18:11:59+00:00","dateModified":"2025-07-28T18:58:34+00:00","author":{"@id":"https:\/\/weiku.com.br\/es\/#\/schema\/person\/a15df1b49db4f0c34776a50f6a0ba70d"},"description":"Desde 2018, Weiku do Brasil presenta en las p\u00e1ginas de W Magazin detalles de proyectos realizados en todos los estados donde opera.","breadcrumb":{"@id":"https:\/\/weiku.com.br\/es\/obras-y-lanzamientos-de-weiku-do-brasil-destacan-en-la-5a-edicion-de-w-magazin\/#breadcrumb"},"inLanguage":"es","potentialAction":[{"@type":"ReadAction","target":["https:\/\/weiku.com.br\/es\/obras-y-lanzamientos-de-weiku-do-brasil-destacan-en-la-5a-edicion-de-w-magazin\/"]}]},{"@type":"ImageObject","inLanguage":"es","@id":"https:\/\/weiku.com.br\/es\/obras-y-lanzamientos-de-weiku-do-brasil-destacan-en-la-5a-edicion-de-w-magazin\/#primaryimage","url":"https:\/\/weiku.com.br\/wp-content\/uploads\/2022\/09\/mockup_wmagazin-edicao5.jpg","contentUrl":"https:\/\/weiku.com.br\/wp-content\/uploads\/2022\/09\/mockup_wmagazin-edicao5.jpg","width":3000,"height":2250},{"@type":"BreadcrumbList","@id":"https:\/\/weiku.com.br\/es\/obras-y-lanzamientos-de-weiku-do-brasil-destacan-en-la-5a-edicion-de-w-magazin\/#breadcrumb","itemListElement":[{"@type":"ListItem","position":1,"name":"In\u00edcio","item":"https:\/\/weiku.com.br\/es\/"},{"@type":"ListItem","position":2,"name":"Obras y lanzamientos de Weiku do Brasil destacan en la 5\u00aa edici\u00f3n de W Magazin"}]},{"@type":"WebSite","@id":"https:\/\/weiku.com.br\/es\/#website","url":"https:\/\/weiku.com.br\/es\/","name":"Weiku","description":"Esquadrias de PVC - Weiku do Brasil","potentialAction":[{"@type":"SearchAction","target":{"@type":"EntryPoint","urlTemplate":"https:\/\/weiku.com.br\/es\/?s={search_term_string}"},"query-input":{"@type":"PropertyValueSpecification","valueRequired":true,"valueName":"search_term_string"}}],"inLanguage":"es"},{"@type":"Person","@id":"https:\/\/weiku.com.br\/es\/#\/schema\/person\/a15df1b49db4f0c34776a50f6a0ba70d","name":"Mateus Fernandes","image":{"@type":"ImageObject","inLanguage":"es","@id":"https:\/\/weiku.com.br\/wp-content\/litespeed\/avatar\/900ee9f544fa1ea84bffb5ef4c3394f3.jpg?ver=1777254458","url":"https:\/\/weiku.com.br\/wp-content\/litespeed\/avatar\/900ee9f544fa1ea84bffb5ef4c3394f3.jpg?ver=1777254458","contentUrl":"https:\/\/weiku.com.br\/wp-content\/litespeed\/avatar\/900ee9f544fa1ea84bffb5ef4c3394f3.jpg?ver=1777254458","caption":"Mateus Fernandes"},"sameAs":["http:\/\/www.weiku.com.br"],"url":"https:\/\/weiku.com.br\/es\/author\/mateus\/"}]}},"_links":{"self":[{"href":"https:\/\/weiku.com.br\/es\/wp-json\/wp\/v2\/posts\/31489","targetHints":{"allow":["GET"]}}],"collection":[{"href":"https:\/\/weiku.com.br\/es\/wp-json\/wp\/v2\/posts"}],"about":[{"href":"https:\/\/weiku.com.br\/es\/wp-json\/wp\/v2\/types\/post"}],"author":[{"embeddable":true,"href":"https:\/\/weiku.com.br\/es\/wp-json\/wp\/v2\/users\/35"}],"replies":[{"embeddable":true,"href":"https:\/\/weiku.com.br\/es\/wp-json\/wp\/v2\/comments?post=31489"}],"version-history":[{"count":2,"href":"https:\/\/weiku.com.br\/es\/wp-json\/wp\/v2\/posts\/31489\/revisions"}],"predecessor-version":[{"id":31519,"href":"https:\/\/weiku.com.br\/es\/wp-json\/wp\/v2\/posts\/31489\/revisions\/31519"}],"wp:featuredmedia":[{"embeddable":true,"href":"https:\/\/weiku.com.br\/es\/wp-json\/wp\/v2\/media\/31494"}],"wp:attachment":[{"href":"https:\/\/weiku.com.br\/es\/wp-json\/wp\/v2\/media?parent=31489"}],"wp:term":[{"taxonomy":"category","embeddable":true,"href":"https:\/\/weiku.com.br\/es\/wp-json\/wp\/v2\/categories?post=31489"},{"taxonomy":"post_tag","embeddable":true,"href":"https:\/\/weiku.com.br\/es\/wp-json\/wp\/v2\/tags?post=31489"}],"curies":[{"name":"wp","href":"https:\/\/api.w.org\/{rel}","templated":true}]}}