{"id":31481,"date":"2022-10-24T13:39:45","date_gmt":"2022-10-24T16:39:45","guid":{"rendered":"https:\/\/weiku.com.br\/arquitectura-europea-como-aplicarla-en-tu-casa\/"},"modified":"2025-07-28T14:47:57","modified_gmt":"2025-07-28T17:47:57","slug":"arquitectura-europea-como-aplicarla-en-tu-casa","status":"publish","type":"post","link":"https:\/\/weiku.com.br\/es\/arquitectura-europea-como-aplicarla-en-tu-casa\/","title":{"rendered":"Arquitectura europea: c\u00f3mo aplicarla en tu casa"},"content":{"rendered":"\n<p>Estar cerca de la tecnolog\u00eda y arquitectura de Europa es m\u00e1s f\u00e1cil de lo que imaginas. Weiku do Brasil lleva a tu obra las principales caracter\u00edsticas del continente europeo. Conoce algunas de ellas en la publicaci\u00f3n de hoy.  <\/p>\n\n<p>Conocida como el Viejo Continente, Europa es inspiradora cuando se trata de tecnolog\u00eda y arquitectura. Al fin y al cabo, es a trav\u00e9s de la evoluci\u00f3n y el conocimiento que se encuentran las mejores soluciones arquitect\u00f3nicas.<br\/>Y no es necesario ir a Europa para estar m\u00e1s cerca de los avances tecnol\u00f3gicos ya aplicados all\u00ed. La automatizaci\u00f3n de sistemas, el uso de la luz natural y el confort t\u00e9rmico son algunas de las caracter\u00edsticas de las obras europeas y, claro, todo esto tambi\u00e9n forma parte del portafolio de Weiku do Brasil. \u00bfVamos a ver c\u00f3mo aplicarlas en tu residencia? \u00a1Ven con nosotros!    <\/p>\n\n<figure class=\"wp-block-image size-large\"><img loading=\"lazy\" decoding=\"async\" width=\"1024\" height=\"683\" src=\"https:\/\/weiku.com.br\/wp-content\/uploads\/2022\/10\/Arquitetura-europeia-como-aplicar-em-sua-casa-1024x683.jpg\" alt=\"\" class=\"wp-image-15352\" srcset=\"https:\/\/weiku.com.br\/wp-content\/uploads\/2022\/10\/Arquitetura-europeia-como-aplicar-em-sua-casa-1024x683.jpg 1024w, https:\/\/weiku.com.br\/wp-content\/uploads\/2022\/10\/Arquitetura-europeia-como-aplicar-em-sua-casa-300x200.jpg 300w, https:\/\/weiku.com.br\/wp-content\/uploads\/2022\/10\/Arquitetura-europeia-como-aplicar-em-sua-casa-768x512.jpg 768w, https:\/\/weiku.com.br\/wp-content\/uploads\/2022\/10\/Arquitetura-europeia-como-aplicar-em-sua-casa-1536x1024.jpg 1536w, https:\/\/weiku.com.br\/wp-content\/uploads\/2022\/10\/Arquitetura-europeia-como-aplicar-em-sua-casa.jpg 1600w\" sizes=\"auto, (max-width: 1024px) 100vw, 1024px\" \/><\/figure>\n\n<p><strong>Automatizaci\u00f3n de sistemas<\/strong><br\/>\u00bfA qui\u00e9n no le gusta la practicidad, verdad? Con las persianas motorizadas de Weiku, tu vida ser\u00e1 mucho m\u00e1s sencilla y \u00e1gil. Solo basta un clic en el control remoto o en el panel fijo en la pared para elegir lo que deseas en tu ambiente: un blackout de casi 100 % o la entrada constante de luz y sol. Adem\u00e1s, la l\u00ednea cuenta con paletas articuladas de <a href=\"https:\/\/www.youtube.com\/watch?v=9mbdU_OeaY8\">aislamiento termoac\u00fastico<\/a>, ejes de acero galvanizado y rodamientos blindados, garantizando tambi\u00e9n confort y seguridad.   <\/p>\n\n<p><strong>Luz Natural<\/strong><\/p>\n\n<p>La mejor luz es la natural. Sobre esto no hay dudas. Y aprovecharla en tu obra tambi\u00e9n forma parte de nuestro proyecto. Con las l\u00edneas de puertas y ventanas gigantes, Weiku do Brasil posibilita un mejor aprovechamiento de este beneficio sin perder calidad. Por ejemplo, con las puertas corredizas Max Slider, los grandes vanos pueden llegar a 4,5 metros de altura.    <\/p>\n\n<figure class=\"wp-block-image size-large\"><img loading=\"lazy\" decoding=\"async\" width=\"1024\" height=\"682\" src=\"https:\/\/weiku.com.br\/wp-content\/uploads\/2022\/10\/weiku-arquitetura-europeia-como-aplicar-em-sua-casa-1024x682.jpg\" alt=\"\" class=\"wp-image-15353\" srcset=\"https:\/\/weiku.com.br\/wp-content\/uploads\/2022\/10\/weiku-arquitetura-europeia-como-aplicar-em-sua-casa-1024x682.jpg 1024w, https:\/\/weiku.com.br\/wp-content\/uploads\/2022\/10\/weiku-arquitetura-europeia-como-aplicar-em-sua-casa-300x200.jpg 300w, https:\/\/weiku.com.br\/wp-content\/uploads\/2022\/10\/weiku-arquitetura-europeia-como-aplicar-em-sua-casa-768x512.jpg 768w, https:\/\/weiku.com.br\/wp-content\/uploads\/2022\/10\/weiku-arquitetura-europeia-como-aplicar-em-sua-casa-1536x1023.jpg 1536w, https:\/\/weiku.com.br\/wp-content\/uploads\/2022\/10\/weiku-arquitetura-europeia-como-aplicar-em-sua-casa.jpg 1600w\" sizes=\"auto, (max-width: 1024px) 100vw, 1024px\" \/><\/figure>\n\n<p><strong>Confort t\u00e9rmico<\/strong><br\/>La carpinter\u00eda de PVC es sin\u00f3nimo de resistencia, flexibilidad y aislamiento t\u00e9rmico y ac\u00fastico. Con estas caracter\u00edsticas, el elemento ayuda directamente al confort ambiental de la casa, siendo fundamental para evitar las interferencias de las condiciones clim\u00e1ticas exteriores. Adem\u00e1s, es ecol\u00f3gicamente sostenible, 100 % reciclable y mantiene una temperatura agradable.  <\/p>\n\n<p>Y hay m\u00e1s\u2026<\/p>\n\n<p><strong><a href=\"https:\/\/weiku.cordilheiramidias.com\/sofisticacao-minimalista\/\">Minimalismo<\/a><\/strong><br\/>Dentro o fuera de la casa, el minimalismo es la cara de la arquitectura europea, principalmente en Alemania y pa\u00edses escandinavos. Cuando el \u201cmenos es m\u00e1s\u201d hace su aparici\u00f3n en la arquitectura, Weiku cuenta con una l\u00ednea exclusiva para atender la demanda de sus clientes. Con perfiles m\u00e1s discretos y grandes vanos, la l\u00ednea Vista Max es perfecta para quienes buscan sofisticaci\u00f3n.  <\/p>\n\n<p><strong>Diversidad<\/strong><br\/>La aplicaci\u00f3n de carpinter\u00edas de PVC puede realizarse en cualquier ambiente de la casa, con la posibilidad de personalizaci\u00f3n. Desde el negro hasta el blanco, desde tonos madera hasta metalizados, tu obra adquiere un toque especial con todas las ventajas que solo el PVC y Weiku do Brasil pueden ofrecer. <\/p>\n\n<ul class=\"wp-block-social-links is-layout-flex wp-block-social-links-is-layout-flex\"><li class=\"wp-social-link wp-social-link-instagram  wp-block-social-link\"><a href=\"https:\/\/www.instagram.com\/weikudobrasil\/\" class=\"wp-block-social-link-anchor\"><svg width=\"24\" height=\"24\" viewBox=\"0 0 24 24\" version=\"1.1\" xmlns=\"http:\/\/www.w3.org\/2000\/svg\" aria-hidden=\"true\" focusable=\"false\"><path d=\"M12,4.622c2.403,0,2.688,0.009,3.637,0.052c0.877,0.04,1.354,0.187,1.671,0.31c0.42,0.163,0.72,0.358,1.035,0.673 c0.315,0.315,0.51,0.615,0.673,1.035c0.123,0.317,0.27,0.794,0.31,1.671c0.043,0.949,0.052,1.234,0.052,3.637 s-0.009,2.688-0.052,3.637c-0.04,0.877-0.187,1.354-0.31,1.671c-0.163,0.42-0.358,0.72-0.673,1.035 c-0.315,0.315-0.615,0.51-1.035,0.673c-0.317,0.123-0.794,0.27-1.671,0.31c-0.949,0.043-1.233,0.052-3.637,0.052 s-2.688-0.009-3.637-0.052c-0.877-0.04-1.354-0.187-1.671-0.31c-0.42-0.163-0.72-0.358-1.035-0.673 c-0.315-0.315-0.51-0.615-0.673-1.035c-0.123-0.317-0.27-0.794-0.31-1.671C4.631,14.688,4.622,14.403,4.622,12 s0.009-2.688,0.052-3.637c0.04-0.877,0.187-1.354,0.31-1.671c0.163-0.42,0.358-0.72,0.673-1.035 c0.315-0.315,0.615-0.51,1.035-0.673c0.317-0.123,0.794-0.27,1.671-0.31C9.312,4.631,9.597,4.622,12,4.622 M12,3 C9.556,3,9.249,3.01,8.289,3.054C7.331,3.098,6.677,3.25,6.105,3.472C5.513,3.702,5.011,4.01,4.511,4.511 c-0.5,0.5-0.808,1.002-1.038,1.594C3.25,6.677,3.098,7.331,3.054,8.289C3.01,9.249,3,9.556,3,12c0,2.444,0.01,2.751,0.054,3.711 c0.044,0.958,0.196,1.612,0.418,2.185c0.23,0.592,0.538,1.094,1.038,1.594c0.5,0.5,1.002,0.808,1.594,1.038 c0.572,0.222,1.227,0.375,2.185,0.418C9.249,20.99,9.556,21,12,21s2.751-0.01,3.711-0.054c0.958-0.044,1.612-0.196,2.185-0.418 c0.592-0.23,1.094-0.538,1.594-1.038c0.5-0.5,0.808-1.002,1.038-1.594c0.222-0.572,0.375-1.227,0.418-2.185 C20.99,14.751,21,14.444,21,12s-0.01-2.751-0.054-3.711c-0.044-0.958-0.196-1.612-0.418-2.185c-0.23-0.592-0.538-1.094-1.038-1.594 c-0.5-0.5-1.002-0.808-1.594-1.038c-0.572-0.222-1.227-0.375-2.185-0.418C14.751,3.01,14.444,3,12,3L12,3z M12,7.378 c-2.552,0-4.622,2.069-4.622,4.622S9.448,16.622,12,16.622s4.622-2.069,4.622-4.622S14.552,7.378,12,7.378z M12,15 c-1.657,0-3-1.343-3-3s1.343-3,3-3s3,1.343,3,3S13.657,15,12,15z M16.804,6.116c-0.596,0-1.08,0.484-1.08,1.08 s0.484,1.08,1.08,1.08c0.596,0,1.08-0.484,1.08-1.08S17.401,6.116,16.804,6.116z\"><\/path><\/svg><span class=\"wp-block-social-link-label screen-reader-text\">Instagram<\/span><\/a><\/li>\n\n<li class=\"wp-social-link wp-social-link-facebook  wp-block-social-link\"><a href=\"https:\/\/www.facebook.com\/weikudobrasil\/\" class=\"wp-block-social-link-anchor\"><svg width=\"24\" height=\"24\" viewBox=\"0 0 24 24\" version=\"1.1\" xmlns=\"http:\/\/www.w3.org\/2000\/svg\" aria-hidden=\"true\" focusable=\"false\"><path d=\"M12 2C6.5 2 2 6.5 2 12c0 5 3.7 9.1 8.4 9.9v-7H7.9V12h2.5V9.8c0-2.5 1.5-3.9 3.8-3.9 1.1 0 2.2.2 2.2.2v2.5h-1.3c-1.2 0-1.6.8-1.6 1.6V12h2.8l-.4 2.9h-2.3v7C18.3 21.1 22 17 22 12c0-5.5-4.5-10-10-10z\"><\/path><\/svg><span class=\"wp-block-social-link-label screen-reader-text\">Facebook<\/span><\/a><\/li>\n\n<li class=\"wp-social-link wp-social-link-linkedin  wp-block-social-link\"><a href=\"https:\/\/br.linkedin.com\/company\/weiku-do-brasil\" class=\"wp-block-social-link-anchor\"><svg width=\"24\" height=\"24\" viewBox=\"0 0 24 24\" version=\"1.1\" xmlns=\"http:\/\/www.w3.org\/2000\/svg\" aria-hidden=\"true\" focusable=\"false\"><path d=\"M19.7,3H4.3C3.582,3,3,3.582,3,4.3v15.4C3,20.418,3.582,21,4.3,21h15.4c0.718,0,1.3-0.582,1.3-1.3V4.3 C21,3.582,20.418,3,19.7,3z M8.339,18.338H5.667v-8.59h2.672V18.338z M7.004,8.574c-0.857,0-1.549-0.694-1.549-1.548 c0-0.855,0.691-1.548,1.549-1.548c0.854,0,1.547,0.694,1.547,1.548C8.551,7.881,7.858,8.574,7.004,8.574z M18.339,18.338h-2.669 v-4.177c0-0.996-0.017-2.278-1.387-2.278c-1.389,0-1.601,1.086-1.601,2.206v4.249h-2.667v-8.59h2.559v1.174h0.037 c0.356-0.675,1.227-1.387,2.526-1.387c2.703,0,3.203,1.779,3.203,4.092V18.338z\"><\/path><\/svg><span class=\"wp-block-social-link-label screen-reader-text\">LinkedIn<\/span><\/a><\/li>\n\n<li class=\"wp-social-link wp-social-link-pinterest  wp-block-social-link\"><a href=\"https:\/\/br.pinterest.com\/weikudobrasil\/\" class=\"wp-block-social-link-anchor\"><svg width=\"24\" height=\"24\" viewBox=\"0 0 24 24\" version=\"1.1\" xmlns=\"http:\/\/www.w3.org\/2000\/svg\" aria-hidden=\"true\" focusable=\"false\"><path d=\"M12.289,2C6.617,2,3.606,5.648,3.606,9.622c0,1.846,1.025,4.146,2.666,4.878c0.25,0.111,0.381,0.063,0.439-0.169 c0.044-0.175,0.267-1.029,0.365-1.428c0.032-0.128,0.017-0.237-0.091-0.362C6.445,11.911,6.01,10.75,6.01,9.668 c0-2.777,2.194-5.464,5.933-5.464c3.23,0,5.49,2.108,5.49,5.122c0,3.407-1.794,5.768-4.13,5.768c-1.291,0-2.257-1.021-1.948-2.277 c0.372-1.495,1.089-3.112,1.089-4.191c0-0.967-0.542-1.775-1.663-1.775c-1.319,0-2.379,1.309-2.379,3.059 c0,1.115,0.394,1.869,0.394,1.869s-1.302,5.279-1.54,6.261c-0.405,1.666,0.053,4.368,0.094,4.604 c0.021,0.126,0.167,0.169,0.25,0.063c0.129-0.165,1.699-2.419,2.142-4.051c0.158-0.59,0.817-2.995,0.817-2.995 c0.43,0.784,1.681,1.446,3.013,1.446c3.963,0,6.822-3.494,6.822-7.833C20.394,5.112,16.849,2,12.289,2\"><\/path><\/svg><span class=\"wp-block-social-link-label screen-reader-text\">Pinterest<\/span><\/a><\/li>\n\n<li class=\"wp-social-link wp-social-link-youtube  wp-block-social-link\"><a href=\"https:\/\/www.youtube.com\/c\/WeikudoBrasil\" class=\"wp-block-social-link-anchor\"><svg width=\"24\" height=\"24\" viewBox=\"0 0 24 24\" version=\"1.1\" xmlns=\"http:\/\/www.w3.org\/2000\/svg\" aria-hidden=\"true\" focusable=\"false\"><path d=\"M21.8,8.001c0,0-0.195-1.378-0.795-1.985c-0.76-0.797-1.613-0.801-2.004-0.847c-2.799-0.202-6.997-0.202-6.997-0.202 h-0.009c0,0-4.198,0-6.997,0.202C4.608,5.216,3.756,5.22,2.995,6.016C2.395,6.623,2.2,8.001,2.2,8.001S2,9.62,2,11.238v1.517 c0,1.618,0.2,3.237,0.2,3.237s0.195,1.378,0.795,1.985c0.761,0.797,1.76,0.771,2.205,0.855c1.6,0.153,6.8,0.201,6.8,0.201 s4.203-0.006,7.001-0.209c0.391-0.047,1.243-0.051,2.004-0.847c0.6-0.607,0.795-1.985,0.795-1.985s0.2-1.618,0.2-3.237v-1.517 C22,9.62,21.8,8.001,21.8,8.001z M9.935,14.594l-0.001-5.62l5.404,2.82L9.935,14.594z\"><\/path><\/svg><span class=\"wp-block-social-link-label screen-reader-text\">YouTube<\/span><\/a><\/li><\/ul>\n","protected":false},"excerpt":{"rendered":"<p>Estar cerca de la tecnolog\u00eda y arquitectura de Europa es m\u00e1s f\u00e1cil de lo que imaginas. Weiku do Brasil lleva a tu obra las principales caracter\u00edsticas del continente europeo. Conoce algunas de ellas en la publicaci\u00f3n de hoy. Conocida como el Viejo Continente, Europa es inspiradora cuando se trata de tecnolog\u00eda y arquitectura. Al fin [&hellip;]<\/p>\n","protected":false},"author":35,"featured_media":30596,"comment_status":"closed","ping_status":"open","sticky":false,"template":"","format":"standard","meta":{"_acf_changed":false,"footnotes":""},"categories":[743],"tags":[],"class_list":["post-31481","post","type-post","status-publish","format-standard","has-post-thumbnail","hentry","category-sin-categoria"],"acf":[],"yoast_head":"<!-- This site is optimized with the Yoast SEO plugin v27.3 - https:\/\/yoast.com\/product\/yoast-seo-wordpress\/ -->\n<title>Arquitectura europea: c\u00f3mo aplicarla en tu casa - Weiku<\/title>\n<meta name=\"description\" content=\"Estar cerca de la tecnolog\u00eda y arquitectura de Europa es m\u00e1s f\u00e1cil de lo que imaginas. Weiku do Brasil lleva a tu obra las principales...\" \/>\n<meta name=\"robots\" content=\"index, follow, max-snippet:-1, max-image-preview:large, max-video-preview:-1\" \/>\n<link rel=\"canonical\" href=\"https:\/\/weiku.com.br\/es\/arquitectura-europea-como-aplicarla-en-tu-casa\/\" \/>\n<meta property=\"og:locale\" content=\"es_ES\" \/>\n<meta property=\"og:type\" content=\"article\" \/>\n<meta property=\"og:title\" content=\"Arquitectura europea: c\u00f3mo aplicarla en tu casa - Weiku\" \/>\n<meta property=\"og:description\" content=\"Estar cerca de la tecnolog\u00eda y arquitectura de Europa es m\u00e1s f\u00e1cil de lo que imaginas. Weiku do Brasil lleva a tu obra las principales...\" \/>\n<meta property=\"og:url\" content=\"https:\/\/weiku.com.br\/es\/arquitectura-europea-como-aplicarla-en-tu-casa\/\" \/>\n<meta property=\"og:site_name\" content=\"Weiku\" \/>\n<meta property=\"article:published_time\" content=\"2022-10-24T16:39:45+00:00\" \/>\n<meta property=\"article:modified_time\" content=\"2025-07-28T17:47:57+00:00\" \/>\n<meta property=\"og:image\" content=\"https:\/\/weiku.com.br\/wp-content\/uploads\/2022\/10\/Arquitetura-europeia-como-aplicar-em-sua-casa.jpg\" \/>\n\t<meta property=\"og:image:width\" content=\"1600\" \/>\n\t<meta property=\"og:image:height\" content=\"1067\" \/>\n\t<meta property=\"og:image:type\" content=\"image\/jpeg\" \/>\n<meta name=\"author\" content=\"Mateus Fernandes\" \/>\n<meta name=\"twitter:card\" content=\"summary_large_image\" \/>\n<meta name=\"twitter:label1\" content=\"Escrito por\" \/>\n\t<meta name=\"twitter:data1\" content=\"Mateus Fernandes\" \/>\n\t<meta name=\"twitter:label2\" content=\"Tiempo de lectura\" \/>\n\t<meta name=\"twitter:data2\" content=\"2 minutos\" \/>\n<script type=\"application\/ld+json\" class=\"yoast-schema-graph\">{\"@context\":\"https:\\\/\\\/schema.org\",\"@graph\":[{\"@type\":\"Article\",\"@id\":\"https:\\\/\\\/weiku.com.br\\\/es\\\/arquitectura-europea-como-aplicarla-en-tu-casa\\\/#article\",\"isPartOf\":{\"@id\":\"https:\\\/\\\/weiku.com.br\\\/es\\\/arquitectura-europea-como-aplicarla-en-tu-casa\\\/\"},\"author\":{\"name\":\"Mateus Fernandes\",\"@id\":\"https:\\\/\\\/weiku.com.br\\\/es\\\/#\\\/schema\\\/person\\\/a15df1b49db4f0c34776a50f6a0ba70d\"},\"headline\":\"Arquitectura europea: c\u00f3mo aplicarla en tu casa\",\"datePublished\":\"2022-10-24T16:39:45+00:00\",\"dateModified\":\"2025-07-28T17:47:57+00:00\",\"mainEntityOfPage\":{\"@id\":\"https:\\\/\\\/weiku.com.br\\\/es\\\/arquitectura-europea-como-aplicarla-en-tu-casa\\\/\"},\"wordCount\":504,\"image\":{\"@id\":\"https:\\\/\\\/weiku.com.br\\\/es\\\/arquitectura-europea-como-aplicarla-en-tu-casa\\\/#primaryimage\"},\"thumbnailUrl\":\"https:\\\/\\\/weiku.com.br\\\/wp-content\\\/uploads\\\/2022\\\/10\\\/Arquitetura-europeia-como-aplicar-em-sua-casa.jpg\",\"inLanguage\":\"es\"},{\"@type\":\"WebPage\",\"@id\":\"https:\\\/\\\/weiku.com.br\\\/es\\\/arquitectura-europea-como-aplicarla-en-tu-casa\\\/\",\"url\":\"https:\\\/\\\/weiku.com.br\\\/es\\\/arquitectura-europea-como-aplicarla-en-tu-casa\\\/\",\"name\":\"Arquitectura europea: c\u00f3mo aplicarla en tu casa - Weiku\",\"isPartOf\":{\"@id\":\"https:\\\/\\\/weiku.com.br\\\/es\\\/#website\"},\"primaryImageOfPage\":{\"@id\":\"https:\\\/\\\/weiku.com.br\\\/es\\\/arquitectura-europea-como-aplicarla-en-tu-casa\\\/#primaryimage\"},\"image\":{\"@id\":\"https:\\\/\\\/weiku.com.br\\\/es\\\/arquitectura-europea-como-aplicarla-en-tu-casa\\\/#primaryimage\"},\"thumbnailUrl\":\"https:\\\/\\\/weiku.com.br\\\/wp-content\\\/uploads\\\/2022\\\/10\\\/Arquitetura-europeia-como-aplicar-em-sua-casa.jpg\",\"datePublished\":\"2022-10-24T16:39:45+00:00\",\"dateModified\":\"2025-07-28T17:47:57+00:00\",\"author\":{\"@id\":\"https:\\\/\\\/weiku.com.br\\\/es\\\/#\\\/schema\\\/person\\\/a15df1b49db4f0c34776a50f6a0ba70d\"},\"description\":\"Estar cerca de la tecnolog\u00eda y arquitectura de Europa es m\u00e1s f\u00e1cil de lo que imaginas. Weiku do Brasil lleva a tu obra las principales...\",\"breadcrumb\":{\"@id\":\"https:\\\/\\\/weiku.com.br\\\/es\\\/arquitectura-europea-como-aplicarla-en-tu-casa\\\/#breadcrumb\"},\"inLanguage\":\"es\",\"potentialAction\":[{\"@type\":\"ReadAction\",\"target\":[\"https:\\\/\\\/weiku.com.br\\\/es\\\/arquitectura-europea-como-aplicarla-en-tu-casa\\\/\"]}]},{\"@type\":\"ImageObject\",\"inLanguage\":\"es\",\"@id\":\"https:\\\/\\\/weiku.com.br\\\/es\\\/arquitectura-europea-como-aplicarla-en-tu-casa\\\/#primaryimage\",\"url\":\"https:\\\/\\\/weiku.com.br\\\/wp-content\\\/uploads\\\/2022\\\/10\\\/Arquitetura-europeia-como-aplicar-em-sua-casa.jpg\",\"contentUrl\":\"https:\\\/\\\/weiku.com.br\\\/wp-content\\\/uploads\\\/2022\\\/10\\\/Arquitetura-europeia-como-aplicar-em-sua-casa.jpg\",\"width\":1600,\"height\":1067,\"caption\":\"Arquitetura europeia como aplicar em sua casa\"},{\"@type\":\"BreadcrumbList\",\"@id\":\"https:\\\/\\\/weiku.com.br\\\/es\\\/arquitectura-europea-como-aplicarla-en-tu-casa\\\/#breadcrumb\",\"itemListElement\":[{\"@type\":\"ListItem\",\"position\":1,\"name\":\"In\u00edcio\",\"item\":\"https:\\\/\\\/weiku.com.br\\\/es\\\/\"},{\"@type\":\"ListItem\",\"position\":2,\"name\":\"Arquitectura europea: c\u00f3mo aplicarla en tu casa\"}]},{\"@type\":\"WebSite\",\"@id\":\"https:\\\/\\\/weiku.com.br\\\/es\\\/#website\",\"url\":\"https:\\\/\\\/weiku.com.br\\\/es\\\/\",\"name\":\"Weiku\",\"description\":\"Esquadrias de PVC - Weiku do Brasil\",\"potentialAction\":[{\"@type\":\"SearchAction\",\"target\":{\"@type\":\"EntryPoint\",\"urlTemplate\":\"https:\\\/\\\/weiku.com.br\\\/es\\\/?s={search_term_string}\"},\"query-input\":{\"@type\":\"PropertyValueSpecification\",\"valueRequired\":true,\"valueName\":\"search_term_string\"}}],\"inLanguage\":\"es\"},{\"@type\":\"Person\",\"@id\":\"https:\\\/\\\/weiku.com.br\\\/es\\\/#\\\/schema\\\/person\\\/a15df1b49db4f0c34776a50f6a0ba70d\",\"name\":\"Mateus Fernandes\",\"image\":{\"@type\":\"ImageObject\",\"inLanguage\":\"es\",\"@id\":\"https:\\\/\\\/weiku.com.br\\\/wp-content\\\/litespeed\\\/avatar\\\/900ee9f544fa1ea84bffb5ef4c3394f3.jpg?ver=1777254458\",\"url\":\"https:\\\/\\\/weiku.com.br\\\/wp-content\\\/litespeed\\\/avatar\\\/900ee9f544fa1ea84bffb5ef4c3394f3.jpg?ver=1777254458\",\"contentUrl\":\"https:\\\/\\\/weiku.com.br\\\/wp-content\\\/litespeed\\\/avatar\\\/900ee9f544fa1ea84bffb5ef4c3394f3.jpg?ver=1777254458\",\"caption\":\"Mateus Fernandes\"},\"sameAs\":[\"http:\\\/\\\/www.weiku.com.br\"],\"url\":\"https:\\\/\\\/weiku.com.br\\\/es\\\/author\\\/mateus\\\/\"}]}<\/script>\n<!-- \/ Yoast SEO plugin. -->","yoast_head_json":{"title":"Arquitectura europea: c\u00f3mo aplicarla en tu casa - Weiku","description":"Estar cerca de la tecnolog\u00eda y arquitectura de Europa es m\u00e1s f\u00e1cil de lo que imaginas. Weiku do Brasil lleva a tu obra las principales...","robots":{"index":"index","follow":"follow","max-snippet":"max-snippet:-1","max-image-preview":"max-image-preview:large","max-video-preview":"max-video-preview:-1"},"canonical":"https:\/\/weiku.com.br\/es\/arquitectura-europea-como-aplicarla-en-tu-casa\/","og_locale":"es_ES","og_type":"article","og_title":"Arquitectura europea: c\u00f3mo aplicarla en tu casa - Weiku","og_description":"Estar cerca de la tecnolog\u00eda y arquitectura de Europa es m\u00e1s f\u00e1cil de lo que imaginas. Weiku do Brasil lleva a tu obra las principales...","og_url":"https:\/\/weiku.com.br\/es\/arquitectura-europea-como-aplicarla-en-tu-casa\/","og_site_name":"Weiku","article_published_time":"2022-10-24T16:39:45+00:00","article_modified_time":"2025-07-28T17:47:57+00:00","og_image":[{"width":1600,"height":1067,"url":"https:\/\/weiku.com.br\/wp-content\/uploads\/2022\/10\/Arquitetura-europeia-como-aplicar-em-sua-casa.jpg","type":"image\/jpeg"}],"author":"Mateus Fernandes","twitter_card":"summary_large_image","twitter_misc":{"Escrito por":"Mateus Fernandes","Tiempo de lectura":"2 minutos"},"schema":{"@context":"https:\/\/schema.org","@graph":[{"@type":"Article","@id":"https:\/\/weiku.com.br\/es\/arquitectura-europea-como-aplicarla-en-tu-casa\/#article","isPartOf":{"@id":"https:\/\/weiku.com.br\/es\/arquitectura-europea-como-aplicarla-en-tu-casa\/"},"author":{"name":"Mateus Fernandes","@id":"https:\/\/weiku.com.br\/es\/#\/schema\/person\/a15df1b49db4f0c34776a50f6a0ba70d"},"headline":"Arquitectura europea: c\u00f3mo aplicarla en tu casa","datePublished":"2022-10-24T16:39:45+00:00","dateModified":"2025-07-28T17:47:57+00:00","mainEntityOfPage":{"@id":"https:\/\/weiku.com.br\/es\/arquitectura-europea-como-aplicarla-en-tu-casa\/"},"wordCount":504,"image":{"@id":"https:\/\/weiku.com.br\/es\/arquitectura-europea-como-aplicarla-en-tu-casa\/#primaryimage"},"thumbnailUrl":"https:\/\/weiku.com.br\/wp-content\/uploads\/2022\/10\/Arquitetura-europeia-como-aplicar-em-sua-casa.jpg","inLanguage":"es"},{"@type":"WebPage","@id":"https:\/\/weiku.com.br\/es\/arquitectura-europea-como-aplicarla-en-tu-casa\/","url":"https:\/\/weiku.com.br\/es\/arquitectura-europea-como-aplicarla-en-tu-casa\/","name":"Arquitectura europea: c\u00f3mo aplicarla en tu casa - Weiku","isPartOf":{"@id":"https:\/\/weiku.com.br\/es\/#website"},"primaryImageOfPage":{"@id":"https:\/\/weiku.com.br\/es\/arquitectura-europea-como-aplicarla-en-tu-casa\/#primaryimage"},"image":{"@id":"https:\/\/weiku.com.br\/es\/arquitectura-europea-como-aplicarla-en-tu-casa\/#primaryimage"},"thumbnailUrl":"https:\/\/weiku.com.br\/wp-content\/uploads\/2022\/10\/Arquitetura-europeia-como-aplicar-em-sua-casa.jpg","datePublished":"2022-10-24T16:39:45+00:00","dateModified":"2025-07-28T17:47:57+00:00","author":{"@id":"https:\/\/weiku.com.br\/es\/#\/schema\/person\/a15df1b49db4f0c34776a50f6a0ba70d"},"description":"Estar cerca de la tecnolog\u00eda y arquitectura de Europa es m\u00e1s f\u00e1cil de lo que imaginas. Weiku do Brasil lleva a tu obra las principales...","breadcrumb":{"@id":"https:\/\/weiku.com.br\/es\/arquitectura-europea-como-aplicarla-en-tu-casa\/#breadcrumb"},"inLanguage":"es","potentialAction":[{"@type":"ReadAction","target":["https:\/\/weiku.com.br\/es\/arquitectura-europea-como-aplicarla-en-tu-casa\/"]}]},{"@type":"ImageObject","inLanguage":"es","@id":"https:\/\/weiku.com.br\/es\/arquitectura-europea-como-aplicarla-en-tu-casa\/#primaryimage","url":"https:\/\/weiku.com.br\/wp-content\/uploads\/2022\/10\/Arquitetura-europeia-como-aplicar-em-sua-casa.jpg","contentUrl":"https:\/\/weiku.com.br\/wp-content\/uploads\/2022\/10\/Arquitetura-europeia-como-aplicar-em-sua-casa.jpg","width":1600,"height":1067,"caption":"Arquitetura europeia como aplicar em sua casa"},{"@type":"BreadcrumbList","@id":"https:\/\/weiku.com.br\/es\/arquitectura-europea-como-aplicarla-en-tu-casa\/#breadcrumb","itemListElement":[{"@type":"ListItem","position":1,"name":"In\u00edcio","item":"https:\/\/weiku.com.br\/es\/"},{"@type":"ListItem","position":2,"name":"Arquitectura europea: c\u00f3mo aplicarla en tu casa"}]},{"@type":"WebSite","@id":"https:\/\/weiku.com.br\/es\/#website","url":"https:\/\/weiku.com.br\/es\/","name":"Weiku","description":"Esquadrias de PVC - Weiku do Brasil","potentialAction":[{"@type":"SearchAction","target":{"@type":"EntryPoint","urlTemplate":"https:\/\/weiku.com.br\/es\/?s={search_term_string}"},"query-input":{"@type":"PropertyValueSpecification","valueRequired":true,"valueName":"search_term_string"}}],"inLanguage":"es"},{"@type":"Person","@id":"https:\/\/weiku.com.br\/es\/#\/schema\/person\/a15df1b49db4f0c34776a50f6a0ba70d","name":"Mateus Fernandes","image":{"@type":"ImageObject","inLanguage":"es","@id":"https:\/\/weiku.com.br\/wp-content\/litespeed\/avatar\/900ee9f544fa1ea84bffb5ef4c3394f3.jpg?ver=1777254458","url":"https:\/\/weiku.com.br\/wp-content\/litespeed\/avatar\/900ee9f544fa1ea84bffb5ef4c3394f3.jpg?ver=1777254458","contentUrl":"https:\/\/weiku.com.br\/wp-content\/litespeed\/avatar\/900ee9f544fa1ea84bffb5ef4c3394f3.jpg?ver=1777254458","caption":"Mateus Fernandes"},"sameAs":["http:\/\/www.weiku.com.br"],"url":"https:\/\/weiku.com.br\/es\/author\/mateus\/"}]}},"_links":{"self":[{"href":"https:\/\/weiku.com.br\/es\/wp-json\/wp\/v2\/posts\/31481","targetHints":{"allow":["GET"]}}],"collection":[{"href":"https:\/\/weiku.com.br\/es\/wp-json\/wp\/v2\/posts"}],"about":[{"href":"https:\/\/weiku.com.br\/es\/wp-json\/wp\/v2\/types\/post"}],"author":[{"embeddable":true,"href":"https:\/\/weiku.com.br\/es\/wp-json\/wp\/v2\/users\/35"}],"replies":[{"embeddable":true,"href":"https:\/\/weiku.com.br\/es\/wp-json\/wp\/v2\/comments?post=31481"}],"version-history":[{"count":1,"href":"https:\/\/weiku.com.br\/es\/wp-json\/wp\/v2\/posts\/31481\/revisions"}],"predecessor-version":[{"id":31482,"href":"https:\/\/weiku.com.br\/es\/wp-json\/wp\/v2\/posts\/31481\/revisions\/31482"}],"wp:featuredmedia":[{"embeddable":true,"href":"https:\/\/weiku.com.br\/es\/wp-json\/wp\/v2\/media\/30596"}],"wp:attachment":[{"href":"https:\/\/weiku.com.br\/es\/wp-json\/wp\/v2\/media?parent=31481"}],"wp:term":[{"taxonomy":"category","embeddable":true,"href":"https:\/\/weiku.com.br\/es\/wp-json\/wp\/v2\/categories?post=31481"},{"taxonomy":"post_tag","embeddable":true,"href":"https:\/\/weiku.com.br\/es\/wp-json\/wp\/v2\/tags?post=31481"}],"curies":[{"name":"wp","href":"https:\/\/api.w.org\/{rel}","templated":true}]}}