{"id":31447,"date":"2023-07-25T08:00:00","date_gmt":"2023-07-25T11:00:00","guid":{"rendered":"https:\/\/weiku.com.br\/weiku-do-brasil-una-referencia-en-soluciones-inteligentes-de-ventanas-y-puertas-de-pvc\/"},"modified":"2025-07-28T10:28:14","modified_gmt":"2025-07-28T13:28:14","slug":"weiku-do-brasil-una-referencia-en-soluciones-inteligentes-de-ventanas-y-puertas-de-pvc","status":"publish","type":"post","link":"https:\/\/weiku.com.br\/es\/weiku-do-brasil-una-referencia-en-soluciones-inteligentes-de-ventanas-y-puertas-de-pvc\/","title":{"rendered":"Weiku do Brasil: una referencia en soluciones inteligentes de ventanas y puertas de PVC"},"content":{"rendered":"\n<p>Cuando se trata de elegir la mejor empresa para soluciones en ventanas y puertas de PVC, Weiku se destaca con orgullo como una de las l\u00edderes del sector. Con una s\u00f3lida experiencia de 25 a\u00f1os en el mercado, Weiku se ha consolidado como una referencia cuando se trata de calidad, innovaci\u00f3n y tecnolog\u00eda avanzada. <\/p>\n\n<figure class=\"wp-block-image size-large\"><img decoding=\"async\" src=\"https:\/\/weiku.cordilheiramidias.com\/wp-content\/uploads\/2023\/07\/DJI_0368-1024x767.jpg\" alt=\"weiku-do-brasil-fabrica-ventanas-de-pvc\" class=\"wp-image-16656\"\/><\/figure>\n\n<p>Una de las grandes diferencias de Weiku es su origen alem\u00e1n, conocido mundialmente por la excelencia en ingenier\u00eda y precisi\u00f3n t\u00e9cnica. Esta herencia alemana permea cada etapa del proceso de producci\u00f3n, garantizando productos de alt\u00edsima calidad y durabilidad. Las ventanas y puertas de PVC de Weiku se fabrican utilizando las t\u00e9cnicas y materiales m\u00e1s avanzados, resultando en soluciones que superan las expectativas de los clientes m\u00e1s exigentes.  <\/p>\n\n<p>Adem\u00e1s de la tecnolog\u00eda de punta, Weiku tambi\u00e9n destaca por su atenci\u00f3n personalizada. La empresa comprende que cada cliente tiene necesidades \u00fanicas y, por eso, trabaja de forma cercana y colaborativa, buscando entender y atender las demandas espec\u00edficas de cada <a href=\"https:\/\/www.youtube.com\/watch?v=7f1iHX5hzKE&amp;ab_channel=WeikudoBrasil\">proyecto<\/a>. El equipo altamente capacitado de Weiku est\u00e1 siempre listo para ofrecer soporte y orientaci\u00f3n, desde la elecci\u00f3n del mejor modelo hasta la instalaci\u00f3n y el servicio postventa.  <\/p>\n\n<p>Al elegir Weiku, puedes tener la certeza de que est\u00e1s optando por soluciones inteligentes que agregar\u00e1n valor y confort a tu ambiente. Las ventanas y puertas de PVC de Weiku cuentan con una serie de beneficios, como aislamiento ac\u00fastico y t\u00e9rmico de alto rendimiento, resistencia a las inclemencias del tiempo y seguridad reforzada. Adem\u00e1s, la durabilidad de los productos resulta en un ahorro significativo a largo plazo, ya que no requieren mantenimiento constante y presentan un excelente sellado.  <\/p>\n\n<figure class=\"wp-block-image size-large\"><img decoding=\"async\" src=\"https:\/\/weiku.cordilheiramidias.com\/wp-content\/uploads\/2023\/07\/17112021-_MG_3929-1024x706.jpg\" alt=\"maquina-de-extrusion-para-pvc-weiku\" class=\"wp-image-16657\"\/><\/figure>\n\n<p>Weiku entiende la importancia de unir est\u00e9tica y funcionalidad en sus productos. Por eso, ofrece una amplia variedad de <a href=\"https:\/\/weiku.cordilheiramidias.com\/produtos\/\">opciones <\/a>de personalizaci\u00f3n, permitiendo que elijas entre diferentes acabados, colores y dise\u00f1os, garantizando que las ventanas y puertas de PVC se integren perfectamente al estilo y decoraci\u00f3n de tu espacio. <\/p>\n\n<p>Si buscas calidad, tecnolog\u00eda de punta y una atenci\u00f3n diferenciada, Weiku es la elecci\u00f3n correcta. Con 25 a\u00f1os de experiencia, tecnolog\u00eda alemana y un compromiso incansable con la satisfacci\u00f3n del cliente, Weiku se mantiene como referencia en el mercado de soluciones inteligentes en ventanas y puertas de PVC. S\u00e9 parte de esta historia de \u00e9xito y descubre lo que es vivir con confort, seguridad y estilo.  <\/p>\n","protected":false},"excerpt":{"rendered":"<p>Cuando se trata de elegir la mejor empresa para soluciones en ventanas y puertas de PVC, Weiku se destaca con orgullo como una de las l\u00edderes del sector. Con una s\u00f3lida experiencia de 25 a\u00f1os en el mercado, Weiku se ha consolidado como una referencia cuando se trata de calidad, innovaci\u00f3n y tecnolog\u00eda avanzada. Una [&hellip;]<\/p>\n","protected":false},"author":35,"featured_media":30657,"comment_status":"closed","ping_status":"open","sticky":false,"template":"","format":"standard","meta":{"_acf_changed":false,"footnotes":""},"categories":[743],"tags":[],"class_list":["post-31447","post","type-post","status-publish","format-standard","has-post-thumbnail","hentry","category-sin-categoria"],"acf":[],"yoast_head":"<!-- This site is optimized with the Yoast SEO plugin v27.3 - https:\/\/yoast.com\/product\/yoast-seo-wordpress\/ -->\n<title>Weiku do Brasil: una referencia en ventanas y puertas de PVC<\/title>\n<meta name=\"description\" content=\"Con 25 a\u00f1os en el mercado, Weiku se ha consolidado como una referencia cuando se trata de calidad en ventanas y puertas de PVC.\" \/>\n<meta name=\"robots\" content=\"index, follow, max-snippet:-1, max-image-preview:large, max-video-preview:-1\" \/>\n<link rel=\"canonical\" href=\"https:\/\/weiku.com.br\/es\/weiku-do-brasil-una-referencia-en-soluciones-inteligentes-de-ventanas-y-puertas-de-pvc\/\" \/>\n<meta property=\"og:locale\" content=\"es_ES\" \/>\n<meta property=\"og:type\" content=\"article\" \/>\n<meta property=\"og:title\" content=\"Weiku do Brasil: una referencia en ventanas y puertas de PVC\" \/>\n<meta property=\"og:description\" content=\"Con 25 a\u00f1os en el mercado, Weiku se ha consolidado como una referencia cuando se trata de calidad en ventanas y puertas de PVC.\" \/>\n<meta property=\"og:url\" content=\"https:\/\/weiku.com.br\/es\/weiku-do-brasil-una-referencia-en-soluciones-inteligentes-de-ventanas-y-puertas-de-pvc\/\" \/>\n<meta property=\"og:site_name\" content=\"Weiku\" \/>\n<meta property=\"article:published_time\" content=\"2023-07-25T11:00:00+00:00\" \/>\n<meta property=\"article:modified_time\" content=\"2025-07-28T13:28:14+00:00\" \/>\n<meta property=\"og:image\" content=\"https:\/\/weiku.com.br\/wp-content\/uploads\/2023\/07\/DJI_0368-scaled-1.jpg\" \/>\n\t<meta property=\"og:image:width\" content=\"1600\" \/>\n\t<meta property=\"og:image:height\" content=\"1199\" \/>\n\t<meta property=\"og:image:type\" content=\"image\/jpeg\" \/>\n<meta name=\"author\" content=\"Mateus Fernandes\" \/>\n<meta name=\"twitter:card\" content=\"summary_large_image\" \/>\n<meta name=\"twitter:label1\" content=\"Escrito por\" \/>\n\t<meta name=\"twitter:data1\" content=\"Mateus Fernandes\" \/>\n\t<meta name=\"twitter:label2\" content=\"Tiempo de lectura\" \/>\n\t<meta name=\"twitter:data2\" content=\"2 minutos\" \/>\n<script type=\"application\/ld+json\" class=\"yoast-schema-graph\">{\"@context\":\"https:\\\/\\\/schema.org\",\"@graph\":[{\"@type\":\"Article\",\"@id\":\"https:\\\/\\\/weiku.com.br\\\/es\\\/weiku-do-brasil-una-referencia-en-soluciones-inteligentes-de-ventanas-y-puertas-de-pvc\\\/#article\",\"isPartOf\":{\"@id\":\"https:\\\/\\\/weiku.com.br\\\/es\\\/weiku-do-brasil-una-referencia-en-soluciones-inteligentes-de-ventanas-y-puertas-de-pvc\\\/\"},\"author\":{\"name\":\"Mateus Fernandes\",\"@id\":\"https:\\\/\\\/weiku.com.br\\\/es\\\/#\\\/schema\\\/person\\\/a15df1b49db4f0c34776a50f6a0ba70d\"},\"headline\":\"Weiku do Brasil: una referencia en soluciones inteligentes de ventanas y puertas de PVC\",\"datePublished\":\"2023-07-25T11:00:00+00:00\",\"dateModified\":\"2025-07-28T13:28:14+00:00\",\"mainEntityOfPage\":{\"@id\":\"https:\\\/\\\/weiku.com.br\\\/es\\\/weiku-do-brasil-una-referencia-en-soluciones-inteligentes-de-ventanas-y-puertas-de-pvc\\\/\"},\"wordCount\":431,\"image\":{\"@id\":\"https:\\\/\\\/weiku.com.br\\\/es\\\/weiku-do-brasil-una-referencia-en-soluciones-inteligentes-de-ventanas-y-puertas-de-pvc\\\/#primaryimage\"},\"thumbnailUrl\":\"https:\\\/\\\/weiku.com.br\\\/wp-content\\\/uploads\\\/2023\\\/07\\\/DJI_0368-scaled-1.jpg\",\"inLanguage\":\"es\"},{\"@type\":\"WebPage\",\"@id\":\"https:\\\/\\\/weiku.com.br\\\/es\\\/weiku-do-brasil-una-referencia-en-soluciones-inteligentes-de-ventanas-y-puertas-de-pvc\\\/\",\"url\":\"https:\\\/\\\/weiku.com.br\\\/es\\\/weiku-do-brasil-una-referencia-en-soluciones-inteligentes-de-ventanas-y-puertas-de-pvc\\\/\",\"name\":\"Weiku do Brasil: una referencia en ventanas y puertas de PVC\",\"isPartOf\":{\"@id\":\"https:\\\/\\\/weiku.com.br\\\/es\\\/#website\"},\"primaryImageOfPage\":{\"@id\":\"https:\\\/\\\/weiku.com.br\\\/es\\\/weiku-do-brasil-una-referencia-en-soluciones-inteligentes-de-ventanas-y-puertas-de-pvc\\\/#primaryimage\"},\"image\":{\"@id\":\"https:\\\/\\\/weiku.com.br\\\/es\\\/weiku-do-brasil-una-referencia-en-soluciones-inteligentes-de-ventanas-y-puertas-de-pvc\\\/#primaryimage\"},\"thumbnailUrl\":\"https:\\\/\\\/weiku.com.br\\\/wp-content\\\/uploads\\\/2023\\\/07\\\/DJI_0368-scaled-1.jpg\",\"datePublished\":\"2023-07-25T11:00:00+00:00\",\"dateModified\":\"2025-07-28T13:28:14+00:00\",\"author\":{\"@id\":\"https:\\\/\\\/weiku.com.br\\\/es\\\/#\\\/schema\\\/person\\\/a15df1b49db4f0c34776a50f6a0ba70d\"},\"description\":\"Con 25 a\u00f1os en el mercado, Weiku se ha consolidado como una referencia cuando se trata de calidad en ventanas y puertas de PVC.\",\"breadcrumb\":{\"@id\":\"https:\\\/\\\/weiku.com.br\\\/es\\\/weiku-do-brasil-una-referencia-en-soluciones-inteligentes-de-ventanas-y-puertas-de-pvc\\\/#breadcrumb\"},\"inLanguage\":\"es\",\"potentialAction\":[{\"@type\":\"ReadAction\",\"target\":[\"https:\\\/\\\/weiku.com.br\\\/es\\\/weiku-do-brasil-una-referencia-en-soluciones-inteligentes-de-ventanas-y-puertas-de-pvc\\\/\"]}]},{\"@type\":\"ImageObject\",\"inLanguage\":\"es\",\"@id\":\"https:\\\/\\\/weiku.com.br\\\/es\\\/weiku-do-brasil-una-referencia-en-soluciones-inteligentes-de-ventanas-y-puertas-de-pvc\\\/#primaryimage\",\"url\":\"https:\\\/\\\/weiku.com.br\\\/wp-content\\\/uploads\\\/2023\\\/07\\\/DJI_0368-scaled-1.jpg\",\"contentUrl\":\"https:\\\/\\\/weiku.com.br\\\/wp-content\\\/uploads\\\/2023\\\/07\\\/DJI_0368-scaled-1.jpg\",\"width\":1600,\"height\":1199,\"caption\":\"Parque fabril Weiku\"},{\"@type\":\"BreadcrumbList\",\"@id\":\"https:\\\/\\\/weiku.com.br\\\/es\\\/weiku-do-brasil-una-referencia-en-soluciones-inteligentes-de-ventanas-y-puertas-de-pvc\\\/#breadcrumb\",\"itemListElement\":[{\"@type\":\"ListItem\",\"position\":1,\"name\":\"In\u00edcio\",\"item\":\"https:\\\/\\\/weiku.com.br\\\/es\\\/\"},{\"@type\":\"ListItem\",\"position\":2,\"name\":\"Weiku do Brasil: una referencia en soluciones inteligentes de ventanas y puertas de PVC\"}]},{\"@type\":\"WebSite\",\"@id\":\"https:\\\/\\\/weiku.com.br\\\/es\\\/#website\",\"url\":\"https:\\\/\\\/weiku.com.br\\\/es\\\/\",\"name\":\"Weiku\",\"description\":\"Esquadrias de PVC - Weiku do Brasil\",\"potentialAction\":[{\"@type\":\"SearchAction\",\"target\":{\"@type\":\"EntryPoint\",\"urlTemplate\":\"https:\\\/\\\/weiku.com.br\\\/es\\\/?s={search_term_string}\"},\"query-input\":{\"@type\":\"PropertyValueSpecification\",\"valueRequired\":true,\"valueName\":\"search_term_string\"}}],\"inLanguage\":\"es\"},{\"@type\":\"Person\",\"@id\":\"https:\\\/\\\/weiku.com.br\\\/es\\\/#\\\/schema\\\/person\\\/a15df1b49db4f0c34776a50f6a0ba70d\",\"name\":\"Mateus Fernandes\",\"image\":{\"@type\":\"ImageObject\",\"inLanguage\":\"es\",\"@id\":\"https:\\\/\\\/weiku.com.br\\\/wp-content\\\/litespeed\\\/avatar\\\/900ee9f544fa1ea84bffb5ef4c3394f3.jpg?ver=1777254458\",\"url\":\"https:\\\/\\\/weiku.com.br\\\/wp-content\\\/litespeed\\\/avatar\\\/900ee9f544fa1ea84bffb5ef4c3394f3.jpg?ver=1777254458\",\"contentUrl\":\"https:\\\/\\\/weiku.com.br\\\/wp-content\\\/litespeed\\\/avatar\\\/900ee9f544fa1ea84bffb5ef4c3394f3.jpg?ver=1777254458\",\"caption\":\"Mateus Fernandes\"},\"sameAs\":[\"http:\\\/\\\/www.weiku.com.br\"],\"url\":\"https:\\\/\\\/weiku.com.br\\\/es\\\/author\\\/mateus\\\/\"}]}<\/script>\n<!-- \/ Yoast SEO plugin. -->","yoast_head_json":{"title":"Weiku do Brasil: una referencia en ventanas y puertas de PVC","description":"Con 25 a\u00f1os en el mercado, Weiku se ha consolidado como una referencia cuando se trata de calidad en ventanas y puertas de PVC.","robots":{"index":"index","follow":"follow","max-snippet":"max-snippet:-1","max-image-preview":"max-image-preview:large","max-video-preview":"max-video-preview:-1"},"canonical":"https:\/\/weiku.com.br\/es\/weiku-do-brasil-una-referencia-en-soluciones-inteligentes-de-ventanas-y-puertas-de-pvc\/","og_locale":"es_ES","og_type":"article","og_title":"Weiku do Brasil: una referencia en ventanas y puertas de PVC","og_description":"Con 25 a\u00f1os en el mercado, Weiku se ha consolidado como una referencia cuando se trata de calidad en ventanas y puertas de PVC.","og_url":"https:\/\/weiku.com.br\/es\/weiku-do-brasil-una-referencia-en-soluciones-inteligentes-de-ventanas-y-puertas-de-pvc\/","og_site_name":"Weiku","article_published_time":"2023-07-25T11:00:00+00:00","article_modified_time":"2025-07-28T13:28:14+00:00","og_image":[{"width":1600,"height":1199,"url":"https:\/\/weiku.com.br\/wp-content\/uploads\/2023\/07\/DJI_0368-scaled-1.jpg","type":"image\/jpeg"}],"author":"Mateus Fernandes","twitter_card":"summary_large_image","twitter_misc":{"Escrito por":"Mateus Fernandes","Tiempo de lectura":"2 minutos"},"schema":{"@context":"https:\/\/schema.org","@graph":[{"@type":"Article","@id":"https:\/\/weiku.com.br\/es\/weiku-do-brasil-una-referencia-en-soluciones-inteligentes-de-ventanas-y-puertas-de-pvc\/#article","isPartOf":{"@id":"https:\/\/weiku.com.br\/es\/weiku-do-brasil-una-referencia-en-soluciones-inteligentes-de-ventanas-y-puertas-de-pvc\/"},"author":{"name":"Mateus Fernandes","@id":"https:\/\/weiku.com.br\/es\/#\/schema\/person\/a15df1b49db4f0c34776a50f6a0ba70d"},"headline":"Weiku do Brasil: una referencia en soluciones inteligentes de ventanas y puertas de PVC","datePublished":"2023-07-25T11:00:00+00:00","dateModified":"2025-07-28T13:28:14+00:00","mainEntityOfPage":{"@id":"https:\/\/weiku.com.br\/es\/weiku-do-brasil-una-referencia-en-soluciones-inteligentes-de-ventanas-y-puertas-de-pvc\/"},"wordCount":431,"image":{"@id":"https:\/\/weiku.com.br\/es\/weiku-do-brasil-una-referencia-en-soluciones-inteligentes-de-ventanas-y-puertas-de-pvc\/#primaryimage"},"thumbnailUrl":"https:\/\/weiku.com.br\/wp-content\/uploads\/2023\/07\/DJI_0368-scaled-1.jpg","inLanguage":"es"},{"@type":"WebPage","@id":"https:\/\/weiku.com.br\/es\/weiku-do-brasil-una-referencia-en-soluciones-inteligentes-de-ventanas-y-puertas-de-pvc\/","url":"https:\/\/weiku.com.br\/es\/weiku-do-brasil-una-referencia-en-soluciones-inteligentes-de-ventanas-y-puertas-de-pvc\/","name":"Weiku do Brasil: una referencia en ventanas y puertas de PVC","isPartOf":{"@id":"https:\/\/weiku.com.br\/es\/#website"},"primaryImageOfPage":{"@id":"https:\/\/weiku.com.br\/es\/weiku-do-brasil-una-referencia-en-soluciones-inteligentes-de-ventanas-y-puertas-de-pvc\/#primaryimage"},"image":{"@id":"https:\/\/weiku.com.br\/es\/weiku-do-brasil-una-referencia-en-soluciones-inteligentes-de-ventanas-y-puertas-de-pvc\/#primaryimage"},"thumbnailUrl":"https:\/\/weiku.com.br\/wp-content\/uploads\/2023\/07\/DJI_0368-scaled-1.jpg","datePublished":"2023-07-25T11:00:00+00:00","dateModified":"2025-07-28T13:28:14+00:00","author":{"@id":"https:\/\/weiku.com.br\/es\/#\/schema\/person\/a15df1b49db4f0c34776a50f6a0ba70d"},"description":"Con 25 a\u00f1os en el mercado, Weiku se ha consolidado como una referencia cuando se trata de calidad en ventanas y puertas de PVC.","breadcrumb":{"@id":"https:\/\/weiku.com.br\/es\/weiku-do-brasil-una-referencia-en-soluciones-inteligentes-de-ventanas-y-puertas-de-pvc\/#breadcrumb"},"inLanguage":"es","potentialAction":[{"@type":"ReadAction","target":["https:\/\/weiku.com.br\/es\/weiku-do-brasil-una-referencia-en-soluciones-inteligentes-de-ventanas-y-puertas-de-pvc\/"]}]},{"@type":"ImageObject","inLanguage":"es","@id":"https:\/\/weiku.com.br\/es\/weiku-do-brasil-una-referencia-en-soluciones-inteligentes-de-ventanas-y-puertas-de-pvc\/#primaryimage","url":"https:\/\/weiku.com.br\/wp-content\/uploads\/2023\/07\/DJI_0368-scaled-1.jpg","contentUrl":"https:\/\/weiku.com.br\/wp-content\/uploads\/2023\/07\/DJI_0368-scaled-1.jpg","width":1600,"height":1199,"caption":"Parque fabril Weiku"},{"@type":"BreadcrumbList","@id":"https:\/\/weiku.com.br\/es\/weiku-do-brasil-una-referencia-en-soluciones-inteligentes-de-ventanas-y-puertas-de-pvc\/#breadcrumb","itemListElement":[{"@type":"ListItem","position":1,"name":"In\u00edcio","item":"https:\/\/weiku.com.br\/es\/"},{"@type":"ListItem","position":2,"name":"Weiku do Brasil: una referencia en soluciones inteligentes de ventanas y puertas de PVC"}]},{"@type":"WebSite","@id":"https:\/\/weiku.com.br\/es\/#website","url":"https:\/\/weiku.com.br\/es\/","name":"Weiku","description":"Esquadrias de PVC - Weiku do Brasil","potentialAction":[{"@type":"SearchAction","target":{"@type":"EntryPoint","urlTemplate":"https:\/\/weiku.com.br\/es\/?s={search_term_string}"},"query-input":{"@type":"PropertyValueSpecification","valueRequired":true,"valueName":"search_term_string"}}],"inLanguage":"es"},{"@type":"Person","@id":"https:\/\/weiku.com.br\/es\/#\/schema\/person\/a15df1b49db4f0c34776a50f6a0ba70d","name":"Mateus Fernandes","image":{"@type":"ImageObject","inLanguage":"es","@id":"https:\/\/weiku.com.br\/wp-content\/litespeed\/avatar\/900ee9f544fa1ea84bffb5ef4c3394f3.jpg?ver=1777254458","url":"https:\/\/weiku.com.br\/wp-content\/litespeed\/avatar\/900ee9f544fa1ea84bffb5ef4c3394f3.jpg?ver=1777254458","contentUrl":"https:\/\/weiku.com.br\/wp-content\/litespeed\/avatar\/900ee9f544fa1ea84bffb5ef4c3394f3.jpg?ver=1777254458","caption":"Mateus Fernandes"},"sameAs":["http:\/\/www.weiku.com.br"],"url":"https:\/\/weiku.com.br\/es\/author\/mateus\/"}]}},"_links":{"self":[{"href":"https:\/\/weiku.com.br\/es\/wp-json\/wp\/v2\/posts\/31447","targetHints":{"allow":["GET"]}}],"collection":[{"href":"https:\/\/weiku.com.br\/es\/wp-json\/wp\/v2\/posts"}],"about":[{"href":"https:\/\/weiku.com.br\/es\/wp-json\/wp\/v2\/types\/post"}],"author":[{"embeddable":true,"href":"https:\/\/weiku.com.br\/es\/wp-json\/wp\/v2\/users\/35"}],"replies":[{"embeddable":true,"href":"https:\/\/weiku.com.br\/es\/wp-json\/wp\/v2\/comments?post=31447"}],"version-history":[{"count":1,"href":"https:\/\/weiku.com.br\/es\/wp-json\/wp\/v2\/posts\/31447\/revisions"}],"predecessor-version":[{"id":31448,"href":"https:\/\/weiku.com.br\/es\/wp-json\/wp\/v2\/posts\/31447\/revisions\/31448"}],"wp:featuredmedia":[{"embeddable":true,"href":"https:\/\/weiku.com.br\/es\/wp-json\/wp\/v2\/media\/30657"}],"wp:attachment":[{"href":"https:\/\/weiku.com.br\/es\/wp-json\/wp\/v2\/media?parent=31447"}],"wp:term":[{"taxonomy":"category","embeddable":true,"href":"https:\/\/weiku.com.br\/es\/wp-json\/wp\/v2\/categories?post=31447"},{"taxonomy":"post_tag","embeddable":true,"href":"https:\/\/weiku.com.br\/es\/wp-json\/wp\/v2\/tags?post=31447"}],"curies":[{"name":"wp","href":"https:\/\/api.w.org\/{rel}","templated":true}]}}