{"id":31171,"date":"2023-12-15T12:21:32","date_gmt":"2023-12-15T15:21:32","guid":{"rendered":"https:\/\/weiku.com.br\/25-anos-de-dedicacion-en-la-trayectoria-de-weiku-do-brasil\/"},"modified":"2025-07-25T16:09:23","modified_gmt":"2025-07-25T19:09:23","slug":"25-anos-de-dedicacion-en-la-trayectoria-de-weiku-do-brasil","status":"publish","type":"post","link":"https:\/\/weiku.com.br\/es\/25-anos-de-dedicacion-en-la-trayectoria-de-weiku-do-brasil\/","title":{"rendered":"25 a\u00f1os de dedicaci\u00f3n en la trayectoria de Weiku do Brasil"},"content":{"rendered":"\n<p><em>Daniel Raduenz, el primer empleado de Weiku do Brasil, personifica la resiliencia, la dedicaci\u00f3n y la trayectoria de \u00e9xito de la empresa, siendo una pieza clave en sus 25 a\u00f1os de historia, repletos de desaf\u00edos superados y momentos memorables.<\/em><\/p>\n\n<p>Daniel Raduenz, primer empleado de<a href=\"https:\/\/weiku.cordilheiramidias.com\/\"> Weiku do Brasil<\/a>, es fundamental en la trayectoria de 25 a\u00f1os de la empresa. Desde 1998, cuando se uni\u00f3 a la compa\u00f1\u00eda, ha sido testigo y part\u00edcipe activo de cada cap\u00edtulo de esta historia, llena de desaf\u00edos, celebraciones y resiliencia. <\/p>\n\n<figure class=\"wp-block-image size-large\"><img decoding=\"async\" src=\"https:\/\/weiku.cordilheiramidias.com\/wp-content\/uploads\/2023\/12\/Daniel_DSC03479-1-1024x576.jpg\" alt=\"\" class=\"wp-image-16987\"\/><\/figure>\n\n<p>\u201cRecuerdo cuando recib\u00ed el dinero del se\u00f1or Kilian para comprar una carretilla y dirigirme al galp\u00f3n donde estaba nuestra sede. Arreglar todo hasta recibir el primer pedido, a mediados de 1999. La obra, realizada en Curitiba, fue muy celebrada. Parrillada, cerveza y mucha alegr\u00eda. Fue un hito para nosotros, movi\u00f3 la empresa y fue un momento muy especial\u201d, rememora Daniel, destacando la importancia de ese momento inicial que impuls\u00f3 la trayectoria de Weiku.<\/p>\n\n<p>Con un esp\u00edritu multifac\u00e9tico, Daniel explor\u00f3 diversas \u00e1reas dentro de la empresa. Desde producci\u00f3n y expedici\u00f3n hasta el sector administrativo, estuvo involucrado en cada aspecto del crecimiento de Weiku. Hoy en d\u00eda, Daniel es gestor administrativo financiero del <a href=\"https:\/\/www.instagram.com\/grupoweiku\/\">Grupo Weiku.<\/a>  <\/p>\n\n<figure class=\"wp-block-image size-large\"><img loading=\"lazy\" decoding=\"async\" width=\"1024\" height=\"768\" src=\"https:\/\/weiku.com.br\/wp-content\/uploads\/2023\/12\/escritorio-Weiku-1024x768.jpg\" alt=\"25 a&#xF1;os de Weiku do Brasil\" class=\"wp-image-16981\" srcset=\"https:\/\/weiku.com.br\/wp-content\/uploads\/2023\/12\/escritorio-Weiku-1024x768.jpg 1024w, https:\/\/weiku.com.br\/wp-content\/uploads\/2023\/12\/escritorio-Weiku-300x225.jpg 300w, https:\/\/weiku.com.br\/wp-content\/uploads\/2023\/12\/escritorio-Weiku-768x576.jpg 768w, https:\/\/weiku.com.br\/wp-content\/uploads\/2023\/12\/escritorio-Weiku-1536x1152.jpg 1536w, https:\/\/weiku.com.br\/wp-content\/uploads\/2023\/12\/escritorio-Weiku.jpg 1600w\" sizes=\"auto, (max-width: 1024px) 100vw, 1024px\" \/><\/figure>\n\n<p>Daniel tambi\u00e9n recuerda algunos momentos desafiantes y decisivos. \u201cEn 2005, atraves\u00e1bamos una crisis con muchas deudas. Despu\u00e9s de un per\u00edodo de cambios, donde invertimos en sistemas y en su venta a socios, decidimos volver a vender directamente al consumidor final. Fue un momento crucial que nos permiti\u00f3 renacer de las cenizas\u201d, revela Daniel, destacando la resiliencia y determinaci\u00f3n que marcaron ese periodo. <\/p>\n\n<figure class=\"wp-block-image size-large\"><img decoding=\"async\" src=\"https:\/\/weiku.cordilheiramidias.com\/wp-content\/uploads\/2023\/12\/Weiku-do-Brasil-der-Anfang_14-1024x682.jpg\" alt=\"25 a&#xF1;os de Weiku do Brasil\" class=\"wp-image-16982\"\/><\/figure>\n\n<p>Daniel es testigo de la evoluci\u00f3n de la empresa, desde la inversi\u00f3n en tecnolog\u00edas hasta la superaci\u00f3n de los momentos m\u00e1s dif\u00edciles. \u201cWeiku no creci\u00f3 por casualidad. Fue la dedicaci\u00f3n de los colaboradores y las alianzas que construimos lo que nos trajo hasta aqu\u00ed\u201d, afirma, reconociendo la importancia de cada individuo en esta trayectoria. <\/p>\n\n<p>Al reflexionar sobre el futuro de Weiku, Daniel vislumbra un camino prometedor con la participaci\u00f3n de los cuatro hijos del fundador, Arnd Kilian, en distintas \u00e1reas del negocio. \u201cVeo buenas perspectivas. La base s\u00f3lida construida se fortalecer\u00e1 a\u00fan m\u00e1s con el conocimiento transmitido por el se\u00f1or Kilian a sus sucesores. Y creo firmemente que la fuerza de la se\u00f1ora Kati, esposa y madre, fue fundamental para ser el pilar en todos los momentos, as\u00ed como la dedicaci\u00f3n, cuidado y persistencia del se\u00f1or Kilian fueron esenciales para mantener firme el sue\u00f1o de convertir a Weiku en la mayor empresa de esquadrias de Brasil\u201d, expresa con optimismo. <\/p>\n\n<figure class=\"wp-block-image size-large\"><img decoding=\"async\" src=\"https:\/\/weiku.cordilheiramidias.com\/wp-content\/uploads\/2023\/12\/14122023-DSC03386-1024x576.jpg\" alt=\"25 a&#xF1;os de Weiku do Brasil\" class=\"wp-image-16983\"\/><\/figure>\n\n<p>Su historia en Weiku est\u00e1 marcada por gratitud, persistencia y la creencia en los valores fundamentales de la empresa: \u00e9tica, coraje y celebraci\u00f3n de las victorias. \u201cEstoy agradecido por formar parte de este camino y ser testigo de cada momento vivido hasta ahora\u201d, concluye Daniel Raduenz, un s\u00edmbolo de la dedicaci\u00f3n y resiliencia que han impulsado a Weiku durante sus dos d\u00e9cadas y media de historia. <\/p>\n","protected":false},"excerpt":{"rendered":"<p>Daniel Raduenz, el primer empleado de Weiku do Brasil, personifica la resiliencia, la dedicaci\u00f3n y la trayectoria de \u00e9xito de la empresa, siendo una pieza clave en sus 25 a\u00f1os de historia, repletos de desaf\u00edos superados y momentos memorables. Daniel Raduenz, primer empleado de Weiku do Brasil, es fundamental en la trayectoria de 25 a\u00f1os [&hellip;]<\/p>\n","protected":false},"author":35,"featured_media":30722,"comment_status":"closed","ping_status":"open","sticky":false,"template":"","format":"standard","meta":{"_acf_changed":false,"footnotes":""},"categories":[],"tags":[],"class_list":["post-31171","post","type-post","status-publish","format-standard","has-post-thumbnail","hentry"],"acf":[],"yoast_head":"<!-- This site is optimized with the Yoast SEO plugin v27.3 - https:\/\/yoast.com\/product\/yoast-seo-wordpress\/ -->\n<title>25 a\u00f1os de dedicaci\u00f3n en la trayectoria de Weiku do Brasil - Weiku<\/title>\n<meta name=\"description\" content=\"Daniel Raduenz, primer empleado de Weiku do Brasil, personifica la resiliencia, la dedicaci\u00f3n y la trayectoria de \u00e9xito de la empresa...\" \/>\n<meta name=\"robots\" content=\"index, follow, max-snippet:-1, max-image-preview:large, max-video-preview:-1\" \/>\n<link rel=\"canonical\" href=\"https:\/\/weiku.com.br\/es\/25-anos-de-dedicacion-en-la-trayectoria-de-weiku-do-brasil\/\" \/>\n<meta property=\"og:locale\" content=\"es_ES\" \/>\n<meta property=\"og:type\" content=\"article\" \/>\n<meta property=\"og:title\" content=\"25 a\u00f1os de dedicaci\u00f3n en la trayectoria de Weiku do Brasil - Weiku\" \/>\n<meta property=\"og:description\" content=\"Daniel Raduenz, primer empleado de Weiku do Brasil, personifica la resiliencia, la dedicaci\u00f3n y la trayectoria de \u00e9xito de la empresa...\" \/>\n<meta property=\"og:url\" content=\"https:\/\/weiku.com.br\/es\/25-anos-de-dedicacion-en-la-trayectoria-de-weiku-do-brasil\/\" \/>\n<meta property=\"og:site_name\" content=\"Weiku\" \/>\n<meta property=\"article:published_time\" content=\"2023-12-15T15:21:32+00:00\" \/>\n<meta property=\"article:modified_time\" content=\"2025-07-25T19:09:23+00:00\" \/>\n<meta property=\"og:image\" content=\"https:\/\/weiku.com.br\/wp-content\/uploads\/2023\/12\/Daniel_DSC03479-scaled-1.jpg\" \/>\n\t<meta property=\"og:image:width\" content=\"1600\" \/>\n\t<meta property=\"og:image:height\" content=\"901\" \/>\n\t<meta property=\"og:image:type\" content=\"image\/jpeg\" \/>\n<meta name=\"author\" content=\"Mateus Fernandes\" \/>\n<meta name=\"twitter:card\" content=\"summary_large_image\" \/>\n<meta name=\"twitter:label1\" content=\"Escrito por\" \/>\n\t<meta name=\"twitter:data1\" content=\"Mateus Fernandes\" \/>\n\t<meta name=\"twitter:label2\" content=\"Tiempo de lectura\" \/>\n\t<meta name=\"twitter:data2\" content=\"3 minutos\" \/>\n<script type=\"application\/ld+json\" class=\"yoast-schema-graph\">{\"@context\":\"https:\\\/\\\/schema.org\",\"@graph\":[{\"@type\":\"Article\",\"@id\":\"https:\\\/\\\/weiku.com.br\\\/es\\\/25-anos-de-dedicacion-en-la-trayectoria-de-weiku-do-brasil\\\/#article\",\"isPartOf\":{\"@id\":\"https:\\\/\\\/weiku.com.br\\\/es\\\/25-anos-de-dedicacion-en-la-trayectoria-de-weiku-do-brasil\\\/\"},\"author\":{\"name\":\"Mateus Fernandes\",\"@id\":\"https:\\\/\\\/weiku.com.br\\\/es\\\/#\\\/schema\\\/person\\\/a15df1b49db4f0c34776a50f6a0ba70d\"},\"headline\":\"25 a\u00f1os de dedicaci\u00f3n en la trayectoria de Weiku do Brasil\",\"datePublished\":\"2023-12-15T15:21:32+00:00\",\"dateModified\":\"2025-07-25T19:09:23+00:00\",\"mainEntityOfPage\":{\"@id\":\"https:\\\/\\\/weiku.com.br\\\/es\\\/25-anos-de-dedicacion-en-la-trayectoria-de-weiku-do-brasil\\\/\"},\"wordCount\":532,\"image\":{\"@id\":\"https:\\\/\\\/weiku.com.br\\\/es\\\/25-anos-de-dedicacion-en-la-trayectoria-de-weiku-do-brasil\\\/#primaryimage\"},\"thumbnailUrl\":\"https:\\\/\\\/weiku.com.br\\\/wp-content\\\/uploads\\\/2023\\\/12\\\/Daniel_DSC03479-scaled-1.jpg\",\"inLanguage\":\"es\"},{\"@type\":\"WebPage\",\"@id\":\"https:\\\/\\\/weiku.com.br\\\/es\\\/25-anos-de-dedicacion-en-la-trayectoria-de-weiku-do-brasil\\\/\",\"url\":\"https:\\\/\\\/weiku.com.br\\\/es\\\/25-anos-de-dedicacion-en-la-trayectoria-de-weiku-do-brasil\\\/\",\"name\":\"25 a\u00f1os de dedicaci\u00f3n en la trayectoria de Weiku do Brasil - Weiku\",\"isPartOf\":{\"@id\":\"https:\\\/\\\/weiku.com.br\\\/es\\\/#website\"},\"primaryImageOfPage\":{\"@id\":\"https:\\\/\\\/weiku.com.br\\\/es\\\/25-anos-de-dedicacion-en-la-trayectoria-de-weiku-do-brasil\\\/#primaryimage\"},\"image\":{\"@id\":\"https:\\\/\\\/weiku.com.br\\\/es\\\/25-anos-de-dedicacion-en-la-trayectoria-de-weiku-do-brasil\\\/#primaryimage\"},\"thumbnailUrl\":\"https:\\\/\\\/weiku.com.br\\\/wp-content\\\/uploads\\\/2023\\\/12\\\/Daniel_DSC03479-scaled-1.jpg\",\"datePublished\":\"2023-12-15T15:21:32+00:00\",\"dateModified\":\"2025-07-25T19:09:23+00:00\",\"author\":{\"@id\":\"https:\\\/\\\/weiku.com.br\\\/es\\\/#\\\/schema\\\/person\\\/a15df1b49db4f0c34776a50f6a0ba70d\"},\"description\":\"Daniel Raduenz, primer empleado de Weiku do Brasil, personifica la resiliencia, la dedicaci\u00f3n y la trayectoria de \u00e9xito de la empresa...\",\"breadcrumb\":{\"@id\":\"https:\\\/\\\/weiku.com.br\\\/es\\\/25-anos-de-dedicacion-en-la-trayectoria-de-weiku-do-brasil\\\/#breadcrumb\"},\"inLanguage\":\"es\",\"potentialAction\":[{\"@type\":\"ReadAction\",\"target\":[\"https:\\\/\\\/weiku.com.br\\\/es\\\/25-anos-de-dedicacion-en-la-trayectoria-de-weiku-do-brasil\\\/\"]}]},{\"@type\":\"ImageObject\",\"inLanguage\":\"es\",\"@id\":\"https:\\\/\\\/weiku.com.br\\\/es\\\/25-anos-de-dedicacion-en-la-trayectoria-de-weiku-do-brasil\\\/#primaryimage\",\"url\":\"https:\\\/\\\/weiku.com.br\\\/wp-content\\\/uploads\\\/2023\\\/12\\\/Daniel_DSC03479-scaled-1.jpg\",\"contentUrl\":\"https:\\\/\\\/weiku.com.br\\\/wp-content\\\/uploads\\\/2023\\\/12\\\/Daniel_DSC03479-scaled-1.jpg\",\"width\":1600,\"height\":901,\"caption\":\"Daniel 25 anos de Weiku do Brasil\"},{\"@type\":\"BreadcrumbList\",\"@id\":\"https:\\\/\\\/weiku.com.br\\\/es\\\/25-anos-de-dedicacion-en-la-trayectoria-de-weiku-do-brasil\\\/#breadcrumb\",\"itemListElement\":[{\"@type\":\"ListItem\",\"position\":1,\"name\":\"In\u00edcio\",\"item\":\"https:\\\/\\\/weiku.com.br\\\/es\\\/\"},{\"@type\":\"ListItem\",\"position\":2,\"name\":\"25 a\u00f1os de dedicaci\u00f3n en la trayectoria de Weiku do Brasil\"}]},{\"@type\":\"WebSite\",\"@id\":\"https:\\\/\\\/weiku.com.br\\\/es\\\/#website\",\"url\":\"https:\\\/\\\/weiku.com.br\\\/es\\\/\",\"name\":\"Weiku\",\"description\":\"Esquadrias de PVC - Weiku do Brasil\",\"potentialAction\":[{\"@type\":\"SearchAction\",\"target\":{\"@type\":\"EntryPoint\",\"urlTemplate\":\"https:\\\/\\\/weiku.com.br\\\/es\\\/?s={search_term_string}\"},\"query-input\":{\"@type\":\"PropertyValueSpecification\",\"valueRequired\":true,\"valueName\":\"search_term_string\"}}],\"inLanguage\":\"es\"},{\"@type\":\"Person\",\"@id\":\"https:\\\/\\\/weiku.com.br\\\/es\\\/#\\\/schema\\\/person\\\/a15df1b49db4f0c34776a50f6a0ba70d\",\"name\":\"Mateus Fernandes\",\"image\":{\"@type\":\"ImageObject\",\"inLanguage\":\"es\",\"@id\":\"https:\\\/\\\/weiku.com.br\\\/wp-content\\\/litespeed\\\/avatar\\\/900ee9f544fa1ea84bffb5ef4c3394f3.jpg?ver=1777254458\",\"url\":\"https:\\\/\\\/weiku.com.br\\\/wp-content\\\/litespeed\\\/avatar\\\/900ee9f544fa1ea84bffb5ef4c3394f3.jpg?ver=1777254458\",\"contentUrl\":\"https:\\\/\\\/weiku.com.br\\\/wp-content\\\/litespeed\\\/avatar\\\/900ee9f544fa1ea84bffb5ef4c3394f3.jpg?ver=1777254458\",\"caption\":\"Mateus Fernandes\"},\"sameAs\":[\"http:\\\/\\\/www.weiku.com.br\"],\"url\":\"https:\\\/\\\/weiku.com.br\\\/es\\\/author\\\/mateus\\\/\"}]}<\/script>\n<!-- \/ Yoast SEO plugin. -->","yoast_head_json":{"title":"25 a\u00f1os de dedicaci\u00f3n en la trayectoria de Weiku do Brasil - Weiku","description":"Daniel Raduenz, primer empleado de Weiku do Brasil, personifica la resiliencia, la dedicaci\u00f3n y la trayectoria de \u00e9xito de la empresa...","robots":{"index":"index","follow":"follow","max-snippet":"max-snippet:-1","max-image-preview":"max-image-preview:large","max-video-preview":"max-video-preview:-1"},"canonical":"https:\/\/weiku.com.br\/es\/25-anos-de-dedicacion-en-la-trayectoria-de-weiku-do-brasil\/","og_locale":"es_ES","og_type":"article","og_title":"25 a\u00f1os de dedicaci\u00f3n en la trayectoria de Weiku do Brasil - Weiku","og_description":"Daniel Raduenz, primer empleado de Weiku do Brasil, personifica la resiliencia, la dedicaci\u00f3n y la trayectoria de \u00e9xito de la empresa...","og_url":"https:\/\/weiku.com.br\/es\/25-anos-de-dedicacion-en-la-trayectoria-de-weiku-do-brasil\/","og_site_name":"Weiku","article_published_time":"2023-12-15T15:21:32+00:00","article_modified_time":"2025-07-25T19:09:23+00:00","og_image":[{"width":1600,"height":901,"url":"https:\/\/weiku.com.br\/wp-content\/uploads\/2023\/12\/Daniel_DSC03479-scaled-1.jpg","type":"image\/jpeg"}],"author":"Mateus Fernandes","twitter_card":"summary_large_image","twitter_misc":{"Escrito por":"Mateus Fernandes","Tiempo de lectura":"3 minutos"},"schema":{"@context":"https:\/\/schema.org","@graph":[{"@type":"Article","@id":"https:\/\/weiku.com.br\/es\/25-anos-de-dedicacion-en-la-trayectoria-de-weiku-do-brasil\/#article","isPartOf":{"@id":"https:\/\/weiku.com.br\/es\/25-anos-de-dedicacion-en-la-trayectoria-de-weiku-do-brasil\/"},"author":{"name":"Mateus Fernandes","@id":"https:\/\/weiku.com.br\/es\/#\/schema\/person\/a15df1b49db4f0c34776a50f6a0ba70d"},"headline":"25 a\u00f1os de dedicaci\u00f3n en la trayectoria de Weiku do Brasil","datePublished":"2023-12-15T15:21:32+00:00","dateModified":"2025-07-25T19:09:23+00:00","mainEntityOfPage":{"@id":"https:\/\/weiku.com.br\/es\/25-anos-de-dedicacion-en-la-trayectoria-de-weiku-do-brasil\/"},"wordCount":532,"image":{"@id":"https:\/\/weiku.com.br\/es\/25-anos-de-dedicacion-en-la-trayectoria-de-weiku-do-brasil\/#primaryimage"},"thumbnailUrl":"https:\/\/weiku.com.br\/wp-content\/uploads\/2023\/12\/Daniel_DSC03479-scaled-1.jpg","inLanguage":"es"},{"@type":"WebPage","@id":"https:\/\/weiku.com.br\/es\/25-anos-de-dedicacion-en-la-trayectoria-de-weiku-do-brasil\/","url":"https:\/\/weiku.com.br\/es\/25-anos-de-dedicacion-en-la-trayectoria-de-weiku-do-brasil\/","name":"25 a\u00f1os de dedicaci\u00f3n en la trayectoria de Weiku do Brasil - Weiku","isPartOf":{"@id":"https:\/\/weiku.com.br\/es\/#website"},"primaryImageOfPage":{"@id":"https:\/\/weiku.com.br\/es\/25-anos-de-dedicacion-en-la-trayectoria-de-weiku-do-brasil\/#primaryimage"},"image":{"@id":"https:\/\/weiku.com.br\/es\/25-anos-de-dedicacion-en-la-trayectoria-de-weiku-do-brasil\/#primaryimage"},"thumbnailUrl":"https:\/\/weiku.com.br\/wp-content\/uploads\/2023\/12\/Daniel_DSC03479-scaled-1.jpg","datePublished":"2023-12-15T15:21:32+00:00","dateModified":"2025-07-25T19:09:23+00:00","author":{"@id":"https:\/\/weiku.com.br\/es\/#\/schema\/person\/a15df1b49db4f0c34776a50f6a0ba70d"},"description":"Daniel Raduenz, primer empleado de Weiku do Brasil, personifica la resiliencia, la dedicaci\u00f3n y la trayectoria de \u00e9xito de la empresa...","breadcrumb":{"@id":"https:\/\/weiku.com.br\/es\/25-anos-de-dedicacion-en-la-trayectoria-de-weiku-do-brasil\/#breadcrumb"},"inLanguage":"es","potentialAction":[{"@type":"ReadAction","target":["https:\/\/weiku.com.br\/es\/25-anos-de-dedicacion-en-la-trayectoria-de-weiku-do-brasil\/"]}]},{"@type":"ImageObject","inLanguage":"es","@id":"https:\/\/weiku.com.br\/es\/25-anos-de-dedicacion-en-la-trayectoria-de-weiku-do-brasil\/#primaryimage","url":"https:\/\/weiku.com.br\/wp-content\/uploads\/2023\/12\/Daniel_DSC03479-scaled-1.jpg","contentUrl":"https:\/\/weiku.com.br\/wp-content\/uploads\/2023\/12\/Daniel_DSC03479-scaled-1.jpg","width":1600,"height":901,"caption":"Daniel 25 anos de Weiku do Brasil"},{"@type":"BreadcrumbList","@id":"https:\/\/weiku.com.br\/es\/25-anos-de-dedicacion-en-la-trayectoria-de-weiku-do-brasil\/#breadcrumb","itemListElement":[{"@type":"ListItem","position":1,"name":"In\u00edcio","item":"https:\/\/weiku.com.br\/es\/"},{"@type":"ListItem","position":2,"name":"25 a\u00f1os de dedicaci\u00f3n en la trayectoria de Weiku do Brasil"}]},{"@type":"WebSite","@id":"https:\/\/weiku.com.br\/es\/#website","url":"https:\/\/weiku.com.br\/es\/","name":"Weiku","description":"Esquadrias de PVC - Weiku do Brasil","potentialAction":[{"@type":"SearchAction","target":{"@type":"EntryPoint","urlTemplate":"https:\/\/weiku.com.br\/es\/?s={search_term_string}"},"query-input":{"@type":"PropertyValueSpecification","valueRequired":true,"valueName":"search_term_string"}}],"inLanguage":"es"},{"@type":"Person","@id":"https:\/\/weiku.com.br\/es\/#\/schema\/person\/a15df1b49db4f0c34776a50f6a0ba70d","name":"Mateus Fernandes","image":{"@type":"ImageObject","inLanguage":"es","@id":"https:\/\/weiku.com.br\/wp-content\/litespeed\/avatar\/900ee9f544fa1ea84bffb5ef4c3394f3.jpg?ver=1777254458","url":"https:\/\/weiku.com.br\/wp-content\/litespeed\/avatar\/900ee9f544fa1ea84bffb5ef4c3394f3.jpg?ver=1777254458","contentUrl":"https:\/\/weiku.com.br\/wp-content\/litespeed\/avatar\/900ee9f544fa1ea84bffb5ef4c3394f3.jpg?ver=1777254458","caption":"Mateus Fernandes"},"sameAs":["http:\/\/www.weiku.com.br"],"url":"https:\/\/weiku.com.br\/es\/author\/mateus\/"}]}},"_links":{"self":[{"href":"https:\/\/weiku.com.br\/es\/wp-json\/wp\/v2\/posts\/31171","targetHints":{"allow":["GET"]}}],"collection":[{"href":"https:\/\/weiku.com.br\/es\/wp-json\/wp\/v2\/posts"}],"about":[{"href":"https:\/\/weiku.com.br\/es\/wp-json\/wp\/v2\/types\/post"}],"author":[{"embeddable":true,"href":"https:\/\/weiku.com.br\/es\/wp-json\/wp\/v2\/users\/35"}],"replies":[{"embeddable":true,"href":"https:\/\/weiku.com.br\/es\/wp-json\/wp\/v2\/comments?post=31171"}],"version-history":[{"count":1,"href":"https:\/\/weiku.com.br\/es\/wp-json\/wp\/v2\/posts\/31171\/revisions"}],"predecessor-version":[{"id":31172,"href":"https:\/\/weiku.com.br\/es\/wp-json\/wp\/v2\/posts\/31171\/revisions\/31172"}],"wp:featuredmedia":[{"embeddable":true,"href":"https:\/\/weiku.com.br\/es\/wp-json\/wp\/v2\/media\/30722"}],"wp:attachment":[{"href":"https:\/\/weiku.com.br\/es\/wp-json\/wp\/v2\/media?parent=31171"}],"wp:term":[{"taxonomy":"category","embeddable":true,"href":"https:\/\/weiku.com.br\/es\/wp-json\/wp\/v2\/categories?post=31171"},{"taxonomy":"post_tag","embeddable":true,"href":"https:\/\/weiku.com.br\/es\/wp-json\/wp\/v2\/tags?post=31171"}],"curies":[{"name":"wp","href":"https:\/\/api.w.org\/{rel}","templated":true}]}}