{"id":32749,"date":"2018-11-08T12:48:12","date_gmt":"2018-11-08T14:48:12","guid":{"rendered":"https:\/\/weiku.com.br\/haengender-garten-ihre-gruene-ecke-fuer-kleine-raeume\/"},"modified":"2018-11-08T12:48:12","modified_gmt":"2018-11-08T14:48:12","slug":"haengender-garten-ihre-gruene-ecke-fuer-kleine-raeume","status":"publish","type":"post","link":"https:\/\/weiku.com.br\/de\/haengender-garten-ihre-gruene-ecke-fuer-kleine-raeume\/","title":{"rendered":"H\u00e4ngender Garten: Ihre gr\u00fcne Ecke f\u00fcr kleine R\u00e4ume"},"content":{"rendered":"<p><a href=\"https:\/\/weiku.com.br\/wp-content\/uploads\/2018\/11\/Projeto-de-Marilia-Veiga-1.jpg\"><img loading=\"lazy\" decoding=\"async\" class=\"alignnone size-full wp-image-4113\" src=\"https:\/\/weiku.com.br\/wp-content\/uploads\/2018\/11\/Projeto-de-Marilia-Veiga-1.jpg\" alt=\"Projekt von Marilia Veiga\" width=\"880\" height=\"600\"><\/a>Die Gestaltung eines h\u00e4ngenden Gartens kann die perfekte L\u00f6sung f\u00fcr alle sein, die ihre Einrichtung mit Pflanzen bereichern m\u00f6chten. Und das Beste: Platzmangel ist dabei kein Problem, wenn es darum geht, das Gr\u00fcn ins Haus zu holen. Entscheidend sind eine gute Planung und die richtige Auswahl der Pflanzenarten.  <\/p>\n<p><a href=\"https:\/\/weiku.com.br\/wp-content\/uploads\/2018\/11\/Projeto-por-Marcelo-Rosset-Arquitetura-1.jpg\"><img loading=\"lazy\" decoding=\"async\" class=\"alignnone size-full wp-image-4114\" src=\"https:\/\/weiku.com.br\/wp-content\/uploads\/2018\/11\/Projeto-por-Marcelo-Rosset-Arquitetura-1.jpg\" alt=\"Projekt von Marcelo Rosset Arquitetura\" width=\"880\" height=\"600\"><\/a><\/p>\n<p>Das Au\u00dfen nach innen zu bringen, macht den Raum harmonischer und ausgewogener. Neben einem frischeren Raumklima kann es auch die gesamte Raumgestaltung transformieren. Schon einmal daran gedacht, einen h\u00e4ngenden Garten in einer Zimmerecke nahe am Fenster zu integrieren? Oder den Balkon zu nutzen, um eine gem\u00fctliche Atmosph\u00e4re zu schaffen? Kreativit\u00e4t ist hier ein wichtiger Verb\u00fcndeter, wenn es um die Dekoration mit Pflanzen geht.    <\/p>\n<p><a href=\"https:\/\/weiku.com.br\/wp-content\/uploads\/2018\/11\/Projeto-por-Rodrigo-Maia_01-1.jpg\"><img loading=\"lazy\" decoding=\"async\" class=\"alignnone size-full wp-image-4115\" src=\"https:\/\/weiku.com.br\/wp-content\/uploads\/2018\/11\/Projeto-por-Rodrigo-Maia_01-1.jpg\" alt=\"Projekt von Rodrigo Maia\" width=\"880\" height=\"600\" srcset=\"https:\/\/weiku.com.br\/wp-content\/uploads\/2018\/11\/Projeto-por-Rodrigo-Maia_01-1.jpg 880w, https:\/\/weiku.com.br\/wp-content\/uploads\/2018\/11\/Projeto-por-Rodrigo-Maia_01-1-300x205.jpg 300w, https:\/\/weiku.com.br\/wp-content\/uploads\/2018\/11\/Projeto-por-Rodrigo-Maia_01-1-768x524.jpg 768w\" sizes=\"auto, (max-width: 880px) 100vw, 880px\" \/><\/a><\/p>\n<p>Ein weiterer wichtiger Aspekt ist die Nachhaltigkeit. Der h\u00e4ngende Garten ist nicht nur dekorativ, sondern auch \u00f6kologisch sinnvoll. Er tr\u00e4gt zur Luftreinigung bei und f\u00f6rdert das Wohlbefinden. Ob im Innen- oder Au\u00dfenbereich \u2013 auch die Wiederverwendung alter Materialien oder der Einsatz neuer Ideen lohnt sich bei der Gestaltung. Ein Garten ist ein kleines \u00d6kosystem, in dem sich Mikroorganismen entwickeln; daher ist eine sorgf\u00e4ltige Planung entscheidend, um Qualit\u00e4t und Langlebigkeit des Projekts sicherzustellen.    <\/p>\n","protected":false},"excerpt":{"rendered":"<p>Die Gestaltung eines h\u00e4ngenden Gartens kann die perfekte L\u00f6sung f\u00fcr alle sein, die ihre Einrichtung mit Pflanzen bereichern m\u00f6chten. Und das Beste: Platzmangel ist dabei kein Problem, wenn es darum geht, das Gr\u00fcn ins Haus zu holen. Entscheidend sind eine gute Planung und die richtige Auswahl der Pflanzenarten. Das Au\u00dfen nach innen zu bringen, macht [&hellip;]<\/p>\n","protected":false},"author":35,"featured_media":24616,"comment_status":"open","ping_status":"open","sticky":false,"template":"","format":"standard","meta":{"_acf_changed":false,"footnotes":""},"categories":[726],"tags":[],"class_list":["post-32749","post","type-post","status-publish","format-standard","has-post-thumbnail","hentry","category-nicht-kategorisiert"],"acf":[],"yoast_head":"<!-- This site is optimized with the Yoast SEO plugin v27.3 - https:\/\/yoast.com\/product\/yoast-seo-wordpress\/ -->\n<title>H\u00e4ngender Garten: Ihre gr\u00fcne Ecke f\u00fcr kleine R\u00e4ume - Weiku<\/title>\n<meta name=\"robots\" content=\"index, follow, max-snippet:-1, max-image-preview:large, max-video-preview:-1\" \/>\n<link rel=\"canonical\" href=\"https:\/\/weiku.com.br\/de\/haengender-garten-ihre-gruene-ecke-fuer-kleine-raeume\/\" \/>\n<meta property=\"og:locale\" content=\"de_DE\" \/>\n<meta property=\"og:type\" content=\"article\" \/>\n<meta property=\"og:title\" content=\"H\u00e4ngender Garten: Ihre gr\u00fcne Ecke f\u00fcr kleine R\u00e4ume - Weiku\" \/>\n<meta property=\"og:description\" content=\"Die Gestaltung eines h\u00e4ngenden Gartens kann die perfekte L\u00f6sung f\u00fcr alle sein, die ihre Einrichtung mit Pflanzen bereichern m\u00f6chten. Und das Beste: Platzmangel ist dabei kein Problem, wenn es darum geht, das Gr\u00fcn ins Haus zu holen. Entscheidend sind eine gute Planung und die richtige Auswahl der Pflanzenarten. Das Au\u00dfen nach innen zu bringen, macht [&hellip;]\" \/>\n<meta property=\"og:url\" content=\"https:\/\/weiku.com.br\/de\/haengender-garten-ihre-gruene-ecke-fuer-kleine-raeume\/\" \/>\n<meta property=\"og:site_name\" content=\"Weiku\" \/>\n<meta property=\"article:published_time\" content=\"2018-11-08T14:48:12+00:00\" \/>\n<meta property=\"og:image\" content=\"https:\/\/weiku.com.br\/wp-content\/uploads\/2018\/11\/Projeto-de-Marilia-Veiga1-2.jpg\" \/>\n\t<meta property=\"og:image:width\" content=\"880\" \/>\n\t<meta property=\"og:image:height\" content=\"420\" \/>\n\t<meta property=\"og:image:type\" content=\"image\/jpeg\" \/>\n<meta name=\"author\" content=\"Mateus Fernandes\" \/>\n<meta name=\"twitter:card\" content=\"summary_large_image\" \/>\n<meta name=\"twitter:label1\" content=\"Verfasst von\" \/>\n\t<meta name=\"twitter:data1\" content=\"Mateus Fernandes\" \/>\n\t<meta name=\"twitter:label2\" content=\"Gesch\u00e4tzte Lesezeit\" \/>\n\t<meta name=\"twitter:data2\" content=\"1\u00a0Minute\" \/>\n<script type=\"application\/ld+json\" class=\"yoast-schema-graph\">{\"@context\":\"https:\\\/\\\/schema.org\",\"@graph\":[{\"@type\":\"Article\",\"@id\":\"https:\\\/\\\/weiku.com.br\\\/de\\\/haengender-garten-ihre-gruene-ecke-fuer-kleine-raeume\\\/#article\",\"isPartOf\":{\"@id\":\"https:\\\/\\\/weiku.com.br\\\/de\\\/haengender-garten-ihre-gruene-ecke-fuer-kleine-raeume\\\/\"},\"author\":{\"name\":\"Mateus Fernandes\",\"@id\":\"https:\\\/\\\/weiku.com.br\\\/de\\\/#\\\/schema\\\/person\\\/a15df1b49db4f0c34776a50f6a0ba70d\"},\"headline\":\"H\u00e4ngender Garten: Ihre gr\u00fcne Ecke f\u00fcr kleine R\u00e4ume\",\"datePublished\":\"2018-11-08T14:48:12+00:00\",\"mainEntityOfPage\":{\"@id\":\"https:\\\/\\\/weiku.com.br\\\/de\\\/haengender-garten-ihre-gruene-ecke-fuer-kleine-raeume\\\/\"},\"wordCount\":211,\"commentCount\":0,\"image\":{\"@id\":\"https:\\\/\\\/weiku.com.br\\\/de\\\/haengender-garten-ihre-gruene-ecke-fuer-kleine-raeume\\\/#primaryimage\"},\"thumbnailUrl\":\"https:\\\/\\\/weiku.com.br\\\/wp-content\\\/uploads\\\/2018\\\/11\\\/Projeto-de-Marilia-Veiga1-2.jpg\",\"articleSection\":[\"Nicht kategorisiert\"],\"inLanguage\":\"de\",\"potentialAction\":[{\"@type\":\"CommentAction\",\"name\":\"Comment\",\"target\":[\"https:\\\/\\\/weiku.com.br\\\/de\\\/haengender-garten-ihre-gruene-ecke-fuer-kleine-raeume\\\/#respond\"]}]},{\"@type\":\"WebPage\",\"@id\":\"https:\\\/\\\/weiku.com.br\\\/de\\\/haengender-garten-ihre-gruene-ecke-fuer-kleine-raeume\\\/\",\"url\":\"https:\\\/\\\/weiku.com.br\\\/de\\\/haengender-garten-ihre-gruene-ecke-fuer-kleine-raeume\\\/\",\"name\":\"H\u00e4ngender Garten: Ihre gr\u00fcne Ecke f\u00fcr kleine R\u00e4ume - Weiku\",\"isPartOf\":{\"@id\":\"https:\\\/\\\/weiku.com.br\\\/de\\\/#website\"},\"primaryImageOfPage\":{\"@id\":\"https:\\\/\\\/weiku.com.br\\\/de\\\/haengender-garten-ihre-gruene-ecke-fuer-kleine-raeume\\\/#primaryimage\"},\"image\":{\"@id\":\"https:\\\/\\\/weiku.com.br\\\/de\\\/haengender-garten-ihre-gruene-ecke-fuer-kleine-raeume\\\/#primaryimage\"},\"thumbnailUrl\":\"https:\\\/\\\/weiku.com.br\\\/wp-content\\\/uploads\\\/2018\\\/11\\\/Projeto-de-Marilia-Veiga1-2.jpg\",\"datePublished\":\"2018-11-08T14:48:12+00:00\",\"author\":{\"@id\":\"https:\\\/\\\/weiku.com.br\\\/de\\\/#\\\/schema\\\/person\\\/a15df1b49db4f0c34776a50f6a0ba70d\"},\"breadcrumb\":{\"@id\":\"https:\\\/\\\/weiku.com.br\\\/de\\\/haengender-garten-ihre-gruene-ecke-fuer-kleine-raeume\\\/#breadcrumb\"},\"inLanguage\":\"de\",\"potentialAction\":[{\"@type\":\"ReadAction\",\"target\":[\"https:\\\/\\\/weiku.com.br\\\/de\\\/haengender-garten-ihre-gruene-ecke-fuer-kleine-raeume\\\/\"]}]},{\"@type\":\"ImageObject\",\"inLanguage\":\"de\",\"@id\":\"https:\\\/\\\/weiku.com.br\\\/de\\\/haengender-garten-ihre-gruene-ecke-fuer-kleine-raeume\\\/#primaryimage\",\"url\":\"https:\\\/\\\/weiku.com.br\\\/wp-content\\\/uploads\\\/2018\\\/11\\\/Projeto-de-Marilia-Veiga1-2.jpg\",\"contentUrl\":\"https:\\\/\\\/weiku.com.br\\\/wp-content\\\/uploads\\\/2018\\\/11\\\/Projeto-de-Marilia-Veiga1-2.jpg\",\"width\":880,\"height\":420},{\"@type\":\"BreadcrumbList\",\"@id\":\"https:\\\/\\\/weiku.com.br\\\/de\\\/haengender-garten-ihre-gruene-ecke-fuer-kleine-raeume\\\/#breadcrumb\",\"itemListElement\":[{\"@type\":\"ListItem\",\"position\":1,\"name\":\"In\u00edcio\",\"item\":\"https:\\\/\\\/weiku.com.br\\\/de\\\/\"},{\"@type\":\"ListItem\",\"position\":2,\"name\":\"H\u00e4ngender Garten: Ihre gr\u00fcne Ecke f\u00fcr kleine R\u00e4ume\"}]},{\"@type\":\"WebSite\",\"@id\":\"https:\\\/\\\/weiku.com.br\\\/de\\\/#website\",\"url\":\"https:\\\/\\\/weiku.com.br\\\/de\\\/\",\"name\":\"Weiku\",\"description\":\"Esquadrias de PVC - Weiku do Brasil\",\"potentialAction\":[{\"@type\":\"SearchAction\",\"target\":{\"@type\":\"EntryPoint\",\"urlTemplate\":\"https:\\\/\\\/weiku.com.br\\\/de\\\/?s={search_term_string}\"},\"query-input\":{\"@type\":\"PropertyValueSpecification\",\"valueRequired\":true,\"valueName\":\"search_term_string\"}}],\"inLanguage\":\"de\"},{\"@type\":\"Person\",\"@id\":\"https:\\\/\\\/weiku.com.br\\\/de\\\/#\\\/schema\\\/person\\\/a15df1b49db4f0c34776a50f6a0ba70d\",\"name\":\"Mateus Fernandes\",\"image\":{\"@type\":\"ImageObject\",\"inLanguage\":\"de\",\"@id\":\"https:\\\/\\\/weiku.com.br\\\/wp-content\\\/litespeed\\\/avatar\\\/900ee9f544fa1ea84bffb5ef4c3394f3.jpg?ver=1777254458\",\"url\":\"https:\\\/\\\/weiku.com.br\\\/wp-content\\\/litespeed\\\/avatar\\\/900ee9f544fa1ea84bffb5ef4c3394f3.jpg?ver=1777254458\",\"contentUrl\":\"https:\\\/\\\/weiku.com.br\\\/wp-content\\\/litespeed\\\/avatar\\\/900ee9f544fa1ea84bffb5ef4c3394f3.jpg?ver=1777254458\",\"caption\":\"Mateus Fernandes\"},\"sameAs\":[\"http:\\\/\\\/www.weiku.com.br\"],\"url\":\"https:\\\/\\\/weiku.com.br\\\/de\\\/author\\\/mateus\\\/\"}]}<\/script>\n<!-- \/ Yoast SEO plugin. -->","yoast_head_json":{"title":"H\u00e4ngender Garten: Ihre gr\u00fcne Ecke f\u00fcr kleine R\u00e4ume - Weiku","robots":{"index":"index","follow":"follow","max-snippet":"max-snippet:-1","max-image-preview":"max-image-preview:large","max-video-preview":"max-video-preview:-1"},"canonical":"https:\/\/weiku.com.br\/de\/haengender-garten-ihre-gruene-ecke-fuer-kleine-raeume\/","og_locale":"de_DE","og_type":"article","og_title":"H\u00e4ngender Garten: Ihre gr\u00fcne Ecke f\u00fcr kleine R\u00e4ume - Weiku","og_description":"Die Gestaltung eines h\u00e4ngenden Gartens kann die perfekte L\u00f6sung f\u00fcr alle sein, die ihre Einrichtung mit Pflanzen bereichern m\u00f6chten. Und das Beste: Platzmangel ist dabei kein Problem, wenn es darum geht, das Gr\u00fcn ins Haus zu holen. Entscheidend sind eine gute Planung und die richtige Auswahl der Pflanzenarten. Das Au\u00dfen nach innen zu bringen, macht [&hellip;]","og_url":"https:\/\/weiku.com.br\/de\/haengender-garten-ihre-gruene-ecke-fuer-kleine-raeume\/","og_site_name":"Weiku","article_published_time":"2018-11-08T14:48:12+00:00","og_image":[{"width":880,"height":420,"url":"https:\/\/weiku.com.br\/wp-content\/uploads\/2018\/11\/Projeto-de-Marilia-Veiga1-2.jpg","type":"image\/jpeg"}],"author":"Mateus Fernandes","twitter_card":"summary_large_image","twitter_misc":{"Verfasst von":"Mateus Fernandes","Gesch\u00e4tzte Lesezeit":"1\u00a0Minute"},"schema":{"@context":"https:\/\/schema.org","@graph":[{"@type":"Article","@id":"https:\/\/weiku.com.br\/de\/haengender-garten-ihre-gruene-ecke-fuer-kleine-raeume\/#article","isPartOf":{"@id":"https:\/\/weiku.com.br\/de\/haengender-garten-ihre-gruene-ecke-fuer-kleine-raeume\/"},"author":{"name":"Mateus Fernandes","@id":"https:\/\/weiku.com.br\/de\/#\/schema\/person\/a15df1b49db4f0c34776a50f6a0ba70d"},"headline":"H\u00e4ngender Garten: Ihre gr\u00fcne Ecke f\u00fcr kleine R\u00e4ume","datePublished":"2018-11-08T14:48:12+00:00","mainEntityOfPage":{"@id":"https:\/\/weiku.com.br\/de\/haengender-garten-ihre-gruene-ecke-fuer-kleine-raeume\/"},"wordCount":211,"commentCount":0,"image":{"@id":"https:\/\/weiku.com.br\/de\/haengender-garten-ihre-gruene-ecke-fuer-kleine-raeume\/#primaryimage"},"thumbnailUrl":"https:\/\/weiku.com.br\/wp-content\/uploads\/2018\/11\/Projeto-de-Marilia-Veiga1-2.jpg","articleSection":["Nicht kategorisiert"],"inLanguage":"de","potentialAction":[{"@type":"CommentAction","name":"Comment","target":["https:\/\/weiku.com.br\/de\/haengender-garten-ihre-gruene-ecke-fuer-kleine-raeume\/#respond"]}]},{"@type":"WebPage","@id":"https:\/\/weiku.com.br\/de\/haengender-garten-ihre-gruene-ecke-fuer-kleine-raeume\/","url":"https:\/\/weiku.com.br\/de\/haengender-garten-ihre-gruene-ecke-fuer-kleine-raeume\/","name":"H\u00e4ngender Garten: Ihre gr\u00fcne Ecke f\u00fcr kleine R\u00e4ume - Weiku","isPartOf":{"@id":"https:\/\/weiku.com.br\/de\/#website"},"primaryImageOfPage":{"@id":"https:\/\/weiku.com.br\/de\/haengender-garten-ihre-gruene-ecke-fuer-kleine-raeume\/#primaryimage"},"image":{"@id":"https:\/\/weiku.com.br\/de\/haengender-garten-ihre-gruene-ecke-fuer-kleine-raeume\/#primaryimage"},"thumbnailUrl":"https:\/\/weiku.com.br\/wp-content\/uploads\/2018\/11\/Projeto-de-Marilia-Veiga1-2.jpg","datePublished":"2018-11-08T14:48:12+00:00","author":{"@id":"https:\/\/weiku.com.br\/de\/#\/schema\/person\/a15df1b49db4f0c34776a50f6a0ba70d"},"breadcrumb":{"@id":"https:\/\/weiku.com.br\/de\/haengender-garten-ihre-gruene-ecke-fuer-kleine-raeume\/#breadcrumb"},"inLanguage":"de","potentialAction":[{"@type":"ReadAction","target":["https:\/\/weiku.com.br\/de\/haengender-garten-ihre-gruene-ecke-fuer-kleine-raeume\/"]}]},{"@type":"ImageObject","inLanguage":"de","@id":"https:\/\/weiku.com.br\/de\/haengender-garten-ihre-gruene-ecke-fuer-kleine-raeume\/#primaryimage","url":"https:\/\/weiku.com.br\/wp-content\/uploads\/2018\/11\/Projeto-de-Marilia-Veiga1-2.jpg","contentUrl":"https:\/\/weiku.com.br\/wp-content\/uploads\/2018\/11\/Projeto-de-Marilia-Veiga1-2.jpg","width":880,"height":420},{"@type":"BreadcrumbList","@id":"https:\/\/weiku.com.br\/de\/haengender-garten-ihre-gruene-ecke-fuer-kleine-raeume\/#breadcrumb","itemListElement":[{"@type":"ListItem","position":1,"name":"In\u00edcio","item":"https:\/\/weiku.com.br\/de\/"},{"@type":"ListItem","position":2,"name":"H\u00e4ngender Garten: Ihre gr\u00fcne Ecke f\u00fcr kleine R\u00e4ume"}]},{"@type":"WebSite","@id":"https:\/\/weiku.com.br\/de\/#website","url":"https:\/\/weiku.com.br\/de\/","name":"Weiku","description":"Esquadrias de PVC - Weiku do Brasil","potentialAction":[{"@type":"SearchAction","target":{"@type":"EntryPoint","urlTemplate":"https:\/\/weiku.com.br\/de\/?s={search_term_string}"},"query-input":{"@type":"PropertyValueSpecification","valueRequired":true,"valueName":"search_term_string"}}],"inLanguage":"de"},{"@type":"Person","@id":"https:\/\/weiku.com.br\/de\/#\/schema\/person\/a15df1b49db4f0c34776a50f6a0ba70d","name":"Mateus Fernandes","image":{"@type":"ImageObject","inLanguage":"de","@id":"https:\/\/weiku.com.br\/wp-content\/litespeed\/avatar\/900ee9f544fa1ea84bffb5ef4c3394f3.jpg?ver=1777254458","url":"https:\/\/weiku.com.br\/wp-content\/litespeed\/avatar\/900ee9f544fa1ea84bffb5ef4c3394f3.jpg?ver=1777254458","contentUrl":"https:\/\/weiku.com.br\/wp-content\/litespeed\/avatar\/900ee9f544fa1ea84bffb5ef4c3394f3.jpg?ver=1777254458","caption":"Mateus Fernandes"},"sameAs":["http:\/\/www.weiku.com.br"],"url":"https:\/\/weiku.com.br\/de\/author\/mateus\/"}]}},"_links":{"self":[{"href":"https:\/\/weiku.com.br\/de\/wp-json\/wp\/v2\/posts\/32749","targetHints":{"allow":["GET"]}}],"collection":[{"href":"https:\/\/weiku.com.br\/de\/wp-json\/wp\/v2\/posts"}],"about":[{"href":"https:\/\/weiku.com.br\/de\/wp-json\/wp\/v2\/types\/post"}],"author":[{"embeddable":true,"href":"https:\/\/weiku.com.br\/de\/wp-json\/wp\/v2\/users\/35"}],"replies":[{"embeddable":true,"href":"https:\/\/weiku.com.br\/de\/wp-json\/wp\/v2\/comments?post=32749"}],"version-history":[{"count":0,"href":"https:\/\/weiku.com.br\/de\/wp-json\/wp\/v2\/posts\/32749\/revisions"}],"wp:featuredmedia":[{"embeddable":true,"href":"https:\/\/weiku.com.br\/de\/wp-json\/wp\/v2\/media\/24616"}],"wp:attachment":[{"href":"https:\/\/weiku.com.br\/de\/wp-json\/wp\/v2\/media?parent=32749"}],"wp:term":[{"taxonomy":"category","embeddable":true,"href":"https:\/\/weiku.com.br\/de\/wp-json\/wp\/v2\/categories?post=32749"},{"taxonomy":"post_tag","embeddable":true,"href":"https:\/\/weiku.com.br\/de\/wp-json\/wp\/v2\/tags?post=32749"}],"curies":[{"name":"wp","href":"https:\/\/api.w.org\/{rel}","templated":true}]}}