{"id":32705,"date":"2019-08-21T11:55:52","date_gmt":"2019-08-21T14:55:52","guid":{"rendered":"https:\/\/weiku.com.br\/industriestil-laessig-und-unpraetentioes\/"},"modified":"2019-08-21T11:55:52","modified_gmt":"2019-08-21T14:55:52","slug":"industriestil-laessig-und-unpraetentioes","status":"publish","type":"post","link":"https:\/\/weiku.com.br\/de\/industriestil-laessig-und-unpraetentioes\/","title":{"rendered":"Industriestil: l\u00e4ssig und unpr\u00e4tenti\u00f6s"},"content":{"rendered":"<p class=\"western\" align=\"JUSTIFY\"><a href=\"https:\/\/weiku.com.br\/wp-content\/uploads\/2019\/08\/janelas-portas-pvc-weiku-ambientes-sala-estar-decoracao-industrial-1.jpg\"><img loading=\"lazy\" decoding=\"async\" class=\"alignnone size-full wp-image-4307\" src=\"https:\/\/weiku.com.br\/wp-content\/uploads\/2019\/08\/janelas-portas-pvc-weiku-ambientes-sala-estar-decoracao-industrial-1.jpg\" alt=\"fenster-t\u00fcren-pvc-weiku-wohnr\u00e4ume-wohnzimmer-dekoration-industriestil\" width=\"880\" height=\"600\" srcset=\"https:\/\/weiku.com.br\/wp-content\/uploads\/2019\/08\/janelas-portas-pvc-weiku-ambientes-sala-estar-decoracao-industrial-1.jpg 880w, https:\/\/weiku.com.br\/wp-content\/uploads\/2019\/08\/janelas-portas-pvc-weiku-ambientes-sala-estar-decoracao-industrial-1-300x205.jpg 300w, https:\/\/weiku.com.br\/wp-content\/uploads\/2019\/08\/janelas-portas-pvc-weiku-ambientes-sala-estar-decoracao-industrial-1-768x524.jpg 768w\" sizes=\"auto, (max-width: 880px) 100vw, 880px\" \/><\/a><\/p>\n<p class=\"western\" align=\"JUSTIFY\"><span style=\"color: #000000;\"><span style=\"font-family: 'Times New Roman', serif;\"><span style=\"font-size: medium;\">Aktueller denn je: Der Industriestil in der Inneneinrichtung hat sich in den letzten Jahren als ein best\u00e4ndiger Trend erwiesen. Einfach, aber voller Pers\u00f6nlichkeit, liegen seine St\u00e4rken in der Integration der R\u00e4ume, unverputzten Ziegelw\u00e4nden, Sichtbeton sowie im bewussten Einsatz sichtbarer Industrie\u00admaterialien.  <\/span><\/span><span style=\"font-family: 'Times New Roman', serif;\"><span style=\"font-size: medium;\">Metalle wie Kupfer und Eisen sind in dieser \u00c4sthetik ebenso beliebt wie freiliegende Kabel, Rohre und Tr\u00e4ger sowie Vintage-, Recycling- und Metallm\u00f6bel.<\/span><\/span><\/span><\/p>\n<p class=\"western\" align=\"JUSTIFY\"><a href=\"https:\/\/weiku.com.br\/wp-content\/uploads\/2019\/08\/janelas-portas-pvc-weiku-ambientes-cozinha-decoracao-industrial-1-1.jpg\"><img loading=\"lazy\" decoding=\"async\" class=\"alignnone size-full wp-image-4308\" src=\"https:\/\/weiku.com.br\/wp-content\/uploads\/2019\/08\/janelas-portas-pvc-weiku-ambientes-cozinha-decoracao-industrial-1-1.jpg\" alt=\"fenster-t\u00fcren-pvc-weiku-wohnr\u00e4ume-k\u00fcche-dekoration-industriestil\" width=\"880\" height=\"600\" srcset=\"https:\/\/weiku.com.br\/wp-content\/uploads\/2019\/08\/janelas-portas-pvc-weiku-ambientes-cozinha-decoracao-industrial-1-1.jpg 880w, https:\/\/weiku.com.br\/wp-content\/uploads\/2019\/08\/janelas-portas-pvc-weiku-ambientes-cozinha-decoracao-industrial-1-1-300x205.jpg 300w, https:\/\/weiku.com.br\/wp-content\/uploads\/2019\/08\/janelas-portas-pvc-weiku-ambientes-cozinha-decoracao-industrial-1-1-768x524.jpg 768w\" sizes=\"auto, (max-width: 880px) 100vw, 880px\" \/><\/a><\/p>\n<p class=\"western\" align=\"JUSTIFY\">\n<p class=\"western\" align=\"JUSTIFY\"><span style=\"font-family: 'Times New Roman', serif; color: #000000;\"><span style=\"font-size: medium;\">Gro\u00dfe T\u00fcren und Fenster sind ebenfalls charakteristische Elemente von Wohnh\u00e4usern im Industriestil. Besonders Schiebet\u00fcren passen sich perfekt dieser Art von Einrichtung an. Au\u00dferdem sorgen gro\u00dfe Glasfenster tags\u00fcber f\u00fcr viel nat\u00fcrliches Licht, w\u00e4hrend indirekte Beleuchtung am Abend eine warme und gem\u00fctliche Atmosph\u00e4re schafft.  <\/span><\/span><\/p>\n<p class=\"western\" align=\"JUSTIFY\"><a href=\"https:\/\/weiku.com.br\/wp-content\/uploads\/2019\/08\/janelas-portas-pvc-weiku-ambientes-sala-decoracao-industrial-1-1.jpg\"><img loading=\"lazy\" decoding=\"async\" class=\"alignnone size-full wp-image-4310\" src=\"https:\/\/weiku.com.br\/wp-content\/uploads\/2019\/08\/janelas-portas-pvc-weiku-ambientes-sala-decoracao-industrial-1-1.jpg\" alt=\"fenster-t\u00fcren-pvc-weiku-wohnr\u00e4ume-wohnzimmer-dekoration-industriestil\" width=\"880\" height=\"600\" srcset=\"https:\/\/weiku.com.br\/wp-content\/uploads\/2019\/08\/janelas-portas-pvc-weiku-ambientes-sala-decoracao-industrial-1-1.jpg 880w, https:\/\/weiku.com.br\/wp-content\/uploads\/2019\/08\/janelas-portas-pvc-weiku-ambientes-sala-decoracao-industrial-1-1-300x205.jpg 300w, https:\/\/weiku.com.br\/wp-content\/uploads\/2019\/08\/janelas-portas-pvc-weiku-ambientes-sala-decoracao-industrial-1-1-768x524.jpg 768w\" sizes=\"auto, (max-width: 880px) 100vw, 880px\" \/><\/a><\/p>\n<p class=\"western\" align=\"JUSTIFY\">\n<p class=\"western\" align=\"JUSTIFY\"><span style=\"font-family: 'Times New Roman', serif; color: #000000;\"><span style=\"font-size: medium;\">Der Industriestil betont die urspr\u00fcnglichen Eigenschaften von Bauwerken, indem er bestimmte Elemente roh und unverputzt sichtbar l\u00e4sst. Als Kontrast zum Rustikalen bringen M\u00f6bel und Accessoires Sanftheit in den Raum \u2013 und machen diesen Stil zu einem der charakterst\u00e4rksten und am st\u00e4rksten wachsenden Einrichtungstrends unserer Zeit. <\/span><\/span><\/p>\n","protected":false},"excerpt":{"rendered":"<p>Aktueller denn je: Der Industriestil in der Inneneinrichtung hat sich in den letzten Jahren als ein best\u00e4ndiger Trend erwiesen. Einfach, aber voller Pers\u00f6nlichkeit, liegen seine St\u00e4rken in der Integration der R\u00e4ume, unverputzten Ziegelw\u00e4nden, Sichtbeton sowie im bewussten Einsatz sichtbarer Industrie\u00admaterialien. Metalle wie Kupfer und Eisen sind in dieser \u00c4sthetik ebenso beliebt wie freiliegende Kabel, Rohre [&hellip;]<\/p>\n","protected":false},"author":35,"featured_media":21868,"comment_status":"open","ping_status":"open","sticky":false,"template":"","format":"standard","meta":{"_acf_changed":false,"footnotes":""},"categories":[726],"tags":[],"class_list":["post-32705","post","type-post","status-publish","format-standard","has-post-thumbnail","hentry","category-nicht-kategorisiert"],"acf":[],"yoast_head":"<!-- This site is optimized with the Yoast SEO plugin v27.3 - https:\/\/yoast.com\/product\/yoast-seo-wordpress\/ -->\n<title>Industriestil: l\u00e4ssig und unpr\u00e4tenti\u00f6s - Weiku<\/title>\n<meta name=\"robots\" content=\"index, follow, max-snippet:-1, max-image-preview:large, max-video-preview:-1\" \/>\n<link rel=\"canonical\" href=\"https:\/\/weiku.com.br\/de\/industriestil-laessig-und-unpraetentioes\/\" \/>\n<meta property=\"og:locale\" content=\"de_DE\" \/>\n<meta property=\"og:type\" content=\"article\" \/>\n<meta property=\"og:title\" content=\"Industriestil: l\u00e4ssig und unpr\u00e4tenti\u00f6s - Weiku\" \/>\n<meta property=\"og:description\" content=\"Aktueller denn je: Der Industriestil in der Inneneinrichtung hat sich in den letzten Jahren als ein best\u00e4ndiger Trend erwiesen. Einfach, aber voller Pers\u00f6nlichkeit, liegen seine St\u00e4rken in der Integration der R\u00e4ume, unverputzten Ziegelw\u00e4nden, Sichtbeton sowie im bewussten Einsatz sichtbarer Industrie\u00admaterialien. Metalle wie Kupfer und Eisen sind in dieser \u00c4sthetik ebenso beliebt wie freiliegende Kabel, Rohre [&hellip;]\" \/>\n<meta property=\"og:url\" content=\"https:\/\/weiku.com.br\/de\/industriestil-laessig-und-unpraetentioes\/\" \/>\n<meta property=\"og:site_name\" content=\"Weiku\" \/>\n<meta property=\"article:published_time\" content=\"2019-08-21T14:55:52+00:00\" \/>\n<meta property=\"og:image\" content=\"https:\/\/weiku.com.br\/wp-content\/uploads\/2019\/08\/capa-weiku-quarto-weiku-janelas-portas-pvc-2.jpg\" \/>\n\t<meta property=\"og:image:width\" content=\"880\" \/>\n\t<meta property=\"og:image:height\" content=\"420\" \/>\n\t<meta property=\"og:image:type\" content=\"image\/jpeg\" \/>\n<meta name=\"author\" content=\"Mateus Fernandes\" \/>\n<meta name=\"twitter:card\" content=\"summary_large_image\" \/>\n<meta name=\"twitter:label1\" content=\"Verfasst von\" \/>\n\t<meta name=\"twitter:data1\" content=\"Mateus Fernandes\" \/>\n\t<meta name=\"twitter:label2\" content=\"Gesch\u00e4tzte Lesezeit\" \/>\n\t<meta name=\"twitter:data2\" content=\"1\u00a0Minute\" \/>\n<script type=\"application\/ld+json\" class=\"yoast-schema-graph\">{\"@context\":\"https:\\\/\\\/schema.org\",\"@graph\":[{\"@type\":\"Article\",\"@id\":\"https:\\\/\\\/weiku.com.br\\\/de\\\/industriestil-laessig-und-unpraetentioes\\\/#article\",\"isPartOf\":{\"@id\":\"https:\\\/\\\/weiku.com.br\\\/de\\\/industriestil-laessig-und-unpraetentioes\\\/\"},\"author\":{\"name\":\"Mateus Fernandes\",\"@id\":\"https:\\\/\\\/weiku.com.br\\\/de\\\/#\\\/schema\\\/person\\\/a15df1b49db4f0c34776a50f6a0ba70d\"},\"headline\":\"Industriestil: l\u00e4ssig und unpr\u00e4tenti\u00f6s\",\"datePublished\":\"2019-08-21T14:55:52+00:00\",\"mainEntityOfPage\":{\"@id\":\"https:\\\/\\\/weiku.com.br\\\/de\\\/industriestil-laessig-und-unpraetentioes\\\/\"},\"wordCount\":180,\"commentCount\":0,\"image\":{\"@id\":\"https:\\\/\\\/weiku.com.br\\\/de\\\/industriestil-laessig-und-unpraetentioes\\\/#primaryimage\"},\"thumbnailUrl\":\"https:\\\/\\\/weiku.com.br\\\/wp-content\\\/uploads\\\/2019\\\/08\\\/capa-weiku-quarto-weiku-janelas-portas-pvc-2.jpg\",\"articleSection\":[\"Nicht kategorisiert\"],\"inLanguage\":\"de\",\"potentialAction\":[{\"@type\":\"CommentAction\",\"name\":\"Comment\",\"target\":[\"https:\\\/\\\/weiku.com.br\\\/de\\\/industriestil-laessig-und-unpraetentioes\\\/#respond\"]}]},{\"@type\":\"WebPage\",\"@id\":\"https:\\\/\\\/weiku.com.br\\\/de\\\/industriestil-laessig-und-unpraetentioes\\\/\",\"url\":\"https:\\\/\\\/weiku.com.br\\\/de\\\/industriestil-laessig-und-unpraetentioes\\\/\",\"name\":\"Industriestil: l\u00e4ssig und unpr\u00e4tenti\u00f6s - Weiku\",\"isPartOf\":{\"@id\":\"https:\\\/\\\/weiku.com.br\\\/de\\\/#website\"},\"primaryImageOfPage\":{\"@id\":\"https:\\\/\\\/weiku.com.br\\\/de\\\/industriestil-laessig-und-unpraetentioes\\\/#primaryimage\"},\"image\":{\"@id\":\"https:\\\/\\\/weiku.com.br\\\/de\\\/industriestil-laessig-und-unpraetentioes\\\/#primaryimage\"},\"thumbnailUrl\":\"https:\\\/\\\/weiku.com.br\\\/wp-content\\\/uploads\\\/2019\\\/08\\\/capa-weiku-quarto-weiku-janelas-portas-pvc-2.jpg\",\"datePublished\":\"2019-08-21T14:55:52+00:00\",\"author\":{\"@id\":\"https:\\\/\\\/weiku.com.br\\\/de\\\/#\\\/schema\\\/person\\\/a15df1b49db4f0c34776a50f6a0ba70d\"},\"breadcrumb\":{\"@id\":\"https:\\\/\\\/weiku.com.br\\\/de\\\/industriestil-laessig-und-unpraetentioes\\\/#breadcrumb\"},\"inLanguage\":\"de\",\"potentialAction\":[{\"@type\":\"ReadAction\",\"target\":[\"https:\\\/\\\/weiku.com.br\\\/de\\\/industriestil-laessig-und-unpraetentioes\\\/\"]}]},{\"@type\":\"ImageObject\",\"inLanguage\":\"de\",\"@id\":\"https:\\\/\\\/weiku.com.br\\\/de\\\/industriestil-laessig-und-unpraetentioes\\\/#primaryimage\",\"url\":\"https:\\\/\\\/weiku.com.br\\\/wp-content\\\/uploads\\\/2019\\\/08\\\/capa-weiku-quarto-weiku-janelas-portas-pvc-2.jpg\",\"contentUrl\":\"https:\\\/\\\/weiku.com.br\\\/wp-content\\\/uploads\\\/2019\\\/08\\\/capa-weiku-quarto-weiku-janelas-portas-pvc-2.jpg\",\"width\":880,\"height\":420},{\"@type\":\"BreadcrumbList\",\"@id\":\"https:\\\/\\\/weiku.com.br\\\/de\\\/industriestil-laessig-und-unpraetentioes\\\/#breadcrumb\",\"itemListElement\":[{\"@type\":\"ListItem\",\"position\":1,\"name\":\"In\u00edcio\",\"item\":\"https:\\\/\\\/weiku.com.br\\\/de\\\/\"},{\"@type\":\"ListItem\",\"position\":2,\"name\":\"Industriestil: l\u00e4ssig und unpr\u00e4tenti\u00f6s\"}]},{\"@type\":\"WebSite\",\"@id\":\"https:\\\/\\\/weiku.com.br\\\/de\\\/#website\",\"url\":\"https:\\\/\\\/weiku.com.br\\\/de\\\/\",\"name\":\"Weiku\",\"description\":\"Esquadrias de PVC - Weiku do Brasil\",\"potentialAction\":[{\"@type\":\"SearchAction\",\"target\":{\"@type\":\"EntryPoint\",\"urlTemplate\":\"https:\\\/\\\/weiku.com.br\\\/de\\\/?s={search_term_string}\"},\"query-input\":{\"@type\":\"PropertyValueSpecification\",\"valueRequired\":true,\"valueName\":\"search_term_string\"}}],\"inLanguage\":\"de\"},{\"@type\":\"Person\",\"@id\":\"https:\\\/\\\/weiku.com.br\\\/de\\\/#\\\/schema\\\/person\\\/a15df1b49db4f0c34776a50f6a0ba70d\",\"name\":\"Mateus Fernandes\",\"image\":{\"@type\":\"ImageObject\",\"inLanguage\":\"de\",\"@id\":\"https:\\\/\\\/weiku.com.br\\\/wp-content\\\/litespeed\\\/avatar\\\/900ee9f544fa1ea84bffb5ef4c3394f3.jpg?ver=1777254458\",\"url\":\"https:\\\/\\\/weiku.com.br\\\/wp-content\\\/litespeed\\\/avatar\\\/900ee9f544fa1ea84bffb5ef4c3394f3.jpg?ver=1777254458\",\"contentUrl\":\"https:\\\/\\\/weiku.com.br\\\/wp-content\\\/litespeed\\\/avatar\\\/900ee9f544fa1ea84bffb5ef4c3394f3.jpg?ver=1777254458\",\"caption\":\"Mateus Fernandes\"},\"sameAs\":[\"http:\\\/\\\/www.weiku.com.br\"],\"url\":\"https:\\\/\\\/weiku.com.br\\\/de\\\/author\\\/mateus\\\/\"}]}<\/script>\n<!-- \/ Yoast SEO plugin. -->","yoast_head_json":{"title":"Industriestil: l\u00e4ssig und unpr\u00e4tenti\u00f6s - Weiku","robots":{"index":"index","follow":"follow","max-snippet":"max-snippet:-1","max-image-preview":"max-image-preview:large","max-video-preview":"max-video-preview:-1"},"canonical":"https:\/\/weiku.com.br\/de\/industriestil-laessig-und-unpraetentioes\/","og_locale":"de_DE","og_type":"article","og_title":"Industriestil: l\u00e4ssig und unpr\u00e4tenti\u00f6s - Weiku","og_description":"Aktueller denn je: Der Industriestil in der Inneneinrichtung hat sich in den letzten Jahren als ein best\u00e4ndiger Trend erwiesen. Einfach, aber voller Pers\u00f6nlichkeit, liegen seine St\u00e4rken in der Integration der R\u00e4ume, unverputzten Ziegelw\u00e4nden, Sichtbeton sowie im bewussten Einsatz sichtbarer Industrie\u00admaterialien. Metalle wie Kupfer und Eisen sind in dieser \u00c4sthetik ebenso beliebt wie freiliegende Kabel, Rohre [&hellip;]","og_url":"https:\/\/weiku.com.br\/de\/industriestil-laessig-und-unpraetentioes\/","og_site_name":"Weiku","article_published_time":"2019-08-21T14:55:52+00:00","og_image":[{"width":880,"height":420,"url":"https:\/\/weiku.com.br\/wp-content\/uploads\/2019\/08\/capa-weiku-quarto-weiku-janelas-portas-pvc-2.jpg","type":"image\/jpeg"}],"author":"Mateus Fernandes","twitter_card":"summary_large_image","twitter_misc":{"Verfasst von":"Mateus Fernandes","Gesch\u00e4tzte Lesezeit":"1\u00a0Minute"},"schema":{"@context":"https:\/\/schema.org","@graph":[{"@type":"Article","@id":"https:\/\/weiku.com.br\/de\/industriestil-laessig-und-unpraetentioes\/#article","isPartOf":{"@id":"https:\/\/weiku.com.br\/de\/industriestil-laessig-und-unpraetentioes\/"},"author":{"name":"Mateus Fernandes","@id":"https:\/\/weiku.com.br\/de\/#\/schema\/person\/a15df1b49db4f0c34776a50f6a0ba70d"},"headline":"Industriestil: l\u00e4ssig und unpr\u00e4tenti\u00f6s","datePublished":"2019-08-21T14:55:52+00:00","mainEntityOfPage":{"@id":"https:\/\/weiku.com.br\/de\/industriestil-laessig-und-unpraetentioes\/"},"wordCount":180,"commentCount":0,"image":{"@id":"https:\/\/weiku.com.br\/de\/industriestil-laessig-und-unpraetentioes\/#primaryimage"},"thumbnailUrl":"https:\/\/weiku.com.br\/wp-content\/uploads\/2019\/08\/capa-weiku-quarto-weiku-janelas-portas-pvc-2.jpg","articleSection":["Nicht kategorisiert"],"inLanguage":"de","potentialAction":[{"@type":"CommentAction","name":"Comment","target":["https:\/\/weiku.com.br\/de\/industriestil-laessig-und-unpraetentioes\/#respond"]}]},{"@type":"WebPage","@id":"https:\/\/weiku.com.br\/de\/industriestil-laessig-und-unpraetentioes\/","url":"https:\/\/weiku.com.br\/de\/industriestil-laessig-und-unpraetentioes\/","name":"Industriestil: l\u00e4ssig und unpr\u00e4tenti\u00f6s - Weiku","isPartOf":{"@id":"https:\/\/weiku.com.br\/de\/#website"},"primaryImageOfPage":{"@id":"https:\/\/weiku.com.br\/de\/industriestil-laessig-und-unpraetentioes\/#primaryimage"},"image":{"@id":"https:\/\/weiku.com.br\/de\/industriestil-laessig-und-unpraetentioes\/#primaryimage"},"thumbnailUrl":"https:\/\/weiku.com.br\/wp-content\/uploads\/2019\/08\/capa-weiku-quarto-weiku-janelas-portas-pvc-2.jpg","datePublished":"2019-08-21T14:55:52+00:00","author":{"@id":"https:\/\/weiku.com.br\/de\/#\/schema\/person\/a15df1b49db4f0c34776a50f6a0ba70d"},"breadcrumb":{"@id":"https:\/\/weiku.com.br\/de\/industriestil-laessig-und-unpraetentioes\/#breadcrumb"},"inLanguage":"de","potentialAction":[{"@type":"ReadAction","target":["https:\/\/weiku.com.br\/de\/industriestil-laessig-und-unpraetentioes\/"]}]},{"@type":"ImageObject","inLanguage":"de","@id":"https:\/\/weiku.com.br\/de\/industriestil-laessig-und-unpraetentioes\/#primaryimage","url":"https:\/\/weiku.com.br\/wp-content\/uploads\/2019\/08\/capa-weiku-quarto-weiku-janelas-portas-pvc-2.jpg","contentUrl":"https:\/\/weiku.com.br\/wp-content\/uploads\/2019\/08\/capa-weiku-quarto-weiku-janelas-portas-pvc-2.jpg","width":880,"height":420},{"@type":"BreadcrumbList","@id":"https:\/\/weiku.com.br\/de\/industriestil-laessig-und-unpraetentioes\/#breadcrumb","itemListElement":[{"@type":"ListItem","position":1,"name":"In\u00edcio","item":"https:\/\/weiku.com.br\/de\/"},{"@type":"ListItem","position":2,"name":"Industriestil: l\u00e4ssig und unpr\u00e4tenti\u00f6s"}]},{"@type":"WebSite","@id":"https:\/\/weiku.com.br\/de\/#website","url":"https:\/\/weiku.com.br\/de\/","name":"Weiku","description":"Esquadrias de PVC - Weiku do Brasil","potentialAction":[{"@type":"SearchAction","target":{"@type":"EntryPoint","urlTemplate":"https:\/\/weiku.com.br\/de\/?s={search_term_string}"},"query-input":{"@type":"PropertyValueSpecification","valueRequired":true,"valueName":"search_term_string"}}],"inLanguage":"de"},{"@type":"Person","@id":"https:\/\/weiku.com.br\/de\/#\/schema\/person\/a15df1b49db4f0c34776a50f6a0ba70d","name":"Mateus Fernandes","image":{"@type":"ImageObject","inLanguage":"de","@id":"https:\/\/weiku.com.br\/wp-content\/litespeed\/avatar\/900ee9f544fa1ea84bffb5ef4c3394f3.jpg?ver=1777254458","url":"https:\/\/weiku.com.br\/wp-content\/litespeed\/avatar\/900ee9f544fa1ea84bffb5ef4c3394f3.jpg?ver=1777254458","contentUrl":"https:\/\/weiku.com.br\/wp-content\/litespeed\/avatar\/900ee9f544fa1ea84bffb5ef4c3394f3.jpg?ver=1777254458","caption":"Mateus Fernandes"},"sameAs":["http:\/\/www.weiku.com.br"],"url":"https:\/\/weiku.com.br\/de\/author\/mateus\/"}]}},"_links":{"self":[{"href":"https:\/\/weiku.com.br\/de\/wp-json\/wp\/v2\/posts\/32705","targetHints":{"allow":["GET"]}}],"collection":[{"href":"https:\/\/weiku.com.br\/de\/wp-json\/wp\/v2\/posts"}],"about":[{"href":"https:\/\/weiku.com.br\/de\/wp-json\/wp\/v2\/types\/post"}],"author":[{"embeddable":true,"href":"https:\/\/weiku.com.br\/de\/wp-json\/wp\/v2\/users\/35"}],"replies":[{"embeddable":true,"href":"https:\/\/weiku.com.br\/de\/wp-json\/wp\/v2\/comments?post=32705"}],"version-history":[{"count":0,"href":"https:\/\/weiku.com.br\/de\/wp-json\/wp\/v2\/posts\/32705\/revisions"}],"wp:featuredmedia":[{"embeddable":true,"href":"https:\/\/weiku.com.br\/de\/wp-json\/wp\/v2\/media\/21868"}],"wp:attachment":[{"href":"https:\/\/weiku.com.br\/de\/wp-json\/wp\/v2\/media?parent=32705"}],"wp:term":[{"taxonomy":"category","embeddable":true,"href":"https:\/\/weiku.com.br\/de\/wp-json\/wp\/v2\/categories?post=32705"},{"taxonomy":"post_tag","embeddable":true,"href":"https:\/\/weiku.com.br\/de\/wp-json\/wp\/v2\/tags?post=32705"}],"curies":[{"name":"wp","href":"https:\/\/api.w.org\/{rel}","templated":true}]}}