{"id":32594,"date":"2020-08-14T10:29:44","date_gmt":"2020-08-14T13:29:44","guid":{"rendered":"https:\/\/weiku.com.br\/grossformatige-verglasung-so-gross-wie-ihr-traum\/"},"modified":"2020-08-14T10:29:44","modified_gmt":"2020-08-14T13:29:44","slug":"grossformatige-verglasung-so-gross-wie-ihr-traum","status":"publish","type":"post","link":"https:\/\/weiku.com.br\/de\/grossformatige-verglasung-so-gross-wie-ihr-traum\/","title":{"rendered":"Gro\u00dfformatige Verglasung: So gro\u00df wie Ihr Traum"},"content":{"rendered":"<p><a href=\"https:\/\/weiku.com.br\/wp-content\/uploads\/2020\/08\/weiku-vidros-jumbo-foto-interna-1-1.jpg\"><img loading=\"lazy\" decoding=\"async\" class=\"alignnone size-full wp-image-4489\" src=\"https:\/\/weiku.com.br\/wp-content\/uploads\/2020\/08\/weiku-vidros-jumbo-foto-interna-1-1.jpg\" alt=\"weiku-gro\u00dfformatige-verglasung-foto-innen-1\" width=\"880\" height=\"600\" srcset=\"https:\/\/weiku.com.br\/wp-content\/uploads\/2020\/08\/weiku-vidros-jumbo-foto-interna-1-1.jpg 880w, https:\/\/weiku.com.br\/wp-content\/uploads\/2020\/08\/weiku-vidros-jumbo-foto-interna-1-1-300x205.jpg 300w, https:\/\/weiku.com.br\/wp-content\/uploads\/2020\/08\/weiku-vidros-jumbo-foto-interna-1-1-768x524.jpg 768w\" sizes=\"auto, (max-width: 880px) 100vw, 880px\" \/><\/a><\/p>\n<p>Imposant. Das ist das Wort, das zweifellos den Trend in der modernen Architektur zusammenfasst. Gro\u00dfformatige Verglasungen sind leicht an ihren gro\u00dfen Platten zu erkennen, die in Bauprojekten von Gesch\u00e4ften und B\u00fcrogeb\u00e4uden bis hin zu Wohnh\u00e4usern und sogar Flugh\u00e4fen verwendet werden.  <\/p>\n<p><a href=\"https:\/\/weiku.com.br\/wp-content\/uploads\/2020\/08\/weiku-vidros-jumbo-foto-interna-2-1.jpg\"><img loading=\"lazy\" decoding=\"async\" class=\"alignnone size-full wp-image-4490\" src=\"https:\/\/weiku.com.br\/wp-content\/uploads\/2020\/08\/weiku-vidros-jumbo-foto-interna-2-1.jpg\" alt=\"weiku-gro\u00dfformatige-verglasung-foto-innen-2\" width=\"880\" height=\"600\"><\/a><\/p>\n<p>In Brasilien kam die gro\u00dfformatige Verglasung in den 1990er Jahren zun\u00e4chst in kleinen Mengen auf den Markt. Ihre Besonderheit eroberte jedoch den Markt und passte sich der Technologie und neuen Investitionen an. In diesem Sinne blieb Weiku do Brasil nicht zur\u00fcck und begann, eigene Glasplatten zu entwickeln, die Qualit\u00e4t f\u00fcr k\u00fchnere Projekte in au\u00dfergew\u00f6hnlichen Dimensionen bieten, mit Laminierkapazit\u00e4ten von bis zu 5,9 Metern.  <\/p>\n<p><a href=\"https:\/\/weiku.com.br\/wp-content\/uploads\/2020\/08\/weiku-vidros-jumbo-foto-interna-3-1.jpg\"><img loading=\"lazy\" decoding=\"async\" class=\"alignnone size-full wp-image-4491\" src=\"https:\/\/weiku.com.br\/wp-content\/uploads\/2020\/08\/weiku-vidros-jumbo-foto-interna-3-1.jpg\" alt=\"weiku-gro\u00dfformatige-verglasung-foto-innen-3\" width=\"880\" height=\"600\" srcset=\"https:\/\/weiku.com.br\/wp-content\/uploads\/2020\/08\/weiku-vidros-jumbo-foto-interna-3-1.jpg 880w, https:\/\/weiku.com.br\/wp-content\/uploads\/2020\/08\/weiku-vidros-jumbo-foto-interna-3-1-300x205.jpg 300w, https:\/\/weiku.com.br\/wp-content\/uploads\/2020\/08\/weiku-vidros-jumbo-foto-interna-3-1-768x524.jpg 768w\" sizes=\"auto, (max-width: 880px) 100vw, 880px\" \/><\/a><\/p>\n<p>Ihr Bauwerk kann mit der Verwendung von gro\u00dfformatigen Verglasungen noch beeindruckender werden, indem Exklusivit\u00e4t, Kreativit\u00e4t und Raffinesse als Hauptmerkmale hinzugef\u00fcgt werden. Schlie\u00dflich verdient Ihr Bauwerk es, als Kunstwerk anerkannt zu werden, nicht wahr? <\/p>\n","protected":false},"excerpt":{"rendered":"<p>Imposant. Das ist das Wort, das zweifellos den Trend in der modernen Architektur zusammenfasst. Gro\u00dfformatige Verglasungen sind leicht an ihren gro\u00dfen Platten zu erkennen, die in Bauprojekten von Gesch\u00e4ften und B\u00fcrogeb\u00e4uden bis hin zu Wohnh\u00e4usern und sogar Flugh\u00e4fen verwendet werden. In Brasilien kam die gro\u00dfformatige Verglasung in den 1990er Jahren zun\u00e4chst in kleinen Mengen auf [&hellip;]<\/p>\n","protected":false},"author":35,"featured_media":24646,"comment_status":"open","ping_status":"open","sticky":false,"template":"","format":"standard","meta":{"_acf_changed":false,"footnotes":""},"categories":[726],"tags":[],"class_list":["post-32594","post","type-post","status-publish","format-standard","has-post-thumbnail","hentry","category-nicht-kategorisiert"],"acf":[],"yoast_head":"<!-- This site is optimized with the Yoast SEO plugin v27.3 - https:\/\/yoast.com\/product\/yoast-seo-wordpress\/ -->\n<title>Gro\u00dfformatige Verglasung: So gro\u00df wie Ihr Traum - Weiku<\/title>\n<meta name=\"robots\" content=\"index, follow, max-snippet:-1, max-image-preview:large, max-video-preview:-1\" \/>\n<link rel=\"canonical\" href=\"https:\/\/weiku.com.br\/de\/grossformatige-verglasung-so-gross-wie-ihr-traum\/\" \/>\n<meta property=\"og:locale\" content=\"de_DE\" \/>\n<meta property=\"og:type\" content=\"article\" \/>\n<meta property=\"og:title\" content=\"Gro\u00dfformatige Verglasung: So gro\u00df wie Ihr Traum - Weiku\" \/>\n<meta property=\"og:description\" content=\"Imposant. Das ist das Wort, das zweifellos den Trend in der modernen Architektur zusammenfasst. Gro\u00dfformatige Verglasungen sind leicht an ihren gro\u00dfen Platten zu erkennen, die in Bauprojekten von Gesch\u00e4ften und B\u00fcrogeb\u00e4uden bis hin zu Wohnh\u00e4usern und sogar Flugh\u00e4fen verwendet werden. In Brasilien kam die gro\u00dfformatige Verglasung in den 1990er Jahren zun\u00e4chst in kleinen Mengen auf [&hellip;]\" \/>\n<meta property=\"og:url\" content=\"https:\/\/weiku.com.br\/de\/grossformatige-verglasung-so-gross-wie-ihr-traum\/\" \/>\n<meta property=\"og:site_name\" content=\"Weiku\" \/>\n<meta property=\"article:published_time\" content=\"2020-08-14T13:29:44+00:00\" \/>\n<meta property=\"og:image\" content=\"https:\/\/weiku.com.br\/wp-content\/uploads\/2020\/08\/blog-capa-blog-vidros-jumbos-weiku-janelas-portas-1-2.jpg\" \/>\n\t<meta property=\"og:image:width\" content=\"880\" \/>\n\t<meta property=\"og:image:height\" content=\"420\" \/>\n\t<meta property=\"og:image:type\" content=\"image\/jpeg\" \/>\n<meta name=\"author\" content=\"Mateus Fernandes\" \/>\n<meta name=\"twitter:card\" content=\"summary_large_image\" \/>\n<meta name=\"twitter:label1\" content=\"Verfasst von\" \/>\n\t<meta name=\"twitter:data1\" content=\"Mateus Fernandes\" \/>\n\t<meta name=\"twitter:label2\" content=\"Gesch\u00e4tzte Lesezeit\" \/>\n\t<meta name=\"twitter:data2\" content=\"1\u00a0Minute\" \/>\n<script type=\"application\/ld+json\" class=\"yoast-schema-graph\">{\"@context\":\"https:\\\/\\\/schema.org\",\"@graph\":[{\"@type\":\"Article\",\"@id\":\"https:\\\/\\\/weiku.com.br\\\/de\\\/grossformatige-verglasung-so-gross-wie-ihr-traum\\\/#article\",\"isPartOf\":{\"@id\":\"https:\\\/\\\/weiku.com.br\\\/de\\\/grossformatige-verglasung-so-gross-wie-ihr-traum\\\/\"},\"author\":{\"name\":\"Mateus Fernandes\",\"@id\":\"https:\\\/\\\/weiku.com.br\\\/de\\\/#\\\/schema\\\/person\\\/a15df1b49db4f0c34776a50f6a0ba70d\"},\"headline\":\"Gro\u00dfformatige Verglasung: So gro\u00df wie Ihr Traum\",\"datePublished\":\"2020-08-14T13:29:44+00:00\",\"mainEntityOfPage\":{\"@id\":\"https:\\\/\\\/weiku.com.br\\\/de\\\/grossformatige-verglasung-so-gross-wie-ihr-traum\\\/\"},\"wordCount\":164,\"commentCount\":0,\"image\":{\"@id\":\"https:\\\/\\\/weiku.com.br\\\/de\\\/grossformatige-verglasung-so-gross-wie-ihr-traum\\\/#primaryimage\"},\"thumbnailUrl\":\"https:\\\/\\\/weiku.com.br\\\/wp-content\\\/uploads\\\/2020\\\/08\\\/blog-capa-blog-vidros-jumbos-weiku-janelas-portas-1-2.jpg\",\"articleSection\":[\"Nicht kategorisiert\"],\"inLanguage\":\"de\",\"potentialAction\":[{\"@type\":\"CommentAction\",\"name\":\"Comment\",\"target\":[\"https:\\\/\\\/weiku.com.br\\\/de\\\/grossformatige-verglasung-so-gross-wie-ihr-traum\\\/#respond\"]}]},{\"@type\":\"WebPage\",\"@id\":\"https:\\\/\\\/weiku.com.br\\\/de\\\/grossformatige-verglasung-so-gross-wie-ihr-traum\\\/\",\"url\":\"https:\\\/\\\/weiku.com.br\\\/de\\\/grossformatige-verglasung-so-gross-wie-ihr-traum\\\/\",\"name\":\"Gro\u00dfformatige Verglasung: So gro\u00df wie Ihr Traum - Weiku\",\"isPartOf\":{\"@id\":\"https:\\\/\\\/weiku.com.br\\\/de\\\/#website\"},\"primaryImageOfPage\":{\"@id\":\"https:\\\/\\\/weiku.com.br\\\/de\\\/grossformatige-verglasung-so-gross-wie-ihr-traum\\\/#primaryimage\"},\"image\":{\"@id\":\"https:\\\/\\\/weiku.com.br\\\/de\\\/grossformatige-verglasung-so-gross-wie-ihr-traum\\\/#primaryimage\"},\"thumbnailUrl\":\"https:\\\/\\\/weiku.com.br\\\/wp-content\\\/uploads\\\/2020\\\/08\\\/blog-capa-blog-vidros-jumbos-weiku-janelas-portas-1-2.jpg\",\"datePublished\":\"2020-08-14T13:29:44+00:00\",\"author\":{\"@id\":\"https:\\\/\\\/weiku.com.br\\\/de\\\/#\\\/schema\\\/person\\\/a15df1b49db4f0c34776a50f6a0ba70d\"},\"breadcrumb\":{\"@id\":\"https:\\\/\\\/weiku.com.br\\\/de\\\/grossformatige-verglasung-so-gross-wie-ihr-traum\\\/#breadcrumb\"},\"inLanguage\":\"de\",\"potentialAction\":[{\"@type\":\"ReadAction\",\"target\":[\"https:\\\/\\\/weiku.com.br\\\/de\\\/grossformatige-verglasung-so-gross-wie-ihr-traum\\\/\"]}]},{\"@type\":\"ImageObject\",\"inLanguage\":\"de\",\"@id\":\"https:\\\/\\\/weiku.com.br\\\/de\\\/grossformatige-verglasung-so-gross-wie-ihr-traum\\\/#primaryimage\",\"url\":\"https:\\\/\\\/weiku.com.br\\\/wp-content\\\/uploads\\\/2020\\\/08\\\/blog-capa-blog-vidros-jumbos-weiku-janelas-portas-1-2.jpg\",\"contentUrl\":\"https:\\\/\\\/weiku.com.br\\\/wp-content\\\/uploads\\\/2020\\\/08\\\/blog-capa-blog-vidros-jumbos-weiku-janelas-portas-1-2.jpg\",\"width\":880,\"height\":420},{\"@type\":\"BreadcrumbList\",\"@id\":\"https:\\\/\\\/weiku.com.br\\\/de\\\/grossformatige-verglasung-so-gross-wie-ihr-traum\\\/#breadcrumb\",\"itemListElement\":[{\"@type\":\"ListItem\",\"position\":1,\"name\":\"In\u00edcio\",\"item\":\"https:\\\/\\\/weiku.com.br\\\/de\\\/\"},{\"@type\":\"ListItem\",\"position\":2,\"name\":\"Gro\u00dfformatige Verglasung: So gro\u00df wie Ihr Traum\"}]},{\"@type\":\"WebSite\",\"@id\":\"https:\\\/\\\/weiku.com.br\\\/de\\\/#website\",\"url\":\"https:\\\/\\\/weiku.com.br\\\/de\\\/\",\"name\":\"Weiku\",\"description\":\"Esquadrias de PVC - Weiku do Brasil\",\"potentialAction\":[{\"@type\":\"SearchAction\",\"target\":{\"@type\":\"EntryPoint\",\"urlTemplate\":\"https:\\\/\\\/weiku.com.br\\\/de\\\/?s={search_term_string}\"},\"query-input\":{\"@type\":\"PropertyValueSpecification\",\"valueRequired\":true,\"valueName\":\"search_term_string\"}}],\"inLanguage\":\"de\"},{\"@type\":\"Person\",\"@id\":\"https:\\\/\\\/weiku.com.br\\\/de\\\/#\\\/schema\\\/person\\\/a15df1b49db4f0c34776a50f6a0ba70d\",\"name\":\"Mateus Fernandes\",\"image\":{\"@type\":\"ImageObject\",\"inLanguage\":\"de\",\"@id\":\"https:\\\/\\\/weiku.com.br\\\/wp-content\\\/litespeed\\\/avatar\\\/900ee9f544fa1ea84bffb5ef4c3394f3.jpg?ver=1777254458\",\"url\":\"https:\\\/\\\/weiku.com.br\\\/wp-content\\\/litespeed\\\/avatar\\\/900ee9f544fa1ea84bffb5ef4c3394f3.jpg?ver=1777254458\",\"contentUrl\":\"https:\\\/\\\/weiku.com.br\\\/wp-content\\\/litespeed\\\/avatar\\\/900ee9f544fa1ea84bffb5ef4c3394f3.jpg?ver=1777254458\",\"caption\":\"Mateus Fernandes\"},\"sameAs\":[\"http:\\\/\\\/www.weiku.com.br\"],\"url\":\"https:\\\/\\\/weiku.com.br\\\/de\\\/author\\\/mateus\\\/\"}]}<\/script>\n<!-- \/ Yoast SEO plugin. -->","yoast_head_json":{"title":"Gro\u00dfformatige Verglasung: So gro\u00df wie Ihr Traum - Weiku","robots":{"index":"index","follow":"follow","max-snippet":"max-snippet:-1","max-image-preview":"max-image-preview:large","max-video-preview":"max-video-preview:-1"},"canonical":"https:\/\/weiku.com.br\/de\/grossformatige-verglasung-so-gross-wie-ihr-traum\/","og_locale":"de_DE","og_type":"article","og_title":"Gro\u00dfformatige Verglasung: So gro\u00df wie Ihr Traum - Weiku","og_description":"Imposant. Das ist das Wort, das zweifellos den Trend in der modernen Architektur zusammenfasst. Gro\u00dfformatige Verglasungen sind leicht an ihren gro\u00dfen Platten zu erkennen, die in Bauprojekten von Gesch\u00e4ften und B\u00fcrogeb\u00e4uden bis hin zu Wohnh\u00e4usern und sogar Flugh\u00e4fen verwendet werden. In Brasilien kam die gro\u00dfformatige Verglasung in den 1990er Jahren zun\u00e4chst in kleinen Mengen auf [&hellip;]","og_url":"https:\/\/weiku.com.br\/de\/grossformatige-verglasung-so-gross-wie-ihr-traum\/","og_site_name":"Weiku","article_published_time":"2020-08-14T13:29:44+00:00","og_image":[{"width":880,"height":420,"url":"https:\/\/weiku.com.br\/wp-content\/uploads\/2020\/08\/blog-capa-blog-vidros-jumbos-weiku-janelas-portas-1-2.jpg","type":"image\/jpeg"}],"author":"Mateus Fernandes","twitter_card":"summary_large_image","twitter_misc":{"Verfasst von":"Mateus Fernandes","Gesch\u00e4tzte Lesezeit":"1\u00a0Minute"},"schema":{"@context":"https:\/\/schema.org","@graph":[{"@type":"Article","@id":"https:\/\/weiku.com.br\/de\/grossformatige-verglasung-so-gross-wie-ihr-traum\/#article","isPartOf":{"@id":"https:\/\/weiku.com.br\/de\/grossformatige-verglasung-so-gross-wie-ihr-traum\/"},"author":{"name":"Mateus Fernandes","@id":"https:\/\/weiku.com.br\/de\/#\/schema\/person\/a15df1b49db4f0c34776a50f6a0ba70d"},"headline":"Gro\u00dfformatige Verglasung: So gro\u00df wie Ihr Traum","datePublished":"2020-08-14T13:29:44+00:00","mainEntityOfPage":{"@id":"https:\/\/weiku.com.br\/de\/grossformatige-verglasung-so-gross-wie-ihr-traum\/"},"wordCount":164,"commentCount":0,"image":{"@id":"https:\/\/weiku.com.br\/de\/grossformatige-verglasung-so-gross-wie-ihr-traum\/#primaryimage"},"thumbnailUrl":"https:\/\/weiku.com.br\/wp-content\/uploads\/2020\/08\/blog-capa-blog-vidros-jumbos-weiku-janelas-portas-1-2.jpg","articleSection":["Nicht kategorisiert"],"inLanguage":"de","potentialAction":[{"@type":"CommentAction","name":"Comment","target":["https:\/\/weiku.com.br\/de\/grossformatige-verglasung-so-gross-wie-ihr-traum\/#respond"]}]},{"@type":"WebPage","@id":"https:\/\/weiku.com.br\/de\/grossformatige-verglasung-so-gross-wie-ihr-traum\/","url":"https:\/\/weiku.com.br\/de\/grossformatige-verglasung-so-gross-wie-ihr-traum\/","name":"Gro\u00dfformatige Verglasung: So gro\u00df wie Ihr Traum - Weiku","isPartOf":{"@id":"https:\/\/weiku.com.br\/de\/#website"},"primaryImageOfPage":{"@id":"https:\/\/weiku.com.br\/de\/grossformatige-verglasung-so-gross-wie-ihr-traum\/#primaryimage"},"image":{"@id":"https:\/\/weiku.com.br\/de\/grossformatige-verglasung-so-gross-wie-ihr-traum\/#primaryimage"},"thumbnailUrl":"https:\/\/weiku.com.br\/wp-content\/uploads\/2020\/08\/blog-capa-blog-vidros-jumbos-weiku-janelas-portas-1-2.jpg","datePublished":"2020-08-14T13:29:44+00:00","author":{"@id":"https:\/\/weiku.com.br\/de\/#\/schema\/person\/a15df1b49db4f0c34776a50f6a0ba70d"},"breadcrumb":{"@id":"https:\/\/weiku.com.br\/de\/grossformatige-verglasung-so-gross-wie-ihr-traum\/#breadcrumb"},"inLanguage":"de","potentialAction":[{"@type":"ReadAction","target":["https:\/\/weiku.com.br\/de\/grossformatige-verglasung-so-gross-wie-ihr-traum\/"]}]},{"@type":"ImageObject","inLanguage":"de","@id":"https:\/\/weiku.com.br\/de\/grossformatige-verglasung-so-gross-wie-ihr-traum\/#primaryimage","url":"https:\/\/weiku.com.br\/wp-content\/uploads\/2020\/08\/blog-capa-blog-vidros-jumbos-weiku-janelas-portas-1-2.jpg","contentUrl":"https:\/\/weiku.com.br\/wp-content\/uploads\/2020\/08\/blog-capa-blog-vidros-jumbos-weiku-janelas-portas-1-2.jpg","width":880,"height":420},{"@type":"BreadcrumbList","@id":"https:\/\/weiku.com.br\/de\/grossformatige-verglasung-so-gross-wie-ihr-traum\/#breadcrumb","itemListElement":[{"@type":"ListItem","position":1,"name":"In\u00edcio","item":"https:\/\/weiku.com.br\/de\/"},{"@type":"ListItem","position":2,"name":"Gro\u00dfformatige Verglasung: So gro\u00df wie Ihr Traum"}]},{"@type":"WebSite","@id":"https:\/\/weiku.com.br\/de\/#website","url":"https:\/\/weiku.com.br\/de\/","name":"Weiku","description":"Esquadrias de PVC - Weiku do Brasil","potentialAction":[{"@type":"SearchAction","target":{"@type":"EntryPoint","urlTemplate":"https:\/\/weiku.com.br\/de\/?s={search_term_string}"},"query-input":{"@type":"PropertyValueSpecification","valueRequired":true,"valueName":"search_term_string"}}],"inLanguage":"de"},{"@type":"Person","@id":"https:\/\/weiku.com.br\/de\/#\/schema\/person\/a15df1b49db4f0c34776a50f6a0ba70d","name":"Mateus Fernandes","image":{"@type":"ImageObject","inLanguage":"de","@id":"https:\/\/weiku.com.br\/wp-content\/litespeed\/avatar\/900ee9f544fa1ea84bffb5ef4c3394f3.jpg?ver=1777254458","url":"https:\/\/weiku.com.br\/wp-content\/litespeed\/avatar\/900ee9f544fa1ea84bffb5ef4c3394f3.jpg?ver=1777254458","contentUrl":"https:\/\/weiku.com.br\/wp-content\/litespeed\/avatar\/900ee9f544fa1ea84bffb5ef4c3394f3.jpg?ver=1777254458","caption":"Mateus Fernandes"},"sameAs":["http:\/\/www.weiku.com.br"],"url":"https:\/\/weiku.com.br\/de\/author\/mateus\/"}]}},"_links":{"self":[{"href":"https:\/\/weiku.com.br\/de\/wp-json\/wp\/v2\/posts\/32594","targetHints":{"allow":["GET"]}}],"collection":[{"href":"https:\/\/weiku.com.br\/de\/wp-json\/wp\/v2\/posts"}],"about":[{"href":"https:\/\/weiku.com.br\/de\/wp-json\/wp\/v2\/types\/post"}],"author":[{"embeddable":true,"href":"https:\/\/weiku.com.br\/de\/wp-json\/wp\/v2\/users\/35"}],"replies":[{"embeddable":true,"href":"https:\/\/weiku.com.br\/de\/wp-json\/wp\/v2\/comments?post=32594"}],"version-history":[{"count":0,"href":"https:\/\/weiku.com.br\/de\/wp-json\/wp\/v2\/posts\/32594\/revisions"}],"wp:featuredmedia":[{"embeddable":true,"href":"https:\/\/weiku.com.br\/de\/wp-json\/wp\/v2\/media\/24646"}],"wp:attachment":[{"href":"https:\/\/weiku.com.br\/de\/wp-json\/wp\/v2\/media?parent=32594"}],"wp:term":[{"taxonomy":"category","embeddable":true,"href":"https:\/\/weiku.com.br\/de\/wp-json\/wp\/v2\/categories?post=32594"},{"taxonomy":"post_tag","embeddable":true,"href":"https:\/\/weiku.com.br\/de\/wp-json\/wp\/v2\/tags?post=32594"}],"curies":[{"name":"wp","href":"https:\/\/api.w.org\/{rel}","templated":true}]}}