{"id":32583,"date":"2020-10-02T10:32:37","date_gmt":"2020-10-02T13:32:37","guid":{"rendered":"https:\/\/weiku.com.br\/drei-gute-gruende-in-pvc-rahmen-zu-investieren\/"},"modified":"2020-10-02T10:32:37","modified_gmt":"2020-10-02T13:32:37","slug":"drei-gute-gruende-in-pvc-rahmen-zu-investieren","status":"publish","type":"post","link":"https:\/\/weiku.com.br\/de\/drei-gute-gruende-in-pvc-rahmen-zu-investieren\/","title":{"rendered":"Drei gute Gr\u00fcnde, in PVC-Rahmen zu investieren"},"content":{"rendered":"<p class=\"western\" align=\"JUSTIFY\"><a href=\"https:\/\/weiku.com.br\/wp-content\/uploads\/2020\/10\/weiku-janelas-e-portas-pvc-exclusivas-interna-1-1.jpg\"><img loading=\"lazy\" decoding=\"async\" class=\"alignnone size-full wp-image-4531\" src=\"https:\/\/weiku.com.br\/wp-content\/uploads\/2020\/10\/weiku-janelas-e-portas-pvc-exclusivas-interna-1-1.jpg\" alt=\"weiku-fenster-und-tueren-pvc-exklusiv-innen-1\" width=\"880\" height=\"600\"><\/a><\/p>\n<p class=\"western\" align=\"JUSTIFY\"><span style=\"font-family: 'Times New Roman', serif;\"><span style=\"font-size: medium;\">Sch\u00f6nheit, Praktikabilit\u00e4t und Effizienz. Wenn wir an Bau und Dekoration denken, kommen uns sofort diese Aspekte in den Sinn. T\u00fcren und Fenster aus PVC erf\u00fcllen diese Anforderungen mit Sicherheit. Aber weit dar\u00fcber hinaus bieten die Rahmen von Weiku do Brasil auch Sicherheit, Vielfalt und sind selbstverl\u00f6schend. Wollen wir mehr dar\u00fcber erfahren?    <\/span><\/span><\/p>\n<p class=\"western\" align=\"JUSTIFY\"><a href=\"https:\/\/weiku.com.br\/wp-content\/uploads\/2020\/10\/weiku-janelas-e-portas-pvc-exclusivas-interna-2-1.jpg\"><img loading=\"lazy\" decoding=\"async\" class=\"alignnone size-full wp-image-4532\" src=\"https:\/\/weiku.com.br\/wp-content\/uploads\/2020\/10\/weiku-janelas-e-portas-pvc-exclusivas-interna-2-1.jpg\" alt=\"weiku-fenster-und-tueren-pvc-exklusiv-innen-2\" width=\"880\" height=\"600\" srcset=\"https:\/\/weiku.com.br\/wp-content\/uploads\/2020\/10\/weiku-janelas-e-portas-pvc-exclusivas-interna-2-1.jpg 880w, https:\/\/weiku.com.br\/wp-content\/uploads\/2020\/10\/weiku-janelas-e-portas-pvc-exclusivas-interna-2-1-300x205.jpg 300w, https:\/\/weiku.com.br\/wp-content\/uploads\/2020\/10\/weiku-janelas-e-portas-pvc-exclusivas-interna-2-1-768x524.jpg 768w\" sizes=\"auto, (max-width: 880px) 100vw, 880px\" \/><\/a><\/p>\n<p class=\"western\" align=\"JUSTIFY\"><span style=\"font-family: 'Times New Roman', serif;\"><span style=\"font-size: medium;\">Das Thema ist Sicherheit. Das Produkt ist PVC. Vielleicht wissen Sie es nicht, aber das Material ist sto\u00dffest und zudem sind alle Profile mit einer inneren Verst\u00e4rkung aus verzinktem Stahl versehen. Die Profile bieten zudem Isolation gegen Wasser, Wind, Staub und Insekten.   <\/span><\/span><\/p>\n<p class=\"western\" align=\"JUSTIFY\"><a href=\"https:\/\/weiku.com.br\/wp-content\/uploads\/2020\/10\/weiku-janelas-e-portas-pvc-exclusivas-interna-3-1.jpg\"><img loading=\"lazy\" decoding=\"async\" class=\"alignnone size-full wp-image-4533\" src=\"https:\/\/weiku.com.br\/wp-content\/uploads\/2020\/10\/weiku-janelas-e-portas-pvc-exclusivas-interna-3-1.jpg\" alt=\"weiku-fenster-und-tueren-pvc-exklusiv-innen-3\" width=\"880\" height=\"600\"><\/a><\/p>\n<p class=\"western\" align=\"JUSTIFY\"><span style=\"font-family: 'Times New Roman', serif;\"><span style=\"font-size: medium;\">Farben und Formen. Die Rahmen von Weiku do Brasil weichen vom Traditionellen ab und erm\u00f6glichen die Personalisierung Ihres Bauprojekts, sei es durch Farben oder Formen. Von Holzoptik \u00fcber Schwarz bis hin zu abgerundeten Profilen ist es m\u00f6glich, die Architektur Ihres Raums genau so zu gestalten, wie Sie es sich ertr\u00e4umt haben.  <\/span><\/span><\/p>\n<p class=\"western\" align=\"JUSTIFY\"><a href=\"https:\/\/weiku.com.br\/wp-content\/uploads\/2020\/10\/weiku-janelas-e-portas-pvc-exclusivas-interna-4-1.jpg\"><img loading=\"lazy\" decoding=\"async\" class=\"alignnone size-full wp-image-4534\" src=\"https:\/\/weiku.com.br\/wp-content\/uploads\/2020\/10\/weiku-janelas-e-portas-pvc-exclusivas-interna-4-1.jpg\" alt=\"weiku-fenster-und-tueren-pvc-exklusiv-innen-4\" width=\"880\" height=\"600\" srcset=\"https:\/\/weiku.com.br\/wp-content\/uploads\/2020\/10\/weiku-janelas-e-portas-pvc-exclusivas-interna-4-1.jpg 880w, https:\/\/weiku.com.br\/wp-content\/uploads\/2020\/10\/weiku-janelas-e-portas-pvc-exclusivas-interna-4-1-300x205.jpg 300w, https:\/\/weiku.com.br\/wp-content\/uploads\/2020\/10\/weiku-janelas-e-portas-pvc-exclusivas-interna-4-1-768x524.jpg 768w\" sizes=\"auto, (max-width: 880px) 100vw, 880px\" \/><\/a><\/p>\n<p class=\"western\" align=\"JUSTIFY\"><span style=\"font-family: 'Times New Roman', serif;\"><span style=\"font-size: medium;\">Selbstverl\u00f6schend. Der Begriff mag kompliziert erscheinen, seine Bedeutung ist jedoch einfach.  <\/span><\/span><span style=\"font-family: 'Times New Roman', serif;\"><span style=\"font-size: medium;\">Wenn ein PVC-Produkt Feuer f\u00e4ngt, erlischt das Feuer von selbst, ohne dass ein Feuerl\u00f6scher zum Einsatz kommen muss. <\/span><\/span><span style=\"font-family: 'Times New Roman', serif;\"><span style=\"font-size: medium;\">Dies wird durch die Verwendung eines Zusatzstoffes erm\u00f6glicht, der normgerecht im PVC-Profil eingebracht wird und es somit nicht brennbar und nicht flammenverbreitend macht.<\/span><\/span><\/p>\n","protected":false},"excerpt":{"rendered":"<p>Sch\u00f6nheit, Praktikabilit\u00e4t und Effizienz. Wenn wir an Bau und Dekoration denken, kommen uns sofort diese Aspekte in den Sinn. T\u00fcren und Fenster aus PVC erf\u00fcllen diese Anforderungen mit Sicherheit. Aber weit dar\u00fcber hinaus bieten die Rahmen von Weiku do Brasil auch Sicherheit, Vielfalt und sind selbstverl\u00f6schend. Wollen wir mehr dar\u00fcber erfahren? Das Thema ist Sicherheit. [&hellip;]<\/p>\n","protected":false},"author":35,"featured_media":22092,"comment_status":"open","ping_status":"open","sticky":false,"template":"","format":"standard","meta":{"_acf_changed":false,"footnotes":""},"categories":[726],"tags":[],"class_list":["post-32583","post","type-post","status-publish","format-standard","has-post-thumbnail","hentry","category-nicht-kategorisiert"],"acf":[],"yoast_head":"<!-- This site is optimized with the Yoast SEO plugin v27.3 - https:\/\/yoast.com\/product\/yoast-seo-wordpress\/ -->\n<title>Drei gute Gr\u00fcnde, in PVC-Rahmen zu investieren - Weiku<\/title>\n<meta name=\"robots\" content=\"index, follow, max-snippet:-1, max-image-preview:large, max-video-preview:-1\" \/>\n<link rel=\"canonical\" href=\"https:\/\/weiku.com.br\/de\/drei-gute-gruende-in-pvc-rahmen-zu-investieren\/\" \/>\n<meta property=\"og:locale\" content=\"de_DE\" \/>\n<meta property=\"og:type\" content=\"article\" \/>\n<meta property=\"og:title\" content=\"Drei gute Gr\u00fcnde, in PVC-Rahmen zu investieren - Weiku\" \/>\n<meta property=\"og:description\" content=\"Sch\u00f6nheit, Praktikabilit\u00e4t und Effizienz. Wenn wir an Bau und Dekoration denken, kommen uns sofort diese Aspekte in den Sinn. T\u00fcren und Fenster aus PVC erf\u00fcllen diese Anforderungen mit Sicherheit. Aber weit dar\u00fcber hinaus bieten die Rahmen von Weiku do Brasil auch Sicherheit, Vielfalt und sind selbstverl\u00f6schend. Wollen wir mehr dar\u00fcber erfahren? Das Thema ist Sicherheit. [&hellip;]\" \/>\n<meta property=\"og:url\" content=\"https:\/\/weiku.com.br\/de\/drei-gute-gruende-in-pvc-rahmen-zu-investieren\/\" \/>\n<meta property=\"og:site_name\" content=\"Weiku\" \/>\n<meta property=\"article:published_time\" content=\"2020-10-02T13:32:37+00:00\" \/>\n<meta property=\"og:image\" content=\"https:\/\/weiku.com.br\/wp-content\/uploads\/2020\/10\/weiku-janelas-portas-pvc-exclusivas-capa-2.jpg\" \/>\n\t<meta property=\"og:image:width\" content=\"880\" \/>\n\t<meta property=\"og:image:height\" content=\"420\" \/>\n\t<meta property=\"og:image:type\" content=\"image\/jpeg\" \/>\n<meta name=\"author\" content=\"Mateus Fernandes\" \/>\n<meta name=\"twitter:card\" content=\"summary_large_image\" \/>\n<meta name=\"twitter:label1\" content=\"Verfasst von\" \/>\n\t<meta name=\"twitter:data1\" content=\"Mateus Fernandes\" \/>\n\t<meta name=\"twitter:label2\" content=\"Gesch\u00e4tzte Lesezeit\" \/>\n\t<meta name=\"twitter:data2\" content=\"1\u00a0Minute\" \/>\n<script type=\"application\/ld+json\" class=\"yoast-schema-graph\">{\"@context\":\"https:\\\/\\\/schema.org\",\"@graph\":[{\"@type\":\"Article\",\"@id\":\"https:\\\/\\\/weiku.com.br\\\/de\\\/drei-gute-gruende-in-pvc-rahmen-zu-investieren\\\/#article\",\"isPartOf\":{\"@id\":\"https:\\\/\\\/weiku.com.br\\\/de\\\/drei-gute-gruende-in-pvc-rahmen-zu-investieren\\\/\"},\"author\":{\"name\":\"Mateus Fernandes\",\"@id\":\"https:\\\/\\\/weiku.com.br\\\/de\\\/#\\\/schema\\\/person\\\/a15df1b49db4f0c34776a50f6a0ba70d\"},\"headline\":\"Drei gute Gr\u00fcnde, in PVC-Rahmen zu investieren\",\"datePublished\":\"2020-10-02T13:32:37+00:00\",\"mainEntityOfPage\":{\"@id\":\"https:\\\/\\\/weiku.com.br\\\/de\\\/drei-gute-gruende-in-pvc-rahmen-zu-investieren\\\/\"},\"wordCount\":220,\"commentCount\":0,\"image\":{\"@id\":\"https:\\\/\\\/weiku.com.br\\\/de\\\/drei-gute-gruende-in-pvc-rahmen-zu-investieren\\\/#primaryimage\"},\"thumbnailUrl\":\"https:\\\/\\\/weiku.com.br\\\/wp-content\\\/uploads\\\/2020\\\/10\\\/weiku-janelas-portas-pvc-exclusivas-capa-2.jpg\",\"articleSection\":[\"Nicht kategorisiert\"],\"inLanguage\":\"de\",\"potentialAction\":[{\"@type\":\"CommentAction\",\"name\":\"Comment\",\"target\":[\"https:\\\/\\\/weiku.com.br\\\/de\\\/drei-gute-gruende-in-pvc-rahmen-zu-investieren\\\/#respond\"]}]},{\"@type\":\"WebPage\",\"@id\":\"https:\\\/\\\/weiku.com.br\\\/de\\\/drei-gute-gruende-in-pvc-rahmen-zu-investieren\\\/\",\"url\":\"https:\\\/\\\/weiku.com.br\\\/de\\\/drei-gute-gruende-in-pvc-rahmen-zu-investieren\\\/\",\"name\":\"Drei gute Gr\u00fcnde, in PVC-Rahmen zu investieren - Weiku\",\"isPartOf\":{\"@id\":\"https:\\\/\\\/weiku.com.br\\\/de\\\/#website\"},\"primaryImageOfPage\":{\"@id\":\"https:\\\/\\\/weiku.com.br\\\/de\\\/drei-gute-gruende-in-pvc-rahmen-zu-investieren\\\/#primaryimage\"},\"image\":{\"@id\":\"https:\\\/\\\/weiku.com.br\\\/de\\\/drei-gute-gruende-in-pvc-rahmen-zu-investieren\\\/#primaryimage\"},\"thumbnailUrl\":\"https:\\\/\\\/weiku.com.br\\\/wp-content\\\/uploads\\\/2020\\\/10\\\/weiku-janelas-portas-pvc-exclusivas-capa-2.jpg\",\"datePublished\":\"2020-10-02T13:32:37+00:00\",\"author\":{\"@id\":\"https:\\\/\\\/weiku.com.br\\\/de\\\/#\\\/schema\\\/person\\\/a15df1b49db4f0c34776a50f6a0ba70d\"},\"breadcrumb\":{\"@id\":\"https:\\\/\\\/weiku.com.br\\\/de\\\/drei-gute-gruende-in-pvc-rahmen-zu-investieren\\\/#breadcrumb\"},\"inLanguage\":\"de\",\"potentialAction\":[{\"@type\":\"ReadAction\",\"target\":[\"https:\\\/\\\/weiku.com.br\\\/de\\\/drei-gute-gruende-in-pvc-rahmen-zu-investieren\\\/\"]}]},{\"@type\":\"ImageObject\",\"inLanguage\":\"de\",\"@id\":\"https:\\\/\\\/weiku.com.br\\\/de\\\/drei-gute-gruende-in-pvc-rahmen-zu-investieren\\\/#primaryimage\",\"url\":\"https:\\\/\\\/weiku.com.br\\\/wp-content\\\/uploads\\\/2020\\\/10\\\/weiku-janelas-portas-pvc-exclusivas-capa-2.jpg\",\"contentUrl\":\"https:\\\/\\\/weiku.com.br\\\/wp-content\\\/uploads\\\/2020\\\/10\\\/weiku-janelas-portas-pvc-exclusivas-capa-2.jpg\",\"width\":880,\"height\":420},{\"@type\":\"BreadcrumbList\",\"@id\":\"https:\\\/\\\/weiku.com.br\\\/de\\\/drei-gute-gruende-in-pvc-rahmen-zu-investieren\\\/#breadcrumb\",\"itemListElement\":[{\"@type\":\"ListItem\",\"position\":1,\"name\":\"In\u00edcio\",\"item\":\"https:\\\/\\\/weiku.com.br\\\/de\\\/\"},{\"@type\":\"ListItem\",\"position\":2,\"name\":\"Drei gute Gr\u00fcnde, in PVC-Rahmen zu investieren\"}]},{\"@type\":\"WebSite\",\"@id\":\"https:\\\/\\\/weiku.com.br\\\/de\\\/#website\",\"url\":\"https:\\\/\\\/weiku.com.br\\\/de\\\/\",\"name\":\"Weiku\",\"description\":\"Esquadrias de PVC - Weiku do Brasil\",\"potentialAction\":[{\"@type\":\"SearchAction\",\"target\":{\"@type\":\"EntryPoint\",\"urlTemplate\":\"https:\\\/\\\/weiku.com.br\\\/de\\\/?s={search_term_string}\"},\"query-input\":{\"@type\":\"PropertyValueSpecification\",\"valueRequired\":true,\"valueName\":\"search_term_string\"}}],\"inLanguage\":\"de\"},{\"@type\":\"Person\",\"@id\":\"https:\\\/\\\/weiku.com.br\\\/de\\\/#\\\/schema\\\/person\\\/a15df1b49db4f0c34776a50f6a0ba70d\",\"name\":\"Mateus Fernandes\",\"image\":{\"@type\":\"ImageObject\",\"inLanguage\":\"de\",\"@id\":\"https:\\\/\\\/weiku.com.br\\\/wp-content\\\/litespeed\\\/avatar\\\/900ee9f544fa1ea84bffb5ef4c3394f3.jpg?ver=1777254458\",\"url\":\"https:\\\/\\\/weiku.com.br\\\/wp-content\\\/litespeed\\\/avatar\\\/900ee9f544fa1ea84bffb5ef4c3394f3.jpg?ver=1777254458\",\"contentUrl\":\"https:\\\/\\\/weiku.com.br\\\/wp-content\\\/litespeed\\\/avatar\\\/900ee9f544fa1ea84bffb5ef4c3394f3.jpg?ver=1777254458\",\"caption\":\"Mateus Fernandes\"},\"sameAs\":[\"http:\\\/\\\/www.weiku.com.br\"],\"url\":\"https:\\\/\\\/weiku.com.br\\\/de\\\/author\\\/mateus\\\/\"}]}<\/script>\n<!-- \/ Yoast SEO plugin. -->","yoast_head_json":{"title":"Drei gute Gr\u00fcnde, in PVC-Rahmen zu investieren - Weiku","robots":{"index":"index","follow":"follow","max-snippet":"max-snippet:-1","max-image-preview":"max-image-preview:large","max-video-preview":"max-video-preview:-1"},"canonical":"https:\/\/weiku.com.br\/de\/drei-gute-gruende-in-pvc-rahmen-zu-investieren\/","og_locale":"de_DE","og_type":"article","og_title":"Drei gute Gr\u00fcnde, in PVC-Rahmen zu investieren - Weiku","og_description":"Sch\u00f6nheit, Praktikabilit\u00e4t und Effizienz. Wenn wir an Bau und Dekoration denken, kommen uns sofort diese Aspekte in den Sinn. T\u00fcren und Fenster aus PVC erf\u00fcllen diese Anforderungen mit Sicherheit. Aber weit dar\u00fcber hinaus bieten die Rahmen von Weiku do Brasil auch Sicherheit, Vielfalt und sind selbstverl\u00f6schend. Wollen wir mehr dar\u00fcber erfahren? Das Thema ist Sicherheit. [&hellip;]","og_url":"https:\/\/weiku.com.br\/de\/drei-gute-gruende-in-pvc-rahmen-zu-investieren\/","og_site_name":"Weiku","article_published_time":"2020-10-02T13:32:37+00:00","og_image":[{"width":880,"height":420,"url":"https:\/\/weiku.com.br\/wp-content\/uploads\/2020\/10\/weiku-janelas-portas-pvc-exclusivas-capa-2.jpg","type":"image\/jpeg"}],"author":"Mateus Fernandes","twitter_card":"summary_large_image","twitter_misc":{"Verfasst von":"Mateus Fernandes","Gesch\u00e4tzte Lesezeit":"1\u00a0Minute"},"schema":{"@context":"https:\/\/schema.org","@graph":[{"@type":"Article","@id":"https:\/\/weiku.com.br\/de\/drei-gute-gruende-in-pvc-rahmen-zu-investieren\/#article","isPartOf":{"@id":"https:\/\/weiku.com.br\/de\/drei-gute-gruende-in-pvc-rahmen-zu-investieren\/"},"author":{"name":"Mateus Fernandes","@id":"https:\/\/weiku.com.br\/de\/#\/schema\/person\/a15df1b49db4f0c34776a50f6a0ba70d"},"headline":"Drei gute Gr\u00fcnde, in PVC-Rahmen zu investieren","datePublished":"2020-10-02T13:32:37+00:00","mainEntityOfPage":{"@id":"https:\/\/weiku.com.br\/de\/drei-gute-gruende-in-pvc-rahmen-zu-investieren\/"},"wordCount":220,"commentCount":0,"image":{"@id":"https:\/\/weiku.com.br\/de\/drei-gute-gruende-in-pvc-rahmen-zu-investieren\/#primaryimage"},"thumbnailUrl":"https:\/\/weiku.com.br\/wp-content\/uploads\/2020\/10\/weiku-janelas-portas-pvc-exclusivas-capa-2.jpg","articleSection":["Nicht kategorisiert"],"inLanguage":"de","potentialAction":[{"@type":"CommentAction","name":"Comment","target":["https:\/\/weiku.com.br\/de\/drei-gute-gruende-in-pvc-rahmen-zu-investieren\/#respond"]}]},{"@type":"WebPage","@id":"https:\/\/weiku.com.br\/de\/drei-gute-gruende-in-pvc-rahmen-zu-investieren\/","url":"https:\/\/weiku.com.br\/de\/drei-gute-gruende-in-pvc-rahmen-zu-investieren\/","name":"Drei gute Gr\u00fcnde, in PVC-Rahmen zu investieren - Weiku","isPartOf":{"@id":"https:\/\/weiku.com.br\/de\/#website"},"primaryImageOfPage":{"@id":"https:\/\/weiku.com.br\/de\/drei-gute-gruende-in-pvc-rahmen-zu-investieren\/#primaryimage"},"image":{"@id":"https:\/\/weiku.com.br\/de\/drei-gute-gruende-in-pvc-rahmen-zu-investieren\/#primaryimage"},"thumbnailUrl":"https:\/\/weiku.com.br\/wp-content\/uploads\/2020\/10\/weiku-janelas-portas-pvc-exclusivas-capa-2.jpg","datePublished":"2020-10-02T13:32:37+00:00","author":{"@id":"https:\/\/weiku.com.br\/de\/#\/schema\/person\/a15df1b49db4f0c34776a50f6a0ba70d"},"breadcrumb":{"@id":"https:\/\/weiku.com.br\/de\/drei-gute-gruende-in-pvc-rahmen-zu-investieren\/#breadcrumb"},"inLanguage":"de","potentialAction":[{"@type":"ReadAction","target":["https:\/\/weiku.com.br\/de\/drei-gute-gruende-in-pvc-rahmen-zu-investieren\/"]}]},{"@type":"ImageObject","inLanguage":"de","@id":"https:\/\/weiku.com.br\/de\/drei-gute-gruende-in-pvc-rahmen-zu-investieren\/#primaryimage","url":"https:\/\/weiku.com.br\/wp-content\/uploads\/2020\/10\/weiku-janelas-portas-pvc-exclusivas-capa-2.jpg","contentUrl":"https:\/\/weiku.com.br\/wp-content\/uploads\/2020\/10\/weiku-janelas-portas-pvc-exclusivas-capa-2.jpg","width":880,"height":420},{"@type":"BreadcrumbList","@id":"https:\/\/weiku.com.br\/de\/drei-gute-gruende-in-pvc-rahmen-zu-investieren\/#breadcrumb","itemListElement":[{"@type":"ListItem","position":1,"name":"In\u00edcio","item":"https:\/\/weiku.com.br\/de\/"},{"@type":"ListItem","position":2,"name":"Drei gute Gr\u00fcnde, in PVC-Rahmen zu investieren"}]},{"@type":"WebSite","@id":"https:\/\/weiku.com.br\/de\/#website","url":"https:\/\/weiku.com.br\/de\/","name":"Weiku","description":"Esquadrias de PVC - Weiku do Brasil","potentialAction":[{"@type":"SearchAction","target":{"@type":"EntryPoint","urlTemplate":"https:\/\/weiku.com.br\/de\/?s={search_term_string}"},"query-input":{"@type":"PropertyValueSpecification","valueRequired":true,"valueName":"search_term_string"}}],"inLanguage":"de"},{"@type":"Person","@id":"https:\/\/weiku.com.br\/de\/#\/schema\/person\/a15df1b49db4f0c34776a50f6a0ba70d","name":"Mateus Fernandes","image":{"@type":"ImageObject","inLanguage":"de","@id":"https:\/\/weiku.com.br\/wp-content\/litespeed\/avatar\/900ee9f544fa1ea84bffb5ef4c3394f3.jpg?ver=1777254458","url":"https:\/\/weiku.com.br\/wp-content\/litespeed\/avatar\/900ee9f544fa1ea84bffb5ef4c3394f3.jpg?ver=1777254458","contentUrl":"https:\/\/weiku.com.br\/wp-content\/litespeed\/avatar\/900ee9f544fa1ea84bffb5ef4c3394f3.jpg?ver=1777254458","caption":"Mateus Fernandes"},"sameAs":["http:\/\/www.weiku.com.br"],"url":"https:\/\/weiku.com.br\/de\/author\/mateus\/"}]}},"_links":{"self":[{"href":"https:\/\/weiku.com.br\/de\/wp-json\/wp\/v2\/posts\/32583","targetHints":{"allow":["GET"]}}],"collection":[{"href":"https:\/\/weiku.com.br\/de\/wp-json\/wp\/v2\/posts"}],"about":[{"href":"https:\/\/weiku.com.br\/de\/wp-json\/wp\/v2\/types\/post"}],"author":[{"embeddable":true,"href":"https:\/\/weiku.com.br\/de\/wp-json\/wp\/v2\/users\/35"}],"replies":[{"embeddable":true,"href":"https:\/\/weiku.com.br\/de\/wp-json\/wp\/v2\/comments?post=32583"}],"version-history":[{"count":0,"href":"https:\/\/weiku.com.br\/de\/wp-json\/wp\/v2\/posts\/32583\/revisions"}],"wp:featuredmedia":[{"embeddable":true,"href":"https:\/\/weiku.com.br\/de\/wp-json\/wp\/v2\/media\/22092"}],"wp:attachment":[{"href":"https:\/\/weiku.com.br\/de\/wp-json\/wp\/v2\/media?parent=32583"}],"wp:term":[{"taxonomy":"category","embeddable":true,"href":"https:\/\/weiku.com.br\/de\/wp-json\/wp\/v2\/categories?post=32583"},{"taxonomy":"post_tag","embeddable":true,"href":"https:\/\/weiku.com.br\/de\/wp-json\/wp\/v2\/tags?post=32583"}],"curies":[{"name":"wp","href":"https:\/\/api.w.org\/{rel}","templated":true}]}}