{"id":32564,"date":"2020-12-21T14:41:44","date_gmt":"2020-12-21T17:41:44","guid":{"rendered":"https:\/\/weiku.com.br\/dichtheit-die-sicherheit-der-abdichtung-bei-tueren-und-fenstern\/"},"modified":"2025-08-06T16:15:47","modified_gmt":"2025-08-06T19:15:47","slug":"dichtheit-die-sicherheit-der-abdichtung-bei-tueren-und-fenstern","status":"publish","type":"post","link":"https:\/\/weiku.com.br\/de\/dichtheit-die-sicherheit-der-abdichtung-bei-tueren-und-fenstern\/","title":{"rendered":"Dichtheit: Die Sicherheit der Abdichtung bei T\u00fcren und Fenstern"},"content":{"rendered":"\n<figure class=\"wp-block-gallery columns-1 is-cropped wp-block-gallery-1 is-layout-flex wp-block-gallery-is-layout-flex\"><ul class=\"blocks-gallery-grid\"><li class=\"blocks-gallery-item\"><figure><img decoding=\"async\" src=\"https:\/\/weiku.com.br\/wp-content\/uploads\/2020\/12\/weiku-janelas-e-portas-pvc-interna-1-1.jpg\" alt=\"\" data-id=\"8934\" data-full-url=\"https:\/\/weiku.com.br\/wp-content\/uploads\/2020\/12\/weiku-janelas-e-portas-pvc-interna-1-1.jpg\" data-link=\"https:\/\/weiku.cordilheiramidias.com\/blog\/?attachment_id=8934\" class=\"wp-image-8934\"\/><\/figure><\/li><\/ul><\/figure>\n\n<p>Wenn wir an ein Bauprojekt denken, w\u00fcnschen wir uns nach der Fertigstellung eine ruhige und entspannte Umgebung. PVC-Fenster und -T\u00fcren bringen nicht nur Leichtigkeit und nat\u00fcrliches Licht in die R\u00e4ume, sondern zeichnen sich auch durch ihre Dichtheit aus, was all unsere Anforderungen komplett erf\u00fcllt.  <\/p>\n\n<figure class=\"wp-block-image size-large\"><img decoding=\"async\" src=\"https:\/\/weiku.com.br\/wp-content\/uploads\/2020\/12\/weiku-janelas-e-portas-pvc-interna-2-1.jpg\" alt=\"\" class=\"wp-image-8935\"\/><\/figure>\n\n<p>Die Dichtheit wird durch geschwei\u00dfte Ecken erm\u00f6glicht, die das Eindringen von Wasser verhindern, sowie durch hermetische Verschl\u00fcsse mit perfekten Gummidichtungen an den Rahmen und Mehrpunktverriegelungen. So k\u00f6nnen Sie bei der Reinigung Ihres Fensters oder an Regentagen beruhigt sein, denn es gibt keine Undichtigkeiten, die das Wasser an der Wand oder an den Bauteilen, auf denen das Element montiert ist, herunterlaufen lassen k\u00f6nnten. <\/p>\n\n<figure class=\"wp-block-gallery columns-1 is-cropped wp-block-gallery-2 is-layout-flex wp-block-gallery-is-layout-flex\"><ul class=\"blocks-gallery-grid\"><li class=\"blocks-gallery-item\"><figure><img decoding=\"async\" src=\"https:\/\/weiku.com.br\/wp-content\/uploads\/2020\/12\/weiku-janelas-e-portas-pvc-interna-3-1.jpg\" alt=\"\" data-id=\"8936\" data-full-url=\"https:\/\/weiku.com.br\/wp-content\/uploads\/2020\/12\/weiku-janelas-e-portas-pvc-interna-3-1.jpg\" data-link=\"https:\/\/weiku.cordilheiramidias.com\/blog\/?attachment_id=8936\" class=\"wp-image-8936\"\/><\/figure><\/li><\/ul><\/figure>\n\n<p>In Brasilien werden Fassaden-, T\u00fcr- und Fensterprofile anhand sehr spezifischer Normen auf ihre Leistung gepr\u00fcft. Weiku do Brasil ist in allen diesen Pr\u00fcfungen zugelassen und garantiert dar\u00fcber hinaus nicht nur Wasserdichtigkeit, sondern auch Windbest\u00e4ndigkeit. Qualit\u00e4t, die man sp\u00fcrt, nicht wahr?  <\/p>\n\n<p><\/p>\n\n<p><\/p>\n","protected":false},"excerpt":{"rendered":"<p>Wenn wir an ein Bauprojekt denken, w\u00fcnschen wir uns nach der Fertigstellung eine ruhige und entspannte Umgebung. PVC-Fenster und -T\u00fcren bringen nicht nur Leichtigkeit und nat\u00fcrliches Licht in die R\u00e4ume, sondern zeichnen sich auch durch ihre Dichtheit aus, was all unsere Anforderungen komplett erf\u00fcllt. Die Dichtheit wird durch geschwei\u00dfte Ecken erm\u00f6glicht, die das Eindringen von [&hellip;]<\/p>\n","protected":false},"author":35,"featured_media":22692,"comment_status":"open","ping_status":"open","sticky":false,"template":"","format":"standard","meta":{"_acf_changed":false,"footnotes":""},"categories":[726],"tags":[],"class_list":["post-32564","post","type-post","status-publish","format-standard","has-post-thumbnail","hentry","category-nicht-kategorisiert"],"acf":[],"yoast_head":"<!-- This site is optimized with the Yoast SEO plugin v27.3 - https:\/\/yoast.com\/product\/yoast-seo-wordpress\/ -->\n<title>Dichtheit: Die Sicherheit der Abdichtung bei T\u00fcren und Fenstern - Weiku<\/title>\n<meta name=\"robots\" content=\"index, follow, max-snippet:-1, max-image-preview:large, max-video-preview:-1\" \/>\n<link rel=\"canonical\" href=\"https:\/\/weiku.com.br\/de\/dichtheit-die-sicherheit-der-abdichtung-bei-tueren-und-fenstern\/\" \/>\n<meta property=\"og:locale\" content=\"de_DE\" \/>\n<meta property=\"og:type\" content=\"article\" \/>\n<meta property=\"og:title\" content=\"Dichtheit: Die Sicherheit der Abdichtung bei T\u00fcren und Fenstern - Weiku\" \/>\n<meta property=\"og:description\" content=\"Wenn wir an ein Bauprojekt denken, w\u00fcnschen wir uns nach der Fertigstellung eine ruhige und entspannte Umgebung. PVC-Fenster und -T\u00fcren bringen nicht nur Leichtigkeit und nat\u00fcrliches Licht in die R\u00e4ume, sondern zeichnen sich auch durch ihre Dichtheit aus, was all unsere Anforderungen komplett erf\u00fcllt. Die Dichtheit wird durch geschwei\u00dfte Ecken erm\u00f6glicht, die das Eindringen von [&hellip;]\" \/>\n<meta property=\"og:url\" content=\"https:\/\/weiku.com.br\/de\/dichtheit-die-sicherheit-der-abdichtung-bei-tueren-und-fenstern\/\" \/>\n<meta property=\"og:site_name\" content=\"Weiku\" \/>\n<meta property=\"article:published_time\" content=\"2020-12-21T17:41:44+00:00\" \/>\n<meta property=\"article:modified_time\" content=\"2025-08-06T19:15:47+00:00\" \/>\n<meta property=\"og:image\" content=\"https:\/\/weiku.com.br\/wp-content\/uploads\/2020\/12\/weiku-janelas-portas-pvc-capa-1.jpg\" \/>\n\t<meta property=\"og:image:width\" content=\"880\" \/>\n\t<meta property=\"og:image:height\" content=\"420\" \/>\n\t<meta property=\"og:image:type\" content=\"image\/jpeg\" \/>\n<meta name=\"author\" content=\"Mateus Fernandes\" \/>\n<meta name=\"twitter:card\" content=\"summary_large_image\" \/>\n<meta name=\"twitter:label1\" content=\"Verfasst von\" \/>\n\t<meta name=\"twitter:data1\" content=\"Mateus Fernandes\" \/>\n\t<meta name=\"twitter:label2\" content=\"Gesch\u00e4tzte Lesezeit\" \/>\n\t<meta name=\"twitter:data2\" content=\"1\u00a0Minute\" \/>\n<script type=\"application\/ld+json\" class=\"yoast-schema-graph\">{\"@context\":\"https:\\\/\\\/schema.org\",\"@graph\":[{\"@type\":\"Article\",\"@id\":\"https:\\\/\\\/weiku.com.br\\\/de\\\/dichtheit-die-sicherheit-der-abdichtung-bei-tueren-und-fenstern\\\/#article\",\"isPartOf\":{\"@id\":\"https:\\\/\\\/weiku.com.br\\\/de\\\/dichtheit-die-sicherheit-der-abdichtung-bei-tueren-und-fenstern\\\/\"},\"author\":{\"name\":\"Mateus Fernandes\",\"@id\":\"https:\\\/\\\/weiku.com.br\\\/de\\\/#\\\/schema\\\/person\\\/a15df1b49db4f0c34776a50f6a0ba70d\"},\"headline\":\"Dichtheit: Die Sicherheit der Abdichtung bei T\u00fcren und Fenstern\",\"datePublished\":\"2020-12-21T17:41:44+00:00\",\"dateModified\":\"2025-08-06T19:15:47+00:00\",\"mainEntityOfPage\":{\"@id\":\"https:\\\/\\\/weiku.com.br\\\/de\\\/dichtheit-die-sicherheit-der-abdichtung-bei-tueren-und-fenstern\\\/\"},\"wordCount\":173,\"commentCount\":0,\"image\":{\"@id\":\"https:\\\/\\\/weiku.com.br\\\/de\\\/dichtheit-die-sicherheit-der-abdichtung-bei-tueren-und-fenstern\\\/#primaryimage\"},\"thumbnailUrl\":\"https:\\\/\\\/weiku.com.br\\\/wp-content\\\/uploads\\\/2020\\\/12\\\/weiku-janelas-portas-pvc-capa-1.jpg\",\"articleSection\":[\"Nicht kategorisiert\"],\"inLanguage\":\"de\",\"potentialAction\":[{\"@type\":\"CommentAction\",\"name\":\"Comment\",\"target\":[\"https:\\\/\\\/weiku.com.br\\\/de\\\/dichtheit-die-sicherheit-der-abdichtung-bei-tueren-und-fenstern\\\/#respond\"]}]},{\"@type\":\"WebPage\",\"@id\":\"https:\\\/\\\/weiku.com.br\\\/de\\\/dichtheit-die-sicherheit-der-abdichtung-bei-tueren-und-fenstern\\\/\",\"url\":\"https:\\\/\\\/weiku.com.br\\\/de\\\/dichtheit-die-sicherheit-der-abdichtung-bei-tueren-und-fenstern\\\/\",\"name\":\"Dichtheit: Die Sicherheit der Abdichtung bei T\u00fcren und Fenstern - Weiku\",\"isPartOf\":{\"@id\":\"https:\\\/\\\/weiku.com.br\\\/de\\\/#website\"},\"primaryImageOfPage\":{\"@id\":\"https:\\\/\\\/weiku.com.br\\\/de\\\/dichtheit-die-sicherheit-der-abdichtung-bei-tueren-und-fenstern\\\/#primaryimage\"},\"image\":{\"@id\":\"https:\\\/\\\/weiku.com.br\\\/de\\\/dichtheit-die-sicherheit-der-abdichtung-bei-tueren-und-fenstern\\\/#primaryimage\"},\"thumbnailUrl\":\"https:\\\/\\\/weiku.com.br\\\/wp-content\\\/uploads\\\/2020\\\/12\\\/weiku-janelas-portas-pvc-capa-1.jpg\",\"datePublished\":\"2020-12-21T17:41:44+00:00\",\"dateModified\":\"2025-08-06T19:15:47+00:00\",\"author\":{\"@id\":\"https:\\\/\\\/weiku.com.br\\\/de\\\/#\\\/schema\\\/person\\\/a15df1b49db4f0c34776a50f6a0ba70d\"},\"breadcrumb\":{\"@id\":\"https:\\\/\\\/weiku.com.br\\\/de\\\/dichtheit-die-sicherheit-der-abdichtung-bei-tueren-und-fenstern\\\/#breadcrumb\"},\"inLanguage\":\"de\",\"potentialAction\":[{\"@type\":\"ReadAction\",\"target\":[\"https:\\\/\\\/weiku.com.br\\\/de\\\/dichtheit-die-sicherheit-der-abdichtung-bei-tueren-und-fenstern\\\/\"]}]},{\"@type\":\"ImageObject\",\"inLanguage\":\"de\",\"@id\":\"https:\\\/\\\/weiku.com.br\\\/de\\\/dichtheit-die-sicherheit-der-abdichtung-bei-tueren-und-fenstern\\\/#primaryimage\",\"url\":\"https:\\\/\\\/weiku.com.br\\\/wp-content\\\/uploads\\\/2020\\\/12\\\/weiku-janelas-portas-pvc-capa-1.jpg\",\"contentUrl\":\"https:\\\/\\\/weiku.com.br\\\/wp-content\\\/uploads\\\/2020\\\/12\\\/weiku-janelas-portas-pvc-capa-1.jpg\",\"width\":880,\"height\":420},{\"@type\":\"BreadcrumbList\",\"@id\":\"https:\\\/\\\/weiku.com.br\\\/de\\\/dichtheit-die-sicherheit-der-abdichtung-bei-tueren-und-fenstern\\\/#breadcrumb\",\"itemListElement\":[{\"@type\":\"ListItem\",\"position\":1,\"name\":\"In\u00edcio\",\"item\":\"https:\\\/\\\/weiku.com.br\\\/de\\\/\"},{\"@type\":\"ListItem\",\"position\":2,\"name\":\"Dichtheit: Die Sicherheit der Abdichtung bei T\u00fcren und Fenstern\"}]},{\"@type\":\"WebSite\",\"@id\":\"https:\\\/\\\/weiku.com.br\\\/de\\\/#website\",\"url\":\"https:\\\/\\\/weiku.com.br\\\/de\\\/\",\"name\":\"Weiku\",\"description\":\"Esquadrias de PVC - Weiku do Brasil\",\"potentialAction\":[{\"@type\":\"SearchAction\",\"target\":{\"@type\":\"EntryPoint\",\"urlTemplate\":\"https:\\\/\\\/weiku.com.br\\\/de\\\/?s={search_term_string}\"},\"query-input\":{\"@type\":\"PropertyValueSpecification\",\"valueRequired\":true,\"valueName\":\"search_term_string\"}}],\"inLanguage\":\"de\"},{\"@type\":\"Person\",\"@id\":\"https:\\\/\\\/weiku.com.br\\\/de\\\/#\\\/schema\\\/person\\\/a15df1b49db4f0c34776a50f6a0ba70d\",\"name\":\"Mateus Fernandes\",\"image\":{\"@type\":\"ImageObject\",\"inLanguage\":\"de\",\"@id\":\"https:\\\/\\\/weiku.com.br\\\/wp-content\\\/litespeed\\\/avatar\\\/900ee9f544fa1ea84bffb5ef4c3394f3.jpg?ver=1777254458\",\"url\":\"https:\\\/\\\/weiku.com.br\\\/wp-content\\\/litespeed\\\/avatar\\\/900ee9f544fa1ea84bffb5ef4c3394f3.jpg?ver=1777254458\",\"contentUrl\":\"https:\\\/\\\/weiku.com.br\\\/wp-content\\\/litespeed\\\/avatar\\\/900ee9f544fa1ea84bffb5ef4c3394f3.jpg?ver=1777254458\",\"caption\":\"Mateus Fernandes\"},\"sameAs\":[\"http:\\\/\\\/www.weiku.com.br\"],\"url\":\"https:\\\/\\\/weiku.com.br\\\/de\\\/author\\\/mateus\\\/\"}]}<\/script>\n<!-- \/ Yoast SEO plugin. -->","yoast_head_json":{"title":"Dichtheit: Die Sicherheit der Abdichtung bei T\u00fcren und Fenstern - Weiku","robots":{"index":"index","follow":"follow","max-snippet":"max-snippet:-1","max-image-preview":"max-image-preview:large","max-video-preview":"max-video-preview:-1"},"canonical":"https:\/\/weiku.com.br\/de\/dichtheit-die-sicherheit-der-abdichtung-bei-tueren-und-fenstern\/","og_locale":"de_DE","og_type":"article","og_title":"Dichtheit: Die Sicherheit der Abdichtung bei T\u00fcren und Fenstern - Weiku","og_description":"Wenn wir an ein Bauprojekt denken, w\u00fcnschen wir uns nach der Fertigstellung eine ruhige und entspannte Umgebung. PVC-Fenster und -T\u00fcren bringen nicht nur Leichtigkeit und nat\u00fcrliches Licht in die R\u00e4ume, sondern zeichnen sich auch durch ihre Dichtheit aus, was all unsere Anforderungen komplett erf\u00fcllt. Die Dichtheit wird durch geschwei\u00dfte Ecken erm\u00f6glicht, die das Eindringen von [&hellip;]","og_url":"https:\/\/weiku.com.br\/de\/dichtheit-die-sicherheit-der-abdichtung-bei-tueren-und-fenstern\/","og_site_name":"Weiku","article_published_time":"2020-12-21T17:41:44+00:00","article_modified_time":"2025-08-06T19:15:47+00:00","og_image":[{"width":880,"height":420,"url":"https:\/\/weiku.com.br\/wp-content\/uploads\/2020\/12\/weiku-janelas-portas-pvc-capa-1.jpg","type":"image\/jpeg"}],"author":"Mateus Fernandes","twitter_card":"summary_large_image","twitter_misc":{"Verfasst von":"Mateus Fernandes","Gesch\u00e4tzte Lesezeit":"1\u00a0Minute"},"schema":{"@context":"https:\/\/schema.org","@graph":[{"@type":"Article","@id":"https:\/\/weiku.com.br\/de\/dichtheit-die-sicherheit-der-abdichtung-bei-tueren-und-fenstern\/#article","isPartOf":{"@id":"https:\/\/weiku.com.br\/de\/dichtheit-die-sicherheit-der-abdichtung-bei-tueren-und-fenstern\/"},"author":{"name":"Mateus Fernandes","@id":"https:\/\/weiku.com.br\/de\/#\/schema\/person\/a15df1b49db4f0c34776a50f6a0ba70d"},"headline":"Dichtheit: Die Sicherheit der Abdichtung bei T\u00fcren und Fenstern","datePublished":"2020-12-21T17:41:44+00:00","dateModified":"2025-08-06T19:15:47+00:00","mainEntityOfPage":{"@id":"https:\/\/weiku.com.br\/de\/dichtheit-die-sicherheit-der-abdichtung-bei-tueren-und-fenstern\/"},"wordCount":173,"commentCount":0,"image":{"@id":"https:\/\/weiku.com.br\/de\/dichtheit-die-sicherheit-der-abdichtung-bei-tueren-und-fenstern\/#primaryimage"},"thumbnailUrl":"https:\/\/weiku.com.br\/wp-content\/uploads\/2020\/12\/weiku-janelas-portas-pvc-capa-1.jpg","articleSection":["Nicht kategorisiert"],"inLanguage":"de","potentialAction":[{"@type":"CommentAction","name":"Comment","target":["https:\/\/weiku.com.br\/de\/dichtheit-die-sicherheit-der-abdichtung-bei-tueren-und-fenstern\/#respond"]}]},{"@type":"WebPage","@id":"https:\/\/weiku.com.br\/de\/dichtheit-die-sicherheit-der-abdichtung-bei-tueren-und-fenstern\/","url":"https:\/\/weiku.com.br\/de\/dichtheit-die-sicherheit-der-abdichtung-bei-tueren-und-fenstern\/","name":"Dichtheit: Die Sicherheit der Abdichtung bei T\u00fcren und Fenstern - Weiku","isPartOf":{"@id":"https:\/\/weiku.com.br\/de\/#website"},"primaryImageOfPage":{"@id":"https:\/\/weiku.com.br\/de\/dichtheit-die-sicherheit-der-abdichtung-bei-tueren-und-fenstern\/#primaryimage"},"image":{"@id":"https:\/\/weiku.com.br\/de\/dichtheit-die-sicherheit-der-abdichtung-bei-tueren-und-fenstern\/#primaryimage"},"thumbnailUrl":"https:\/\/weiku.com.br\/wp-content\/uploads\/2020\/12\/weiku-janelas-portas-pvc-capa-1.jpg","datePublished":"2020-12-21T17:41:44+00:00","dateModified":"2025-08-06T19:15:47+00:00","author":{"@id":"https:\/\/weiku.com.br\/de\/#\/schema\/person\/a15df1b49db4f0c34776a50f6a0ba70d"},"breadcrumb":{"@id":"https:\/\/weiku.com.br\/de\/dichtheit-die-sicherheit-der-abdichtung-bei-tueren-und-fenstern\/#breadcrumb"},"inLanguage":"de","potentialAction":[{"@type":"ReadAction","target":["https:\/\/weiku.com.br\/de\/dichtheit-die-sicherheit-der-abdichtung-bei-tueren-und-fenstern\/"]}]},{"@type":"ImageObject","inLanguage":"de","@id":"https:\/\/weiku.com.br\/de\/dichtheit-die-sicherheit-der-abdichtung-bei-tueren-und-fenstern\/#primaryimage","url":"https:\/\/weiku.com.br\/wp-content\/uploads\/2020\/12\/weiku-janelas-portas-pvc-capa-1.jpg","contentUrl":"https:\/\/weiku.com.br\/wp-content\/uploads\/2020\/12\/weiku-janelas-portas-pvc-capa-1.jpg","width":880,"height":420},{"@type":"BreadcrumbList","@id":"https:\/\/weiku.com.br\/de\/dichtheit-die-sicherheit-der-abdichtung-bei-tueren-und-fenstern\/#breadcrumb","itemListElement":[{"@type":"ListItem","position":1,"name":"In\u00edcio","item":"https:\/\/weiku.com.br\/de\/"},{"@type":"ListItem","position":2,"name":"Dichtheit: Die Sicherheit der Abdichtung bei T\u00fcren und Fenstern"}]},{"@type":"WebSite","@id":"https:\/\/weiku.com.br\/de\/#website","url":"https:\/\/weiku.com.br\/de\/","name":"Weiku","description":"Esquadrias de PVC - Weiku do Brasil","potentialAction":[{"@type":"SearchAction","target":{"@type":"EntryPoint","urlTemplate":"https:\/\/weiku.com.br\/de\/?s={search_term_string}"},"query-input":{"@type":"PropertyValueSpecification","valueRequired":true,"valueName":"search_term_string"}}],"inLanguage":"de"},{"@type":"Person","@id":"https:\/\/weiku.com.br\/de\/#\/schema\/person\/a15df1b49db4f0c34776a50f6a0ba70d","name":"Mateus Fernandes","image":{"@type":"ImageObject","inLanguage":"de","@id":"https:\/\/weiku.com.br\/wp-content\/litespeed\/avatar\/900ee9f544fa1ea84bffb5ef4c3394f3.jpg?ver=1777254458","url":"https:\/\/weiku.com.br\/wp-content\/litespeed\/avatar\/900ee9f544fa1ea84bffb5ef4c3394f3.jpg?ver=1777254458","contentUrl":"https:\/\/weiku.com.br\/wp-content\/litespeed\/avatar\/900ee9f544fa1ea84bffb5ef4c3394f3.jpg?ver=1777254458","caption":"Mateus Fernandes"},"sameAs":["http:\/\/www.weiku.com.br"],"url":"https:\/\/weiku.com.br\/de\/author\/mateus\/"}]}},"_links":{"self":[{"href":"https:\/\/weiku.com.br\/de\/wp-json\/wp\/v2\/posts\/32564","targetHints":{"allow":["GET"]}}],"collection":[{"href":"https:\/\/weiku.com.br\/de\/wp-json\/wp\/v2\/posts"}],"about":[{"href":"https:\/\/weiku.com.br\/de\/wp-json\/wp\/v2\/types\/post"}],"author":[{"embeddable":true,"href":"https:\/\/weiku.com.br\/de\/wp-json\/wp\/v2\/users\/35"}],"replies":[{"embeddable":true,"href":"https:\/\/weiku.com.br\/de\/wp-json\/wp\/v2\/comments?post=32564"}],"version-history":[{"count":1,"href":"https:\/\/weiku.com.br\/de\/wp-json\/wp\/v2\/posts\/32564\/revisions"}],"predecessor-version":[{"id":32565,"href":"https:\/\/weiku.com.br\/de\/wp-json\/wp\/v2\/posts\/32564\/revisions\/32565"}],"wp:featuredmedia":[{"embeddable":true,"href":"https:\/\/weiku.com.br\/de\/wp-json\/wp\/v2\/media\/22692"}],"wp:attachment":[{"href":"https:\/\/weiku.com.br\/de\/wp-json\/wp\/v2\/media?parent=32564"}],"wp:term":[{"taxonomy":"category","embeddable":true,"href":"https:\/\/weiku.com.br\/de\/wp-json\/wp\/v2\/categories?post=32564"},{"taxonomy":"post_tag","embeddable":true,"href":"https:\/\/weiku.com.br\/de\/wp-json\/wp\/v2\/tags?post=32564"}],"curies":[{"name":"wp","href":"https:\/\/api.w.org\/{rel}","templated":true}]}}