{"id":32560,"date":"2021-02-04T07:58:05","date_gmt":"2021-02-04T10:58:05","guid":{"rendered":"https:\/\/weiku.com.br\/mikrojalousien-zwischen-glas-farben-nach-ihrem-geschmack\/"},"modified":"2025-08-06T15:54:53","modified_gmt":"2025-08-06T18:54:53","slug":"mikrojalousien-zwischen-glas-farben-nach-ihrem-geschmack","status":"publish","type":"post","link":"https:\/\/weiku.com.br\/de\/mikrojalousien-zwischen-glas-farben-nach-ihrem-geschmack\/","title":{"rendered":"Mikrojalousien zwischen Glas: Farben nach Ihrem Geschmack"},"content":{"rendered":"\n<figure class=\"wp-block-image size-large\"><img loading=\"lazy\" decoding=\"async\" width=\"880\" height=\"600\" src=\"https:\/\/weiku.com.br\/wp-content\/uploads\/2021\/02\/janelas-portas-pvc-persiana-entre-vidros-3-1.jpg\" alt=\"\" class=\"wp-image-8944\" srcset=\"https:\/\/weiku.com.br\/wp-content\/uploads\/2021\/02\/janelas-portas-pvc-persiana-entre-vidros-3-1.jpg 880w, https:\/\/weiku.com.br\/wp-content\/uploads\/2021\/02\/janelas-portas-pvc-persiana-entre-vidros-3-1-300x205.jpg 300w, https:\/\/weiku.com.br\/wp-content\/uploads\/2021\/02\/janelas-portas-pvc-persiana-entre-vidros-3-1-768x524.jpg 768w\" sizes=\"auto, (max-width: 880px) 100vw, 880px\" \/><\/figure>\n\n<p>Im Gegensatz zu herk\u00f6mmlichen Jalousien sind Mikrojalousien zwischen Glas ein komplettes Produkt. Sie regulieren nicht nur den Lichteinfall von au\u00dfen, sondern tragen auch zum thermischen Komfort bei \u2013 ohne den pers\u00f6nlichen Stil aus den Augen zu verlieren. Und wenn es um Individualit\u00e4t geht, bietet Weiku do Brasil seinen Kunden noch mehr Optionen.  <\/p>\n\n<figure class=\"wp-block-image size-large\"><img loading=\"lazy\" decoding=\"async\" width=\"880\" height=\"600\" src=\"https:\/\/weiku.com.br\/wp-content\/uploads\/2021\/02\/janelas-portas-pvc-persiana-entre-vidros-4-1.jpg\" alt=\"\" class=\"wp-image-8945\" srcset=\"https:\/\/weiku.com.br\/wp-content\/uploads\/2021\/02\/janelas-portas-pvc-persiana-entre-vidros-4-1.jpg 880w, https:\/\/weiku.com.br\/wp-content\/uploads\/2021\/02\/janelas-portas-pvc-persiana-entre-vidros-4-1-300x205.jpg 300w, https:\/\/weiku.com.br\/wp-content\/uploads\/2021\/02\/janelas-portas-pvc-persiana-entre-vidros-4-1-768x524.jpg 768w\" sizes=\"auto, (max-width: 880px) 100vw, 880px\" \/><\/figure>\n\n<p>Wei\u00df, Silber und Beige sind die verf\u00fcgbaren Farben, um Ihre Jalousien zwischen den Gl\u00e4sern zu personalisieren. Auf Anfrage kann auch Schwarz gew\u00e4hlt werden. So verleihen Ihre Fenster und T\u00fcren nicht nur eine wartungsfreie Funktion, sondern bereichern auch die Dekoration Ihrer Wohn- oder Gesch\u00e4ftsr\u00e4ume.  <\/p>\n\n<figure class=\"wp-block-image size-large\"><img decoding=\"async\" src=\"https:\/\/weiku.com.br\/wp-content\/uploads\/2021\/02\/janelas-portas-pvc-persiana-entre-vidros-2-1.jpg\" alt=\"\" class=\"wp-image-8946\"\/><\/figure>\n\n<p>In Bezug auf Hygiene: In Zeiten einer weltweiten Pandemie war die Pflege und Reinigung der R\u00e4ume f\u00fcr das Wohlbefinden und die Gesundheit der Nutzer noch nie so wichtig. Da die Jalousie in einer luftdichten Kammer eingeschlossen ist, ohne Luftaustausch und ohne Staub- oder Dampfeintritt, bleibt ihre Leistung \u00fcber lange Zeit erhalten \u2013 mit dem Vorteil, dass nur die Gl\u00e4ser gereinigt werden m\u00fcssen. <\/p>\n\n<p><\/p>\n\n<pre class=\"wp-block-preformatted\"><\/pre>\n","protected":false},"excerpt":{"rendered":"<p>Im Gegensatz zu herk\u00f6mmlichen Jalousien sind Mikrojalousien zwischen Glas ein komplettes Produkt. Sie regulieren nicht nur den Lichteinfall von au\u00dfen, sondern tragen auch zum thermischen Komfort bei \u2013 ohne den pers\u00f6nlichen Stil aus den Augen zu verlieren. Und wenn es um Individualit\u00e4t geht, bietet Weiku do Brasil seinen Kunden noch mehr Optionen. Wei\u00df, Silber und [&hellip;]<\/p>\n","protected":false},"author":35,"featured_media":22700,"comment_status":"open","ping_status":"open","sticky":false,"template":"","format":"standard","meta":{"_acf_changed":false,"footnotes":""},"categories":[726],"tags":[880,881,879,851,878,882],"class_list":["post-32560","post","type-post","status-publish","format-standard","has-post-thumbnail","hentry","category-nicht-kategorisiert","tag-fenster-und-turen","tag-mikrojalousie","tag-pvc-de","tag-technologie","tag-weiku-de","tag-weikupvc"],"acf":[],"yoast_head":"<!-- This site is optimized with the Yoast SEO plugin v27.3 - https:\/\/yoast.com\/product\/yoast-seo-wordpress\/ -->\n<title>Mikrojalousien zwischen Glas: Farben nach Ihrem Geschmack - Weiku<\/title>\n<meta name=\"robots\" content=\"index, follow, max-snippet:-1, max-image-preview:large, max-video-preview:-1\" \/>\n<link rel=\"canonical\" href=\"https:\/\/weiku.com.br\/de\/mikrojalousien-zwischen-glas-farben-nach-ihrem-geschmack\/\" \/>\n<meta property=\"og:locale\" content=\"de_DE\" \/>\n<meta property=\"og:type\" content=\"article\" \/>\n<meta property=\"og:title\" content=\"Mikrojalousien zwischen Glas: Farben nach Ihrem Geschmack - Weiku\" \/>\n<meta property=\"og:description\" content=\"Im Gegensatz zu herk\u00f6mmlichen Jalousien sind Mikrojalousien zwischen Glas ein komplettes Produkt. Sie regulieren nicht nur den Lichteinfall von au\u00dfen, sondern tragen auch zum thermischen Komfort bei \u2013 ohne den pers\u00f6nlichen Stil aus den Augen zu verlieren. Und wenn es um Individualit\u00e4t geht, bietet Weiku do Brasil seinen Kunden noch mehr Optionen. Wei\u00df, Silber und [&hellip;]\" \/>\n<meta property=\"og:url\" content=\"https:\/\/weiku.com.br\/de\/mikrojalousien-zwischen-glas-farben-nach-ihrem-geschmack\/\" \/>\n<meta property=\"og:site_name\" content=\"Weiku\" \/>\n<meta property=\"article:published_time\" content=\"2021-02-04T10:58:05+00:00\" \/>\n<meta property=\"article:modified_time\" content=\"2025-08-06T18:54:53+00:00\" \/>\n<meta property=\"og:image\" content=\"https:\/\/weiku.com.br\/wp-content\/uploads\/2021\/02\/weiku-janelas-portas-pvc-capa-PERSIANA-2.jpg\" \/>\n\t<meta property=\"og:image:width\" content=\"880\" \/>\n\t<meta property=\"og:image:height\" content=\"420\" \/>\n\t<meta property=\"og:image:type\" content=\"image\/jpeg\" \/>\n<meta name=\"author\" content=\"Mateus Fernandes\" \/>\n<meta name=\"twitter:card\" content=\"summary_large_image\" \/>\n<meta name=\"twitter:label1\" content=\"Verfasst von\" \/>\n\t<meta name=\"twitter:data1\" content=\"Mateus Fernandes\" \/>\n\t<meta name=\"twitter:label2\" content=\"Gesch\u00e4tzte Lesezeit\" \/>\n\t<meta name=\"twitter:data2\" content=\"1\u00a0Minute\" \/>\n<script type=\"application\/ld+json\" class=\"yoast-schema-graph\">{\"@context\":\"https:\\\/\\\/schema.org\",\"@graph\":[{\"@type\":\"Article\",\"@id\":\"https:\\\/\\\/weiku.com.br\\\/de\\\/mikrojalousien-zwischen-glas-farben-nach-ihrem-geschmack\\\/#article\",\"isPartOf\":{\"@id\":\"https:\\\/\\\/weiku.com.br\\\/de\\\/mikrojalousien-zwischen-glas-farben-nach-ihrem-geschmack\\\/\"},\"author\":{\"name\":\"Mateus Fernandes\",\"@id\":\"https:\\\/\\\/weiku.com.br\\\/de\\\/#\\\/schema\\\/person\\\/a15df1b49db4f0c34776a50f6a0ba70d\"},\"headline\":\"Mikrojalousien zwischen Glas: Farben nach Ihrem Geschmack\",\"datePublished\":\"2021-02-04T10:58:05+00:00\",\"dateModified\":\"2025-08-06T18:54:53+00:00\",\"mainEntityOfPage\":{\"@id\":\"https:\\\/\\\/weiku.com.br\\\/de\\\/mikrojalousien-zwischen-glas-farben-nach-ihrem-geschmack\\\/\"},\"wordCount\":176,\"commentCount\":0,\"image\":{\"@id\":\"https:\\\/\\\/weiku.com.br\\\/de\\\/mikrojalousien-zwischen-glas-farben-nach-ihrem-geschmack\\\/#primaryimage\"},\"thumbnailUrl\":\"https:\\\/\\\/weiku.com.br\\\/wp-content\\\/uploads\\\/2021\\\/02\\\/weiku-janelas-portas-pvc-capa-PERSIANA-2.jpg\",\"keywords\":[\"Fenster und T\u00fcren\",\"Mikrojalousie\",\"PVC\",\"Technologie\",\"Weiku\",\"WeikuPVC\"],\"articleSection\":[\"Nicht kategorisiert\"],\"inLanguage\":\"de\",\"potentialAction\":[{\"@type\":\"CommentAction\",\"name\":\"Comment\",\"target\":[\"https:\\\/\\\/weiku.com.br\\\/de\\\/mikrojalousien-zwischen-glas-farben-nach-ihrem-geschmack\\\/#respond\"]}]},{\"@type\":\"WebPage\",\"@id\":\"https:\\\/\\\/weiku.com.br\\\/de\\\/mikrojalousien-zwischen-glas-farben-nach-ihrem-geschmack\\\/\",\"url\":\"https:\\\/\\\/weiku.com.br\\\/de\\\/mikrojalousien-zwischen-glas-farben-nach-ihrem-geschmack\\\/\",\"name\":\"Mikrojalousien zwischen Glas: Farben nach Ihrem Geschmack - Weiku\",\"isPartOf\":{\"@id\":\"https:\\\/\\\/weiku.com.br\\\/de\\\/#website\"},\"primaryImageOfPage\":{\"@id\":\"https:\\\/\\\/weiku.com.br\\\/de\\\/mikrojalousien-zwischen-glas-farben-nach-ihrem-geschmack\\\/#primaryimage\"},\"image\":{\"@id\":\"https:\\\/\\\/weiku.com.br\\\/de\\\/mikrojalousien-zwischen-glas-farben-nach-ihrem-geschmack\\\/#primaryimage\"},\"thumbnailUrl\":\"https:\\\/\\\/weiku.com.br\\\/wp-content\\\/uploads\\\/2021\\\/02\\\/weiku-janelas-portas-pvc-capa-PERSIANA-2.jpg\",\"datePublished\":\"2021-02-04T10:58:05+00:00\",\"dateModified\":\"2025-08-06T18:54:53+00:00\",\"author\":{\"@id\":\"https:\\\/\\\/weiku.com.br\\\/de\\\/#\\\/schema\\\/person\\\/a15df1b49db4f0c34776a50f6a0ba70d\"},\"breadcrumb\":{\"@id\":\"https:\\\/\\\/weiku.com.br\\\/de\\\/mikrojalousien-zwischen-glas-farben-nach-ihrem-geschmack\\\/#breadcrumb\"},\"inLanguage\":\"de\",\"potentialAction\":[{\"@type\":\"ReadAction\",\"target\":[\"https:\\\/\\\/weiku.com.br\\\/de\\\/mikrojalousien-zwischen-glas-farben-nach-ihrem-geschmack\\\/\"]}]},{\"@type\":\"ImageObject\",\"inLanguage\":\"de\",\"@id\":\"https:\\\/\\\/weiku.com.br\\\/de\\\/mikrojalousien-zwischen-glas-farben-nach-ihrem-geschmack\\\/#primaryimage\",\"url\":\"https:\\\/\\\/weiku.com.br\\\/wp-content\\\/uploads\\\/2021\\\/02\\\/weiku-janelas-portas-pvc-capa-PERSIANA-2.jpg\",\"contentUrl\":\"https:\\\/\\\/weiku.com.br\\\/wp-content\\\/uploads\\\/2021\\\/02\\\/weiku-janelas-portas-pvc-capa-PERSIANA-2.jpg\",\"width\":880,\"height\":420},{\"@type\":\"BreadcrumbList\",\"@id\":\"https:\\\/\\\/weiku.com.br\\\/de\\\/mikrojalousien-zwischen-glas-farben-nach-ihrem-geschmack\\\/#breadcrumb\",\"itemListElement\":[{\"@type\":\"ListItem\",\"position\":1,\"name\":\"In\u00edcio\",\"item\":\"https:\\\/\\\/weiku.com.br\\\/de\\\/\"},{\"@type\":\"ListItem\",\"position\":2,\"name\":\"Mikrojalousien zwischen Glas: Farben nach Ihrem Geschmack\"}]},{\"@type\":\"WebSite\",\"@id\":\"https:\\\/\\\/weiku.com.br\\\/de\\\/#website\",\"url\":\"https:\\\/\\\/weiku.com.br\\\/de\\\/\",\"name\":\"Weiku\",\"description\":\"Esquadrias de PVC - Weiku do Brasil\",\"potentialAction\":[{\"@type\":\"SearchAction\",\"target\":{\"@type\":\"EntryPoint\",\"urlTemplate\":\"https:\\\/\\\/weiku.com.br\\\/de\\\/?s={search_term_string}\"},\"query-input\":{\"@type\":\"PropertyValueSpecification\",\"valueRequired\":true,\"valueName\":\"search_term_string\"}}],\"inLanguage\":\"de\"},{\"@type\":\"Person\",\"@id\":\"https:\\\/\\\/weiku.com.br\\\/de\\\/#\\\/schema\\\/person\\\/a15df1b49db4f0c34776a50f6a0ba70d\",\"name\":\"Mateus Fernandes\",\"image\":{\"@type\":\"ImageObject\",\"inLanguage\":\"de\",\"@id\":\"https:\\\/\\\/weiku.com.br\\\/wp-content\\\/litespeed\\\/avatar\\\/900ee9f544fa1ea84bffb5ef4c3394f3.jpg?ver=1777254458\",\"url\":\"https:\\\/\\\/weiku.com.br\\\/wp-content\\\/litespeed\\\/avatar\\\/900ee9f544fa1ea84bffb5ef4c3394f3.jpg?ver=1777254458\",\"contentUrl\":\"https:\\\/\\\/weiku.com.br\\\/wp-content\\\/litespeed\\\/avatar\\\/900ee9f544fa1ea84bffb5ef4c3394f3.jpg?ver=1777254458\",\"caption\":\"Mateus Fernandes\"},\"sameAs\":[\"http:\\\/\\\/www.weiku.com.br\"],\"url\":\"https:\\\/\\\/weiku.com.br\\\/de\\\/author\\\/mateus\\\/\"}]}<\/script>\n<!-- \/ Yoast SEO plugin. -->","yoast_head_json":{"title":"Mikrojalousien zwischen Glas: Farben nach Ihrem Geschmack - Weiku","robots":{"index":"index","follow":"follow","max-snippet":"max-snippet:-1","max-image-preview":"max-image-preview:large","max-video-preview":"max-video-preview:-1"},"canonical":"https:\/\/weiku.com.br\/de\/mikrojalousien-zwischen-glas-farben-nach-ihrem-geschmack\/","og_locale":"de_DE","og_type":"article","og_title":"Mikrojalousien zwischen Glas: Farben nach Ihrem Geschmack - Weiku","og_description":"Im Gegensatz zu herk\u00f6mmlichen Jalousien sind Mikrojalousien zwischen Glas ein komplettes Produkt. Sie regulieren nicht nur den Lichteinfall von au\u00dfen, sondern tragen auch zum thermischen Komfort bei \u2013 ohne den pers\u00f6nlichen Stil aus den Augen zu verlieren. Und wenn es um Individualit\u00e4t geht, bietet Weiku do Brasil seinen Kunden noch mehr Optionen. Wei\u00df, Silber und [&hellip;]","og_url":"https:\/\/weiku.com.br\/de\/mikrojalousien-zwischen-glas-farben-nach-ihrem-geschmack\/","og_site_name":"Weiku","article_published_time":"2021-02-04T10:58:05+00:00","article_modified_time":"2025-08-06T18:54:53+00:00","og_image":[{"width":880,"height":420,"url":"https:\/\/weiku.com.br\/wp-content\/uploads\/2021\/02\/weiku-janelas-portas-pvc-capa-PERSIANA-2.jpg","type":"image\/jpeg"}],"author":"Mateus Fernandes","twitter_card":"summary_large_image","twitter_misc":{"Verfasst von":"Mateus Fernandes","Gesch\u00e4tzte Lesezeit":"1\u00a0Minute"},"schema":{"@context":"https:\/\/schema.org","@graph":[{"@type":"Article","@id":"https:\/\/weiku.com.br\/de\/mikrojalousien-zwischen-glas-farben-nach-ihrem-geschmack\/#article","isPartOf":{"@id":"https:\/\/weiku.com.br\/de\/mikrojalousien-zwischen-glas-farben-nach-ihrem-geschmack\/"},"author":{"name":"Mateus Fernandes","@id":"https:\/\/weiku.com.br\/de\/#\/schema\/person\/a15df1b49db4f0c34776a50f6a0ba70d"},"headline":"Mikrojalousien zwischen Glas: Farben nach Ihrem Geschmack","datePublished":"2021-02-04T10:58:05+00:00","dateModified":"2025-08-06T18:54:53+00:00","mainEntityOfPage":{"@id":"https:\/\/weiku.com.br\/de\/mikrojalousien-zwischen-glas-farben-nach-ihrem-geschmack\/"},"wordCount":176,"commentCount":0,"image":{"@id":"https:\/\/weiku.com.br\/de\/mikrojalousien-zwischen-glas-farben-nach-ihrem-geschmack\/#primaryimage"},"thumbnailUrl":"https:\/\/weiku.com.br\/wp-content\/uploads\/2021\/02\/weiku-janelas-portas-pvc-capa-PERSIANA-2.jpg","keywords":["Fenster und T\u00fcren","Mikrojalousie","PVC","Technologie","Weiku","WeikuPVC"],"articleSection":["Nicht kategorisiert"],"inLanguage":"de","potentialAction":[{"@type":"CommentAction","name":"Comment","target":["https:\/\/weiku.com.br\/de\/mikrojalousien-zwischen-glas-farben-nach-ihrem-geschmack\/#respond"]}]},{"@type":"WebPage","@id":"https:\/\/weiku.com.br\/de\/mikrojalousien-zwischen-glas-farben-nach-ihrem-geschmack\/","url":"https:\/\/weiku.com.br\/de\/mikrojalousien-zwischen-glas-farben-nach-ihrem-geschmack\/","name":"Mikrojalousien zwischen Glas: Farben nach Ihrem Geschmack - Weiku","isPartOf":{"@id":"https:\/\/weiku.com.br\/de\/#website"},"primaryImageOfPage":{"@id":"https:\/\/weiku.com.br\/de\/mikrojalousien-zwischen-glas-farben-nach-ihrem-geschmack\/#primaryimage"},"image":{"@id":"https:\/\/weiku.com.br\/de\/mikrojalousien-zwischen-glas-farben-nach-ihrem-geschmack\/#primaryimage"},"thumbnailUrl":"https:\/\/weiku.com.br\/wp-content\/uploads\/2021\/02\/weiku-janelas-portas-pvc-capa-PERSIANA-2.jpg","datePublished":"2021-02-04T10:58:05+00:00","dateModified":"2025-08-06T18:54:53+00:00","author":{"@id":"https:\/\/weiku.com.br\/de\/#\/schema\/person\/a15df1b49db4f0c34776a50f6a0ba70d"},"breadcrumb":{"@id":"https:\/\/weiku.com.br\/de\/mikrojalousien-zwischen-glas-farben-nach-ihrem-geschmack\/#breadcrumb"},"inLanguage":"de","potentialAction":[{"@type":"ReadAction","target":["https:\/\/weiku.com.br\/de\/mikrojalousien-zwischen-glas-farben-nach-ihrem-geschmack\/"]}]},{"@type":"ImageObject","inLanguage":"de","@id":"https:\/\/weiku.com.br\/de\/mikrojalousien-zwischen-glas-farben-nach-ihrem-geschmack\/#primaryimage","url":"https:\/\/weiku.com.br\/wp-content\/uploads\/2021\/02\/weiku-janelas-portas-pvc-capa-PERSIANA-2.jpg","contentUrl":"https:\/\/weiku.com.br\/wp-content\/uploads\/2021\/02\/weiku-janelas-portas-pvc-capa-PERSIANA-2.jpg","width":880,"height":420},{"@type":"BreadcrumbList","@id":"https:\/\/weiku.com.br\/de\/mikrojalousien-zwischen-glas-farben-nach-ihrem-geschmack\/#breadcrumb","itemListElement":[{"@type":"ListItem","position":1,"name":"In\u00edcio","item":"https:\/\/weiku.com.br\/de\/"},{"@type":"ListItem","position":2,"name":"Mikrojalousien zwischen Glas: Farben nach Ihrem Geschmack"}]},{"@type":"WebSite","@id":"https:\/\/weiku.com.br\/de\/#website","url":"https:\/\/weiku.com.br\/de\/","name":"Weiku","description":"Esquadrias de PVC - Weiku do Brasil","potentialAction":[{"@type":"SearchAction","target":{"@type":"EntryPoint","urlTemplate":"https:\/\/weiku.com.br\/de\/?s={search_term_string}"},"query-input":{"@type":"PropertyValueSpecification","valueRequired":true,"valueName":"search_term_string"}}],"inLanguage":"de"},{"@type":"Person","@id":"https:\/\/weiku.com.br\/de\/#\/schema\/person\/a15df1b49db4f0c34776a50f6a0ba70d","name":"Mateus Fernandes","image":{"@type":"ImageObject","inLanguage":"de","@id":"https:\/\/weiku.com.br\/wp-content\/litespeed\/avatar\/900ee9f544fa1ea84bffb5ef4c3394f3.jpg?ver=1777254458","url":"https:\/\/weiku.com.br\/wp-content\/litespeed\/avatar\/900ee9f544fa1ea84bffb5ef4c3394f3.jpg?ver=1777254458","contentUrl":"https:\/\/weiku.com.br\/wp-content\/litespeed\/avatar\/900ee9f544fa1ea84bffb5ef4c3394f3.jpg?ver=1777254458","caption":"Mateus Fernandes"},"sameAs":["http:\/\/www.weiku.com.br"],"url":"https:\/\/weiku.com.br\/de\/author\/mateus\/"}]}},"_links":{"self":[{"href":"https:\/\/weiku.com.br\/de\/wp-json\/wp\/v2\/posts\/32560","targetHints":{"allow":["GET"]}}],"collection":[{"href":"https:\/\/weiku.com.br\/de\/wp-json\/wp\/v2\/posts"}],"about":[{"href":"https:\/\/weiku.com.br\/de\/wp-json\/wp\/v2\/types\/post"}],"author":[{"embeddable":true,"href":"https:\/\/weiku.com.br\/de\/wp-json\/wp\/v2\/users\/35"}],"replies":[{"embeddable":true,"href":"https:\/\/weiku.com.br\/de\/wp-json\/wp\/v2\/comments?post=32560"}],"version-history":[{"count":1,"href":"https:\/\/weiku.com.br\/de\/wp-json\/wp\/v2\/posts\/32560\/revisions"}],"predecessor-version":[{"id":32561,"href":"https:\/\/weiku.com.br\/de\/wp-json\/wp\/v2\/posts\/32560\/revisions\/32561"}],"wp:featuredmedia":[{"embeddable":true,"href":"https:\/\/weiku.com.br\/de\/wp-json\/wp\/v2\/media\/22700"}],"wp:attachment":[{"href":"https:\/\/weiku.com.br\/de\/wp-json\/wp\/v2\/media?parent=32560"}],"wp:term":[{"taxonomy":"category","embeddable":true,"href":"https:\/\/weiku.com.br\/de\/wp-json\/wp\/v2\/categories?post=32560"},{"taxonomy":"post_tag","embeddable":true,"href":"https:\/\/weiku.com.br\/de\/wp-json\/wp\/v2\/tags?post=32560"}],"curies":[{"name":"wp","href":"https:\/\/api.w.org\/{rel}","templated":true}]}}