{"id":32535,"date":"2021-08-13T08:49:43","date_gmt":"2021-08-13T11:49:43","guid":{"rendered":"https:\/\/weiku.com.br\/weiku-schulungszentrum-ein-raum-fuer-professionelle-weiterbildung\/"},"modified":"2025-08-06T13:59:42","modified_gmt":"2025-08-06T16:59:42","slug":"weiku-schulungszentrum-ein-raum-fuer-professionelle-weiterbildung","status":"publish","type":"post","link":"https:\/\/weiku.com.br\/de\/weiku-schulungszentrum-ein-raum-fuer-professionelle-weiterbildung\/","title":{"rendered":"Weiku-Schulungszentrum: Ein Raum f\u00fcr professionelle Weiterbildung"},"content":{"rendered":"\n<figure class=\"wp-block-image size-full\"><img decoding=\"async\" src=\"https:\/\/weiku.com.br\/wp-content\/uploads\/2021\/08\/treinamento-weiku-1-2.jpg\" alt=\"\" class=\"wp-image-13849\"\/><\/figure>\n\n<p><em>Hallo Freunde der Weiku-Community, heute sprechen wir \u00fcber unser neues Schulungszentrum, einen Raum, der ganz der Weiterbildung unserer Fachkr\u00e4fte gewidmet ist.<\/em><\/p>\n\n<figure class=\"wp-block-image size-full\"><img decoding=\"async\" src=\"https:\/\/weiku.com.br\/wp-content\/uploads\/2021\/08\/treinamento-weiku-3-1.jpg\" alt=\"\" class=\"wp-image-13850\"\/><\/figure>\n\n<p>Das neue Schulungszentrum befindet sich in der Zentrale in Pomerode, wo die technischen Teams von Weiku do Brasil eine Woche lang praktische und theoretische Schulungen zu allen vom Unternehmen vertriebenen Produkten erhalten.<\/p>\n\n<figure class=\"wp-block-image size-full\"><img decoding=\"async\" src=\"https:\/\/weiku.com.br\/wp-content\/uploads\/2021\/08\/treinamento-weiku-4-1.jpg\" alt=\"\" class=\"wp-image-13851\"\/><\/figure>\n\n<p>Derzeit verf\u00fcgt Weiku do Brasil \u00fcber rund 70 Installationsteams in seinen T\u00e4tigkeitsbereichen. Diese Zahl wird jedoch im Zuge der Markenexpansion erh\u00f6ht, und alle Teams werden ohne Ausnahme das neue Schulungszentrum durchlaufen, sei es zur Erlernung neuer Techniken, zur Aktualisierung oder zur Weiterbildung. <\/p>\n\n<figure class=\"wp-block-image size-full\"><img decoding=\"async\" src=\"https:\/\/weiku.com.br\/wp-content\/uploads\/2021\/08\/treinamento-weiku-2-1.jpg\" alt=\"\" class=\"wp-image-13854\"\/><\/figure>\n\n<p>Unser neues Schulungszentrum empf\u00e4ngt unsere Techniker alle zwei Wochen, mit dem Ziel, die technische Qualit\u00e4t der Installation, die Sicherheit sowie ein angemessenes und sicheres Auftreten bei Kundenbesuchen in deren H\u00e4usern oder Unternehmen zu verbessern.<\/p>\n","protected":false},"excerpt":{"rendered":"<p>Hallo Freunde der Weiku-Community, heute sprechen wir \u00fcber unser neues Schulungszentrum, einen Raum, der ganz der Weiterbildung unserer Fachkr\u00e4fte gewidmet ist. Das neue Schulungszentrum befindet sich in der Zentrale in Pomerode, wo die technischen Teams von Weiku do Brasil eine Woche lang praktische und theoretische Schulungen zu allen vom Unternehmen vertriebenen Produkten erhalten. Derzeit verf\u00fcgt [&hellip;]<\/p>\n","protected":false},"author":35,"featured_media":24786,"comment_status":"closed","ping_status":"open","sticky":false,"template":"","format":"standard","meta":{"_acf_changed":false,"footnotes":""},"categories":[726],"tags":[],"class_list":["post-32535","post","type-post","status-publish","format-standard","has-post-thumbnail","hentry","category-nicht-kategorisiert"],"acf":[],"yoast_head":"<!-- This site is optimized with the Yoast SEO plugin v27.3 - https:\/\/yoast.com\/product\/yoast-seo-wordpress\/ -->\n<title>Weiku-Schulungszentrum: Ein Raum f\u00fcr professionelle Weiterbildung - Weiku<\/title>\n<meta name=\"robots\" content=\"index, follow, max-snippet:-1, max-image-preview:large, max-video-preview:-1\" \/>\n<link rel=\"canonical\" href=\"https:\/\/weiku.com.br\/de\/weiku-schulungszentrum-ein-raum-fuer-professionelle-weiterbildung\/\" \/>\n<meta property=\"og:locale\" content=\"de_DE\" \/>\n<meta property=\"og:type\" content=\"article\" \/>\n<meta property=\"og:title\" content=\"Weiku-Schulungszentrum: Ein Raum f\u00fcr professionelle Weiterbildung - Weiku\" \/>\n<meta property=\"og:description\" content=\"Hallo Freunde der Weiku-Community, heute sprechen wir \u00fcber unser neues Schulungszentrum, einen Raum, der ganz der Weiterbildung unserer Fachkr\u00e4fte gewidmet ist. Das neue Schulungszentrum befindet sich in der Zentrale in Pomerode, wo die technischen Teams von Weiku do Brasil eine Woche lang praktische und theoretische Schulungen zu allen vom Unternehmen vertriebenen Produkten erhalten. Derzeit verf\u00fcgt [&hellip;]\" \/>\n<meta property=\"og:url\" content=\"https:\/\/weiku.com.br\/de\/weiku-schulungszentrum-ein-raum-fuer-professionelle-weiterbildung\/\" \/>\n<meta property=\"og:site_name\" content=\"Weiku\" \/>\n<meta property=\"article:published_time\" content=\"2021-08-13T11:49:43+00:00\" \/>\n<meta property=\"article:modified_time\" content=\"2025-08-06T16:59:42+00:00\" \/>\n<meta property=\"og:image\" content=\"https:\/\/weiku.com.br\/wp-content\/uploads\/2021\/08\/treinamento-weiku-1-2.jpg\" \/>\n\t<meta property=\"og:image:width\" content=\"1024\" \/>\n\t<meta property=\"og:image:height\" content=\"736\" \/>\n\t<meta property=\"og:image:type\" content=\"image\/jpeg\" \/>\n<meta name=\"author\" content=\"Mateus Fernandes\" \/>\n<meta name=\"twitter:card\" content=\"summary_large_image\" \/>\n<meta name=\"twitter:label1\" content=\"Verfasst von\" \/>\n\t<meta name=\"twitter:data1\" content=\"Mateus Fernandes\" \/>\n\t<meta name=\"twitter:label2\" content=\"Gesch\u00e4tzte Lesezeit\" \/>\n\t<meta name=\"twitter:data2\" content=\"1\u00a0Minute\" \/>\n<script type=\"application\/ld+json\" class=\"yoast-schema-graph\">{\"@context\":\"https:\\\/\\\/schema.org\",\"@graph\":[{\"@type\":\"Article\",\"@id\":\"https:\\\/\\\/weiku.com.br\\\/de\\\/weiku-schulungszentrum-ein-raum-fuer-professionelle-weiterbildung\\\/#article\",\"isPartOf\":{\"@id\":\"https:\\\/\\\/weiku.com.br\\\/de\\\/weiku-schulungszentrum-ein-raum-fuer-professionelle-weiterbildung\\\/\"},\"author\":{\"name\":\"Mateus Fernandes\",\"@id\":\"https:\\\/\\\/weiku.com.br\\\/de\\\/#\\\/schema\\\/person\\\/a15df1b49db4f0c34776a50f6a0ba70d\"},\"headline\":\"Weiku-Schulungszentrum: Ein Raum f\u00fcr professionelle Weiterbildung\",\"datePublished\":\"2021-08-13T11:49:43+00:00\",\"dateModified\":\"2025-08-06T16:59:42+00:00\",\"mainEntityOfPage\":{\"@id\":\"https:\\\/\\\/weiku.com.br\\\/de\\\/weiku-schulungszentrum-ein-raum-fuer-professionelle-weiterbildung\\\/\"},\"wordCount\":142,\"image\":{\"@id\":\"https:\\\/\\\/weiku.com.br\\\/de\\\/weiku-schulungszentrum-ein-raum-fuer-professionelle-weiterbildung\\\/#primaryimage\"},\"thumbnailUrl\":\"https:\\\/\\\/weiku.com.br\\\/wp-content\\\/uploads\\\/2021\\\/08\\\/treinamento-weiku-1-2.jpg\",\"articleSection\":[\"Nicht kategorisiert\"],\"inLanguage\":\"de\"},{\"@type\":\"WebPage\",\"@id\":\"https:\\\/\\\/weiku.com.br\\\/de\\\/weiku-schulungszentrum-ein-raum-fuer-professionelle-weiterbildung\\\/\",\"url\":\"https:\\\/\\\/weiku.com.br\\\/de\\\/weiku-schulungszentrum-ein-raum-fuer-professionelle-weiterbildung\\\/\",\"name\":\"Weiku-Schulungszentrum: Ein Raum f\u00fcr professionelle Weiterbildung - Weiku\",\"isPartOf\":{\"@id\":\"https:\\\/\\\/weiku.com.br\\\/de\\\/#website\"},\"primaryImageOfPage\":{\"@id\":\"https:\\\/\\\/weiku.com.br\\\/de\\\/weiku-schulungszentrum-ein-raum-fuer-professionelle-weiterbildung\\\/#primaryimage\"},\"image\":{\"@id\":\"https:\\\/\\\/weiku.com.br\\\/de\\\/weiku-schulungszentrum-ein-raum-fuer-professionelle-weiterbildung\\\/#primaryimage\"},\"thumbnailUrl\":\"https:\\\/\\\/weiku.com.br\\\/wp-content\\\/uploads\\\/2021\\\/08\\\/treinamento-weiku-1-2.jpg\",\"datePublished\":\"2021-08-13T11:49:43+00:00\",\"dateModified\":\"2025-08-06T16:59:42+00:00\",\"author\":{\"@id\":\"https:\\\/\\\/weiku.com.br\\\/de\\\/#\\\/schema\\\/person\\\/a15df1b49db4f0c34776a50f6a0ba70d\"},\"breadcrumb\":{\"@id\":\"https:\\\/\\\/weiku.com.br\\\/de\\\/weiku-schulungszentrum-ein-raum-fuer-professionelle-weiterbildung\\\/#breadcrumb\"},\"inLanguage\":\"de\",\"potentialAction\":[{\"@type\":\"ReadAction\",\"target\":[\"https:\\\/\\\/weiku.com.br\\\/de\\\/weiku-schulungszentrum-ein-raum-fuer-professionelle-weiterbildung\\\/\"]}]},{\"@type\":\"ImageObject\",\"inLanguage\":\"de\",\"@id\":\"https:\\\/\\\/weiku.com.br\\\/de\\\/weiku-schulungszentrum-ein-raum-fuer-professionelle-weiterbildung\\\/#primaryimage\",\"url\":\"https:\\\/\\\/weiku.com.br\\\/wp-content\\\/uploads\\\/2021\\\/08\\\/treinamento-weiku-1-2.jpg\",\"contentUrl\":\"https:\\\/\\\/weiku.com.br\\\/wp-content\\\/uploads\\\/2021\\\/08\\\/treinamento-weiku-1-2.jpg\",\"width\":1024,\"height\":736},{\"@type\":\"BreadcrumbList\",\"@id\":\"https:\\\/\\\/weiku.com.br\\\/de\\\/weiku-schulungszentrum-ein-raum-fuer-professionelle-weiterbildung\\\/#breadcrumb\",\"itemListElement\":[{\"@type\":\"ListItem\",\"position\":1,\"name\":\"In\u00edcio\",\"item\":\"https:\\\/\\\/weiku.com.br\\\/de\\\/\"},{\"@type\":\"ListItem\",\"position\":2,\"name\":\"Weiku-Schulungszentrum: Ein Raum f\u00fcr professionelle Weiterbildung\"}]},{\"@type\":\"WebSite\",\"@id\":\"https:\\\/\\\/weiku.com.br\\\/de\\\/#website\",\"url\":\"https:\\\/\\\/weiku.com.br\\\/de\\\/\",\"name\":\"Weiku\",\"description\":\"Esquadrias de PVC - Weiku do Brasil\",\"potentialAction\":[{\"@type\":\"SearchAction\",\"target\":{\"@type\":\"EntryPoint\",\"urlTemplate\":\"https:\\\/\\\/weiku.com.br\\\/de\\\/?s={search_term_string}\"},\"query-input\":{\"@type\":\"PropertyValueSpecification\",\"valueRequired\":true,\"valueName\":\"search_term_string\"}}],\"inLanguage\":\"de\"},{\"@type\":\"Person\",\"@id\":\"https:\\\/\\\/weiku.com.br\\\/de\\\/#\\\/schema\\\/person\\\/a15df1b49db4f0c34776a50f6a0ba70d\",\"name\":\"Mateus Fernandes\",\"image\":{\"@type\":\"ImageObject\",\"inLanguage\":\"de\",\"@id\":\"https:\\\/\\\/weiku.com.br\\\/wp-content\\\/litespeed\\\/avatar\\\/900ee9f544fa1ea84bffb5ef4c3394f3.jpg?ver=1777254458\",\"url\":\"https:\\\/\\\/weiku.com.br\\\/wp-content\\\/litespeed\\\/avatar\\\/900ee9f544fa1ea84bffb5ef4c3394f3.jpg?ver=1777254458\",\"contentUrl\":\"https:\\\/\\\/weiku.com.br\\\/wp-content\\\/litespeed\\\/avatar\\\/900ee9f544fa1ea84bffb5ef4c3394f3.jpg?ver=1777254458\",\"caption\":\"Mateus Fernandes\"},\"sameAs\":[\"http:\\\/\\\/www.weiku.com.br\"],\"url\":\"https:\\\/\\\/weiku.com.br\\\/de\\\/author\\\/mateus\\\/\"}]}<\/script>\n<!-- \/ Yoast SEO plugin. -->","yoast_head_json":{"title":"Weiku-Schulungszentrum: Ein Raum f\u00fcr professionelle Weiterbildung - Weiku","robots":{"index":"index","follow":"follow","max-snippet":"max-snippet:-1","max-image-preview":"max-image-preview:large","max-video-preview":"max-video-preview:-1"},"canonical":"https:\/\/weiku.com.br\/de\/weiku-schulungszentrum-ein-raum-fuer-professionelle-weiterbildung\/","og_locale":"de_DE","og_type":"article","og_title":"Weiku-Schulungszentrum: Ein Raum f\u00fcr professionelle Weiterbildung - Weiku","og_description":"Hallo Freunde der Weiku-Community, heute sprechen wir \u00fcber unser neues Schulungszentrum, einen Raum, der ganz der Weiterbildung unserer Fachkr\u00e4fte gewidmet ist. Das neue Schulungszentrum befindet sich in der Zentrale in Pomerode, wo die technischen Teams von Weiku do Brasil eine Woche lang praktische und theoretische Schulungen zu allen vom Unternehmen vertriebenen Produkten erhalten. Derzeit verf\u00fcgt [&hellip;]","og_url":"https:\/\/weiku.com.br\/de\/weiku-schulungszentrum-ein-raum-fuer-professionelle-weiterbildung\/","og_site_name":"Weiku","article_published_time":"2021-08-13T11:49:43+00:00","article_modified_time":"2025-08-06T16:59:42+00:00","og_image":[{"width":1024,"height":736,"url":"https:\/\/weiku.com.br\/wp-content\/uploads\/2021\/08\/treinamento-weiku-1-2.jpg","type":"image\/jpeg"}],"author":"Mateus Fernandes","twitter_card":"summary_large_image","twitter_misc":{"Verfasst von":"Mateus Fernandes","Gesch\u00e4tzte Lesezeit":"1\u00a0Minute"},"schema":{"@context":"https:\/\/schema.org","@graph":[{"@type":"Article","@id":"https:\/\/weiku.com.br\/de\/weiku-schulungszentrum-ein-raum-fuer-professionelle-weiterbildung\/#article","isPartOf":{"@id":"https:\/\/weiku.com.br\/de\/weiku-schulungszentrum-ein-raum-fuer-professionelle-weiterbildung\/"},"author":{"name":"Mateus Fernandes","@id":"https:\/\/weiku.com.br\/de\/#\/schema\/person\/a15df1b49db4f0c34776a50f6a0ba70d"},"headline":"Weiku-Schulungszentrum: Ein Raum f\u00fcr professionelle Weiterbildung","datePublished":"2021-08-13T11:49:43+00:00","dateModified":"2025-08-06T16:59:42+00:00","mainEntityOfPage":{"@id":"https:\/\/weiku.com.br\/de\/weiku-schulungszentrum-ein-raum-fuer-professionelle-weiterbildung\/"},"wordCount":142,"image":{"@id":"https:\/\/weiku.com.br\/de\/weiku-schulungszentrum-ein-raum-fuer-professionelle-weiterbildung\/#primaryimage"},"thumbnailUrl":"https:\/\/weiku.com.br\/wp-content\/uploads\/2021\/08\/treinamento-weiku-1-2.jpg","articleSection":["Nicht kategorisiert"],"inLanguage":"de"},{"@type":"WebPage","@id":"https:\/\/weiku.com.br\/de\/weiku-schulungszentrum-ein-raum-fuer-professionelle-weiterbildung\/","url":"https:\/\/weiku.com.br\/de\/weiku-schulungszentrum-ein-raum-fuer-professionelle-weiterbildung\/","name":"Weiku-Schulungszentrum: Ein Raum f\u00fcr professionelle Weiterbildung - Weiku","isPartOf":{"@id":"https:\/\/weiku.com.br\/de\/#website"},"primaryImageOfPage":{"@id":"https:\/\/weiku.com.br\/de\/weiku-schulungszentrum-ein-raum-fuer-professionelle-weiterbildung\/#primaryimage"},"image":{"@id":"https:\/\/weiku.com.br\/de\/weiku-schulungszentrum-ein-raum-fuer-professionelle-weiterbildung\/#primaryimage"},"thumbnailUrl":"https:\/\/weiku.com.br\/wp-content\/uploads\/2021\/08\/treinamento-weiku-1-2.jpg","datePublished":"2021-08-13T11:49:43+00:00","dateModified":"2025-08-06T16:59:42+00:00","author":{"@id":"https:\/\/weiku.com.br\/de\/#\/schema\/person\/a15df1b49db4f0c34776a50f6a0ba70d"},"breadcrumb":{"@id":"https:\/\/weiku.com.br\/de\/weiku-schulungszentrum-ein-raum-fuer-professionelle-weiterbildung\/#breadcrumb"},"inLanguage":"de","potentialAction":[{"@type":"ReadAction","target":["https:\/\/weiku.com.br\/de\/weiku-schulungszentrum-ein-raum-fuer-professionelle-weiterbildung\/"]}]},{"@type":"ImageObject","inLanguage":"de","@id":"https:\/\/weiku.com.br\/de\/weiku-schulungszentrum-ein-raum-fuer-professionelle-weiterbildung\/#primaryimage","url":"https:\/\/weiku.com.br\/wp-content\/uploads\/2021\/08\/treinamento-weiku-1-2.jpg","contentUrl":"https:\/\/weiku.com.br\/wp-content\/uploads\/2021\/08\/treinamento-weiku-1-2.jpg","width":1024,"height":736},{"@type":"BreadcrumbList","@id":"https:\/\/weiku.com.br\/de\/weiku-schulungszentrum-ein-raum-fuer-professionelle-weiterbildung\/#breadcrumb","itemListElement":[{"@type":"ListItem","position":1,"name":"In\u00edcio","item":"https:\/\/weiku.com.br\/de\/"},{"@type":"ListItem","position":2,"name":"Weiku-Schulungszentrum: Ein Raum f\u00fcr professionelle Weiterbildung"}]},{"@type":"WebSite","@id":"https:\/\/weiku.com.br\/de\/#website","url":"https:\/\/weiku.com.br\/de\/","name":"Weiku","description":"Esquadrias de PVC - Weiku do Brasil","potentialAction":[{"@type":"SearchAction","target":{"@type":"EntryPoint","urlTemplate":"https:\/\/weiku.com.br\/de\/?s={search_term_string}"},"query-input":{"@type":"PropertyValueSpecification","valueRequired":true,"valueName":"search_term_string"}}],"inLanguage":"de"},{"@type":"Person","@id":"https:\/\/weiku.com.br\/de\/#\/schema\/person\/a15df1b49db4f0c34776a50f6a0ba70d","name":"Mateus Fernandes","image":{"@type":"ImageObject","inLanguage":"de","@id":"https:\/\/weiku.com.br\/wp-content\/litespeed\/avatar\/900ee9f544fa1ea84bffb5ef4c3394f3.jpg?ver=1777254458","url":"https:\/\/weiku.com.br\/wp-content\/litespeed\/avatar\/900ee9f544fa1ea84bffb5ef4c3394f3.jpg?ver=1777254458","contentUrl":"https:\/\/weiku.com.br\/wp-content\/litespeed\/avatar\/900ee9f544fa1ea84bffb5ef4c3394f3.jpg?ver=1777254458","caption":"Mateus Fernandes"},"sameAs":["http:\/\/www.weiku.com.br"],"url":"https:\/\/weiku.com.br\/de\/author\/mateus\/"}]}},"_links":{"self":[{"href":"https:\/\/weiku.com.br\/de\/wp-json\/wp\/v2\/posts\/32535","targetHints":{"allow":["GET"]}}],"collection":[{"href":"https:\/\/weiku.com.br\/de\/wp-json\/wp\/v2\/posts"}],"about":[{"href":"https:\/\/weiku.com.br\/de\/wp-json\/wp\/v2\/types\/post"}],"author":[{"embeddable":true,"href":"https:\/\/weiku.com.br\/de\/wp-json\/wp\/v2\/users\/35"}],"replies":[{"embeddable":true,"href":"https:\/\/weiku.com.br\/de\/wp-json\/wp\/v2\/comments?post=32535"}],"version-history":[{"count":1,"href":"https:\/\/weiku.com.br\/de\/wp-json\/wp\/v2\/posts\/32535\/revisions"}],"predecessor-version":[{"id":32536,"href":"https:\/\/weiku.com.br\/de\/wp-json\/wp\/v2\/posts\/32535\/revisions\/32536"}],"wp:featuredmedia":[{"embeddable":true,"href":"https:\/\/weiku.com.br\/de\/wp-json\/wp\/v2\/media\/24786"}],"wp:attachment":[{"href":"https:\/\/weiku.com.br\/de\/wp-json\/wp\/v2\/media?parent=32535"}],"wp:term":[{"taxonomy":"category","embeddable":true,"href":"https:\/\/weiku.com.br\/de\/wp-json\/wp\/v2\/categories?post=32535"},{"taxonomy":"post_tag","embeddable":true,"href":"https:\/\/weiku.com.br\/de\/wp-json\/wp\/v2\/tags?post=32535"}],"curies":[{"name":"wp","href":"https:\/\/api.w.org\/{rel}","templated":true}]}}