{"id":32529,"date":"2021-08-27T08:00:00","date_gmt":"2021-08-27T11:00:00","guid":{"rendered":"https:\/\/weiku.com.br\/raumgestaltung-die-vorteile-von-jalousien\/"},"modified":"2021-08-27T08:00:00","modified_gmt":"2021-08-27T11:00:00","slug":"raumgestaltung-die-vorteile-von-jalousien","status":"publish","type":"post","link":"https:\/\/weiku.com.br\/de\/raumgestaltung-die-vorteile-von-jalousien\/","title":{"rendered":"Raumgestaltung: Die Vorteile von Jalousien"},"content":{"rendered":"<p style=\"text-align: justify;\">Bei der <strong>Gestaltung <\/strong>eines Raumes werden verschiedene Aspekte ber\u00fccksichtigt, wie die <strong>Kombinationsm\u00f6glichkeiten<\/strong>, <strong>Farben <\/strong>und <strong>Materialien<\/strong>, die verwendet werden sollen. Auch das <strong>Wohlbefinden <\/strong>und die <strong>Ruhe <\/strong>spielen eine wichtige Rolle, die durch angenehme Temperatur und Licht sowie die Vermeidung von L\u00e4rm beeinflusst werden. <\/p>\n<p style=\"text-align: justify;\">Daraus ergeben sich Fragen zur Verwendung von <strong>Gardinen <\/strong>oder <strong>Jalousien<\/strong>: Wo passen sie besser? Welche soll man w\u00e4hlen? Welcher Stoff ist am besten geeignet? Es gibt viele Modelle beider Varianten, die sich ausgewogen an jeden Raumtyp anpassen.   <\/p>\n<p><img loading=\"lazy\" decoding=\"async\" class=\"alignnone wp-image-13899 size-full\" src=\"https:\/\/weiku.com.br\/wp-content\/uploads\/2014\/09\/IMG_5530-scaled-3.jpg\" alt=\"\" width=\"2560\" height=\"1707\"><\/p>\n<p style=\"text-align: justify;\">Die Wahl h\u00e4ngt daher von wichtigen <strong>Funktionen<\/strong> ab, wie z. B. Lichtblockierung, Lichtreduktion, L\u00e4rm- oder W\u00e4rmed\u00e4mmung, Sichtschutz, Praktikabilit\u00e4t usw.<\/p>\n<p style=\"text-align: justify;\">Gardinen und Jalousien haben jeweils ihre <strong>Funktion<\/strong> und tragen <strong>positiv <\/strong>zur Atmosph\u00e4re bei. W\u00e4hrend <strong>Gardinen <\/strong>etwa Wohnr\u00e4umen eine <strong>elegante<\/strong> Note verleihen, wirken <strong>Jalousien<\/strong> <strong>klassisch <\/strong>in Gesch\u00e4ftsr\u00e4umen, wo Praktikabilit\u00e4t der Schl\u00fcssel ist. <\/p>\n<p><img loading=\"lazy\" decoding=\"async\" class=\"alignnone size-full wp-image-13902\" src=\"https:\/\/weiku.com.br\/wp-content\/uploads\/2014\/09\/IMG_8319-scaled-2.jpg\" alt=\"\" width=\"2560\" height=\"1707\"><\/p>\n<p style=\"text-align: justify;\">Die <strong>Jalousien von Weiku<\/strong> zeichnen sich besonders durch ihre Dichtheit, Robustheit, einfache Reinigung, thermische Isolierung und innovatives Design aus. Sie sind ideal f\u00fcr R\u00e4ume mit st\u00e4ndigem Sonneneinfall, da sie Licht blockieren und mehr Privatsph\u00e4re sowie Komfort bieten. <\/p>\n<p style=\"text-align: justify;\">Das von Weiku angebotene <strong>System <\/strong>ist praktisch und modern: Die Bedienung kann <strong>manuell<\/strong>, <strong>elektrisch <\/strong>(per Fernbedienung oder Schalter) oder <strong>automatisiert<\/strong> erfolgen. Diese Motorisierung sorgt f\u00fcr zus\u00e4tzlichen Komfort, ebenso wie das \u201eTimer\u201c-System, das ideal f\u00fcr Sicherheit bei Reisen oder Urlaub ist. <\/p>\n<p><img loading=\"lazy\" decoding=\"async\" class=\"alignnone size-full wp-image-13901\" src=\"https:\/\/weiku.com.br\/wp-content\/uploads\/2014\/09\/IMG_5485-scaled-2.jpg\" alt=\"\" width=\"2560\" height=\"1707\"><\/p>\n<p>Die Modelle reichen von<strong> Rolljalousien<\/strong>, die zu jedem Raum passen, bis hin zu <strong>Mikrojalousien zwischen zwei Glasscheiben<\/strong> (siehe Foto oben), die einen absoluten Schutz gegen Schmutz, Mikroorganismen usw. bieten.<\/p>\n<p><strong>Weiku-Tipp:<\/strong> Kombinieren Sie Gardinen und Jalousien f\u00fcr einen vollst\u00e4ndigen Raum. Au\u00dfen Jalousien von Weiku, innen dekorative Gardinen. Das Ergebnis ist klassisch, zugleich elegant und modern.  <\/p>\n<p>Besuchen Sie unsere Website und erfahren Sie mehr \u00fcber die Technologie der Weiku-Jalousien: <a href=\"https:\/\/weiku.cordilheiramidias.com\/persianas-2\/\" target=\"_blank\" rel=\"noopener\"><strong>Hier klicken.<\/strong><\/a><\/p>\n<p style=\"text-align: justify;\">\n","protected":false},"excerpt":{"rendered":"<p>Bei der Gestaltung eines Raumes werden verschiedene Aspekte ber\u00fccksichtigt, wie die Kombinationsm\u00f6glichkeiten, Farben und Materialien, die verwendet werden sollen. Auch das Wohlbefinden und die Ruhe spielen eine wichtige Rolle, die durch angenehme Temperatur und Licht sowie die Vermeidung von L\u00e4rm beeinflusst werden. Daraus ergeben sich Fragen zur Verwendung von Gardinen oder Jalousien: Wo passen sie [&hellip;]<\/p>\n","protected":false},"author":35,"featured_media":24794,"comment_status":"open","ping_status":"open","sticky":false,"template":"","format":"standard","meta":{"_acf_changed":false,"footnotes":""},"categories":[866,842,867,760],"tags":[764,868,869,871,870],"class_list":["post-32529","post","type-post","status-publish","format-standard","has-post-thumbnail","hentry","category-dekoration","category-fenstern","category-tipps","category-weiku-de","tag-dekoration","tag-gardinen","tag-jalousien","tag-tipps","tag-weiku-jalousien"],"acf":[],"yoast_head":"<!-- This site is optimized with the Yoast SEO plugin v27.3 - https:\/\/yoast.com\/product\/yoast-seo-wordpress\/ -->\n<title>Raumgestaltung: Die Vorteile von Jalousien - Weiku<\/title>\n<meta name=\"robots\" content=\"index, follow, max-snippet:-1, max-image-preview:large, max-video-preview:-1\" \/>\n<link rel=\"canonical\" href=\"https:\/\/weiku.com.br\/de\/raumgestaltung-die-vorteile-von-jalousien\/\" \/>\n<meta property=\"og:locale\" content=\"de_DE\" \/>\n<meta property=\"og:type\" content=\"article\" \/>\n<meta property=\"og:title\" content=\"Raumgestaltung: Die Vorteile von Jalousien - Weiku\" \/>\n<meta property=\"og:description\" content=\"Bei der Gestaltung eines Raumes werden verschiedene Aspekte ber\u00fccksichtigt, wie die Kombinationsm\u00f6glichkeiten, Farben und Materialien, die verwendet werden sollen. Auch das Wohlbefinden und die Ruhe spielen eine wichtige Rolle, die durch angenehme Temperatur und Licht sowie die Vermeidung von L\u00e4rm beeinflusst werden. Daraus ergeben sich Fragen zur Verwendung von Gardinen oder Jalousien: Wo passen sie [&hellip;]\" \/>\n<meta property=\"og:url\" content=\"https:\/\/weiku.com.br\/de\/raumgestaltung-die-vorteile-von-jalousien\/\" \/>\n<meta property=\"og:site_name\" content=\"Weiku\" \/>\n<meta property=\"article:published_time\" content=\"2021-08-27T11:00:00+00:00\" \/>\n<meta property=\"og:image\" content=\"https:\/\/weiku.com.br\/wp-content\/uploads\/2014\/09\/IMG_5530-scaled-3.jpg\" \/>\n\t<meta property=\"og:image:width\" content=\"1600\" \/>\n\t<meta property=\"og:image:height\" content=\"1067\" \/>\n\t<meta property=\"og:image:type\" content=\"image\/jpeg\" \/>\n<meta name=\"author\" content=\"Mateus Fernandes\" \/>\n<meta name=\"twitter:card\" content=\"summary_large_image\" \/>\n<meta name=\"twitter:label1\" content=\"Verfasst von\" \/>\n\t<meta name=\"twitter:data1\" content=\"Mateus Fernandes\" \/>\n\t<meta name=\"twitter:label2\" content=\"Gesch\u00e4tzte Lesezeit\" \/>\n\t<meta name=\"twitter:data2\" content=\"2\u00a0Minuten\" \/>\n<script type=\"application\/ld+json\" class=\"yoast-schema-graph\">{\"@context\":\"https:\\\/\\\/schema.org\",\"@graph\":[{\"@type\":\"Article\",\"@id\":\"https:\\\/\\\/weiku.com.br\\\/de\\\/raumgestaltung-die-vorteile-von-jalousien\\\/#article\",\"isPartOf\":{\"@id\":\"https:\\\/\\\/weiku.com.br\\\/de\\\/raumgestaltung-die-vorteile-von-jalousien\\\/\"},\"author\":{\"name\":\"Mateus Fernandes\",\"@id\":\"https:\\\/\\\/weiku.com.br\\\/de\\\/#\\\/schema\\\/person\\\/a15df1b49db4f0c34776a50f6a0ba70d\"},\"headline\":\"Raumgestaltung: Die Vorteile von Jalousien\",\"datePublished\":\"2021-08-27T11:00:00+00:00\",\"mainEntityOfPage\":{\"@id\":\"https:\\\/\\\/weiku.com.br\\\/de\\\/raumgestaltung-die-vorteile-von-jalousien\\\/\"},\"wordCount\":307,\"commentCount\":0,\"image\":{\"@id\":\"https:\\\/\\\/weiku.com.br\\\/de\\\/raumgestaltung-die-vorteile-von-jalousien\\\/#primaryimage\"},\"thumbnailUrl\":\"https:\\\/\\\/weiku.com.br\\\/wp-content\\\/uploads\\\/2014\\\/09\\\/IMG_5530-scaled-3.jpg\",\"keywords\":[\"Dekoration\",\"Gardinen\",\"Jalousien\",\"Tipps\",\"Weiku-Jalousien\"],\"articleSection\":[\"Dekoration\",\"Fenstern\",\"Tipps\",\"Weiku\"],\"inLanguage\":\"de\",\"potentialAction\":[{\"@type\":\"CommentAction\",\"name\":\"Comment\",\"target\":[\"https:\\\/\\\/weiku.com.br\\\/de\\\/raumgestaltung-die-vorteile-von-jalousien\\\/#respond\"]}]},{\"@type\":\"WebPage\",\"@id\":\"https:\\\/\\\/weiku.com.br\\\/de\\\/raumgestaltung-die-vorteile-von-jalousien\\\/\",\"url\":\"https:\\\/\\\/weiku.com.br\\\/de\\\/raumgestaltung-die-vorteile-von-jalousien\\\/\",\"name\":\"Raumgestaltung: Die Vorteile von Jalousien - Weiku\",\"isPartOf\":{\"@id\":\"https:\\\/\\\/weiku.com.br\\\/de\\\/#website\"},\"primaryImageOfPage\":{\"@id\":\"https:\\\/\\\/weiku.com.br\\\/de\\\/raumgestaltung-die-vorteile-von-jalousien\\\/#primaryimage\"},\"image\":{\"@id\":\"https:\\\/\\\/weiku.com.br\\\/de\\\/raumgestaltung-die-vorteile-von-jalousien\\\/#primaryimage\"},\"thumbnailUrl\":\"https:\\\/\\\/weiku.com.br\\\/wp-content\\\/uploads\\\/2014\\\/09\\\/IMG_5530-scaled-3.jpg\",\"datePublished\":\"2021-08-27T11:00:00+00:00\",\"author\":{\"@id\":\"https:\\\/\\\/weiku.com.br\\\/de\\\/#\\\/schema\\\/person\\\/a15df1b49db4f0c34776a50f6a0ba70d\"},\"breadcrumb\":{\"@id\":\"https:\\\/\\\/weiku.com.br\\\/de\\\/raumgestaltung-die-vorteile-von-jalousien\\\/#breadcrumb\"},\"inLanguage\":\"de\",\"potentialAction\":[{\"@type\":\"ReadAction\",\"target\":[\"https:\\\/\\\/weiku.com.br\\\/de\\\/raumgestaltung-die-vorteile-von-jalousien\\\/\"]}]},{\"@type\":\"ImageObject\",\"inLanguage\":\"de\",\"@id\":\"https:\\\/\\\/weiku.com.br\\\/de\\\/raumgestaltung-die-vorteile-von-jalousien\\\/#primaryimage\",\"url\":\"https:\\\/\\\/weiku.com.br\\\/wp-content\\\/uploads\\\/2014\\\/09\\\/IMG_5530-scaled-3.jpg\",\"contentUrl\":\"https:\\\/\\\/weiku.com.br\\\/wp-content\\\/uploads\\\/2014\\\/09\\\/IMG_5530-scaled-3.jpg\",\"width\":1600,\"height\":1067},{\"@type\":\"BreadcrumbList\",\"@id\":\"https:\\\/\\\/weiku.com.br\\\/de\\\/raumgestaltung-die-vorteile-von-jalousien\\\/#breadcrumb\",\"itemListElement\":[{\"@type\":\"ListItem\",\"position\":1,\"name\":\"In\u00edcio\",\"item\":\"https:\\\/\\\/weiku.com.br\\\/de\\\/\"},{\"@type\":\"ListItem\",\"position\":2,\"name\":\"Raumgestaltung: Die Vorteile von Jalousien\"}]},{\"@type\":\"WebSite\",\"@id\":\"https:\\\/\\\/weiku.com.br\\\/de\\\/#website\",\"url\":\"https:\\\/\\\/weiku.com.br\\\/de\\\/\",\"name\":\"Weiku\",\"description\":\"Esquadrias de PVC - Weiku do Brasil\",\"potentialAction\":[{\"@type\":\"SearchAction\",\"target\":{\"@type\":\"EntryPoint\",\"urlTemplate\":\"https:\\\/\\\/weiku.com.br\\\/de\\\/?s={search_term_string}\"},\"query-input\":{\"@type\":\"PropertyValueSpecification\",\"valueRequired\":true,\"valueName\":\"search_term_string\"}}],\"inLanguage\":\"de\"},{\"@type\":\"Person\",\"@id\":\"https:\\\/\\\/weiku.com.br\\\/de\\\/#\\\/schema\\\/person\\\/a15df1b49db4f0c34776a50f6a0ba70d\",\"name\":\"Mateus Fernandes\",\"image\":{\"@type\":\"ImageObject\",\"inLanguage\":\"de\",\"@id\":\"https:\\\/\\\/weiku.com.br\\\/wp-content\\\/litespeed\\\/avatar\\\/900ee9f544fa1ea84bffb5ef4c3394f3.jpg?ver=1777254458\",\"url\":\"https:\\\/\\\/weiku.com.br\\\/wp-content\\\/litespeed\\\/avatar\\\/900ee9f544fa1ea84bffb5ef4c3394f3.jpg?ver=1777254458\",\"contentUrl\":\"https:\\\/\\\/weiku.com.br\\\/wp-content\\\/litespeed\\\/avatar\\\/900ee9f544fa1ea84bffb5ef4c3394f3.jpg?ver=1777254458\",\"caption\":\"Mateus Fernandes\"},\"sameAs\":[\"http:\\\/\\\/www.weiku.com.br\"],\"url\":\"https:\\\/\\\/weiku.com.br\\\/de\\\/author\\\/mateus\\\/\"}]}<\/script>\n<!-- \/ Yoast SEO plugin. -->","yoast_head_json":{"title":"Raumgestaltung: Die Vorteile von Jalousien - Weiku","robots":{"index":"index","follow":"follow","max-snippet":"max-snippet:-1","max-image-preview":"max-image-preview:large","max-video-preview":"max-video-preview:-1"},"canonical":"https:\/\/weiku.com.br\/de\/raumgestaltung-die-vorteile-von-jalousien\/","og_locale":"de_DE","og_type":"article","og_title":"Raumgestaltung: Die Vorteile von Jalousien - Weiku","og_description":"Bei der Gestaltung eines Raumes werden verschiedene Aspekte ber\u00fccksichtigt, wie die Kombinationsm\u00f6glichkeiten, Farben und Materialien, die verwendet werden sollen. Auch das Wohlbefinden und die Ruhe spielen eine wichtige Rolle, die durch angenehme Temperatur und Licht sowie die Vermeidung von L\u00e4rm beeinflusst werden. Daraus ergeben sich Fragen zur Verwendung von Gardinen oder Jalousien: Wo passen sie [&hellip;]","og_url":"https:\/\/weiku.com.br\/de\/raumgestaltung-die-vorteile-von-jalousien\/","og_site_name":"Weiku","article_published_time":"2021-08-27T11:00:00+00:00","og_image":[{"width":1600,"height":1067,"url":"https:\/\/weiku.com.br\/wp-content\/uploads\/2014\/09\/IMG_5530-scaled-3.jpg","type":"image\/jpeg"}],"author":"Mateus Fernandes","twitter_card":"summary_large_image","twitter_misc":{"Verfasst von":"Mateus Fernandes","Gesch\u00e4tzte Lesezeit":"2\u00a0Minuten"},"schema":{"@context":"https:\/\/schema.org","@graph":[{"@type":"Article","@id":"https:\/\/weiku.com.br\/de\/raumgestaltung-die-vorteile-von-jalousien\/#article","isPartOf":{"@id":"https:\/\/weiku.com.br\/de\/raumgestaltung-die-vorteile-von-jalousien\/"},"author":{"name":"Mateus Fernandes","@id":"https:\/\/weiku.com.br\/de\/#\/schema\/person\/a15df1b49db4f0c34776a50f6a0ba70d"},"headline":"Raumgestaltung: Die Vorteile von Jalousien","datePublished":"2021-08-27T11:00:00+00:00","mainEntityOfPage":{"@id":"https:\/\/weiku.com.br\/de\/raumgestaltung-die-vorteile-von-jalousien\/"},"wordCount":307,"commentCount":0,"image":{"@id":"https:\/\/weiku.com.br\/de\/raumgestaltung-die-vorteile-von-jalousien\/#primaryimage"},"thumbnailUrl":"https:\/\/weiku.com.br\/wp-content\/uploads\/2014\/09\/IMG_5530-scaled-3.jpg","keywords":["Dekoration","Gardinen","Jalousien","Tipps","Weiku-Jalousien"],"articleSection":["Dekoration","Fenstern","Tipps","Weiku"],"inLanguage":"de","potentialAction":[{"@type":"CommentAction","name":"Comment","target":["https:\/\/weiku.com.br\/de\/raumgestaltung-die-vorteile-von-jalousien\/#respond"]}]},{"@type":"WebPage","@id":"https:\/\/weiku.com.br\/de\/raumgestaltung-die-vorteile-von-jalousien\/","url":"https:\/\/weiku.com.br\/de\/raumgestaltung-die-vorteile-von-jalousien\/","name":"Raumgestaltung: Die Vorteile von Jalousien - Weiku","isPartOf":{"@id":"https:\/\/weiku.com.br\/de\/#website"},"primaryImageOfPage":{"@id":"https:\/\/weiku.com.br\/de\/raumgestaltung-die-vorteile-von-jalousien\/#primaryimage"},"image":{"@id":"https:\/\/weiku.com.br\/de\/raumgestaltung-die-vorteile-von-jalousien\/#primaryimage"},"thumbnailUrl":"https:\/\/weiku.com.br\/wp-content\/uploads\/2014\/09\/IMG_5530-scaled-3.jpg","datePublished":"2021-08-27T11:00:00+00:00","author":{"@id":"https:\/\/weiku.com.br\/de\/#\/schema\/person\/a15df1b49db4f0c34776a50f6a0ba70d"},"breadcrumb":{"@id":"https:\/\/weiku.com.br\/de\/raumgestaltung-die-vorteile-von-jalousien\/#breadcrumb"},"inLanguage":"de","potentialAction":[{"@type":"ReadAction","target":["https:\/\/weiku.com.br\/de\/raumgestaltung-die-vorteile-von-jalousien\/"]}]},{"@type":"ImageObject","inLanguage":"de","@id":"https:\/\/weiku.com.br\/de\/raumgestaltung-die-vorteile-von-jalousien\/#primaryimage","url":"https:\/\/weiku.com.br\/wp-content\/uploads\/2014\/09\/IMG_5530-scaled-3.jpg","contentUrl":"https:\/\/weiku.com.br\/wp-content\/uploads\/2014\/09\/IMG_5530-scaled-3.jpg","width":1600,"height":1067},{"@type":"BreadcrumbList","@id":"https:\/\/weiku.com.br\/de\/raumgestaltung-die-vorteile-von-jalousien\/#breadcrumb","itemListElement":[{"@type":"ListItem","position":1,"name":"In\u00edcio","item":"https:\/\/weiku.com.br\/de\/"},{"@type":"ListItem","position":2,"name":"Raumgestaltung: Die Vorteile von Jalousien"}]},{"@type":"WebSite","@id":"https:\/\/weiku.com.br\/de\/#website","url":"https:\/\/weiku.com.br\/de\/","name":"Weiku","description":"Esquadrias de PVC - Weiku do Brasil","potentialAction":[{"@type":"SearchAction","target":{"@type":"EntryPoint","urlTemplate":"https:\/\/weiku.com.br\/de\/?s={search_term_string}"},"query-input":{"@type":"PropertyValueSpecification","valueRequired":true,"valueName":"search_term_string"}}],"inLanguage":"de"},{"@type":"Person","@id":"https:\/\/weiku.com.br\/de\/#\/schema\/person\/a15df1b49db4f0c34776a50f6a0ba70d","name":"Mateus Fernandes","image":{"@type":"ImageObject","inLanguage":"de","@id":"https:\/\/weiku.com.br\/wp-content\/litespeed\/avatar\/900ee9f544fa1ea84bffb5ef4c3394f3.jpg?ver=1777254458","url":"https:\/\/weiku.com.br\/wp-content\/litespeed\/avatar\/900ee9f544fa1ea84bffb5ef4c3394f3.jpg?ver=1777254458","contentUrl":"https:\/\/weiku.com.br\/wp-content\/litespeed\/avatar\/900ee9f544fa1ea84bffb5ef4c3394f3.jpg?ver=1777254458","caption":"Mateus Fernandes"},"sameAs":["http:\/\/www.weiku.com.br"],"url":"https:\/\/weiku.com.br\/de\/author\/mateus\/"}]}},"_links":{"self":[{"href":"https:\/\/weiku.com.br\/de\/wp-json\/wp\/v2\/posts\/32529","targetHints":{"allow":["GET"]}}],"collection":[{"href":"https:\/\/weiku.com.br\/de\/wp-json\/wp\/v2\/posts"}],"about":[{"href":"https:\/\/weiku.com.br\/de\/wp-json\/wp\/v2\/types\/post"}],"author":[{"embeddable":true,"href":"https:\/\/weiku.com.br\/de\/wp-json\/wp\/v2\/users\/35"}],"replies":[{"embeddable":true,"href":"https:\/\/weiku.com.br\/de\/wp-json\/wp\/v2\/comments?post=32529"}],"version-history":[{"count":0,"href":"https:\/\/weiku.com.br\/de\/wp-json\/wp\/v2\/posts\/32529\/revisions"}],"wp:featuredmedia":[{"embeddable":true,"href":"https:\/\/weiku.com.br\/de\/wp-json\/wp\/v2\/media\/24794"}],"wp:attachment":[{"href":"https:\/\/weiku.com.br\/de\/wp-json\/wp\/v2\/media?parent=32529"}],"wp:term":[{"taxonomy":"category","embeddable":true,"href":"https:\/\/weiku.com.br\/de\/wp-json\/wp\/v2\/categories?post=32529"},{"taxonomy":"post_tag","embeddable":true,"href":"https:\/\/weiku.com.br\/de\/wp-json\/wp\/v2\/tags?post=32529"}],"curies":[{"name":"wp","href":"https:\/\/api.w.org\/{rel}","templated":true}]}}