{"id":32498,"date":"2021-10-29T08:00:00","date_gmt":"2021-10-29T11:00:00","guid":{"rendered":"https:\/\/weiku.com.br\/smart-window-der-podcast-von-weiku\/"},"modified":"2025-08-05T14:54:22","modified_gmt":"2025-08-05T17:54:22","slug":"smart-window-der-podcast-von-weiku","status":"publish","type":"post","link":"https:\/\/weiku.com.br\/de\/smart-window-der-podcast-von-weiku\/","title":{"rendered":"Smart Window \u2013 Der Podcast von Weiku"},"content":{"rendered":"\n<figure class=\"wp-block-image size-large\"><img decoding=\"async\" src=\"https:\/\/weiku.com.br\/wp-content\/uploads\/2021\/10\/morning-tech-air-radio-stream-coffee-edited-scaled-2.jpg\" alt=\"\" class=\"wp-image-14237\"\/><\/figure>\n\n<p>Immer mehr Brasilianer interessieren sich f\u00fcr Podcasts. F\u00fcr diejenigen, die es nicht kennen: Podcasts sind Audioinhalte. Diese Art von Content wird immer pr\u00e4senter, da man Informationen zu verschiedenen Zeiten konsumieren kann, z. B. im Stra\u00dfenverkehr oder bei langen Wartezeiten. <\/p>\n\n<p>Am 21. Oktober ver\u00f6ffentlichte Weiku seinen ersten Podcast, Smart Window, der sich mit dem Thema Fensterrahmen, Nachhaltigkeit und allgemeinen Interessantes besch\u00e4ftigt \u2013 mit besonderen G\u00e4sten. <\/p>\n\n<p>Die erste Folge kann vollst\u00e4ndig auf Spotify geh\u00f6rt oder auf YouTube angesehen werden. Das Thema \u201eDeutschland vs. Brasilien\u201c wird mit Michael Lochner besprochen, der in Deutschland geboren wurde und \u00fcber die Unterschiede bei Fensterrahmen und Bed\u00fcrfnissen beider L\u00e4nder berichtet. <\/p>\n\n<p>Sehen Sie sich das an:<\/p>\n\n<figure class=\"wp-block-embed is-type-rich is-provider-spotify wp-block-embed-spotify wp-embed-aspect-21-9 wp-has-aspect-ratio\"><div class=\"wp-block-embed__wrapper\">\n<iframe title=\"Spotify Embed: Alemanha x Brasil nas constru\u00e7\u00f5es - Smart Window Podcast\" style=\"border-radius: 12px\" width=\"100%\" height=\"152\" frameborder=\"0\" allowfullscreen allow=\"autoplay; clipboard-write; encrypted-media; fullscreen; picture-in-picture\" loading=\"lazy\" src=\"https:\/\/open.spotify.com\/embed\/episode\/1P8NOFOPH7F1qvvIljUeyi?si=KLQ-LbxMTwmyh4Wsu-DScw&#038;utm_source=oembed\"><\/iframe>\n<\/div><\/figure>\n","protected":false},"excerpt":{"rendered":"<p>Immer mehr Brasilianer interessieren sich f\u00fcr Podcasts. F\u00fcr diejenigen, die es nicht kennen: Podcasts sind Audioinhalte. Diese Art von Content wird immer pr\u00e4senter, da man Informationen zu verschiedenen Zeiten konsumieren kann, z. B. im Stra\u00dfenverkehr oder bei langen Wartezeiten. Am 21. Oktober ver\u00f6ffentlichte Weiku seinen ersten Podcast, Smart Window, der sich mit dem Thema Fensterrahmen, [&hellip;]<\/p>\n","protected":false},"author":35,"featured_media":24854,"comment_status":"closed","ping_status":"open","sticky":false,"template":"","format":"standard","meta":{"_acf_changed":false,"footnotes":""},"categories":[760],"tags":[],"class_list":["post-32498","post","type-post","status-publish","format-standard","has-post-thumbnail","hentry","category-weiku-de"],"acf":[],"yoast_head":"<!-- This site is optimized with the Yoast SEO plugin v27.3 - https:\/\/yoast.com\/product\/yoast-seo-wordpress\/ -->\n<title>Smart Window \u2013 Der Podcast von Weiku - Weiku<\/title>\n<meta name=\"robots\" content=\"index, follow, max-snippet:-1, max-image-preview:large, max-video-preview:-1\" \/>\n<link rel=\"canonical\" href=\"https:\/\/weiku.com.br\/de\/smart-window-der-podcast-von-weiku\/\" \/>\n<meta property=\"og:locale\" content=\"de_DE\" \/>\n<meta property=\"og:type\" content=\"article\" \/>\n<meta property=\"og:title\" content=\"Smart Window \u2013 Der Podcast von Weiku - Weiku\" \/>\n<meta property=\"og:description\" content=\"Immer mehr Brasilianer interessieren sich f\u00fcr Podcasts. F\u00fcr diejenigen, die es nicht kennen: Podcasts sind Audioinhalte. Diese Art von Content wird immer pr\u00e4senter, da man Informationen zu verschiedenen Zeiten konsumieren kann, z. B. im Stra\u00dfenverkehr oder bei langen Wartezeiten. Am 21. Oktober ver\u00f6ffentlichte Weiku seinen ersten Podcast, Smart Window, der sich mit dem Thema Fensterrahmen, [&hellip;]\" \/>\n<meta property=\"og:url\" content=\"https:\/\/weiku.com.br\/de\/smart-window-der-podcast-von-weiku\/\" \/>\n<meta property=\"og:site_name\" content=\"Weiku\" \/>\n<meta property=\"article:published_time\" content=\"2021-10-29T11:00:00+00:00\" \/>\n<meta property=\"article:modified_time\" content=\"2025-08-05T17:54:22+00:00\" \/>\n<meta property=\"og:image\" content=\"https:\/\/weiku.com.br\/wp-content\/uploads\/2021\/10\/morning-tech-air-radio-stream-coffee-scaled-3.jpg\" \/>\n\t<meta property=\"og:image:width\" content=\"1600\" \/>\n\t<meta property=\"og:image:height\" content=\"1067\" \/>\n\t<meta property=\"og:image:type\" content=\"image\/jpeg\" \/>\n<meta name=\"author\" content=\"Mateus Fernandes\" \/>\n<meta name=\"twitter:card\" content=\"summary_large_image\" \/>\n<meta name=\"twitter:label1\" content=\"Verfasst von\" \/>\n\t<meta name=\"twitter:data1\" content=\"Mateus Fernandes\" \/>\n\t<meta name=\"twitter:label2\" content=\"Gesch\u00e4tzte Lesezeit\" \/>\n\t<meta name=\"twitter:data2\" content=\"1\u00a0Minute\" \/>\n<script type=\"application\/ld+json\" class=\"yoast-schema-graph\">{\"@context\":\"https:\\\/\\\/schema.org\",\"@graph\":[{\"@type\":\"Article\",\"@id\":\"https:\\\/\\\/weiku.com.br\\\/de\\\/smart-window-der-podcast-von-weiku\\\/#article\",\"isPartOf\":{\"@id\":\"https:\\\/\\\/weiku.com.br\\\/de\\\/smart-window-der-podcast-von-weiku\\\/\"},\"author\":{\"name\":\"Mateus Fernandes\",\"@id\":\"https:\\\/\\\/weiku.com.br\\\/de\\\/#\\\/schema\\\/person\\\/a15df1b49db4f0c34776a50f6a0ba70d\"},\"headline\":\"Smart Window \u2013 Der Podcast von Weiku\",\"datePublished\":\"2021-10-29T11:00:00+00:00\",\"dateModified\":\"2025-08-05T17:54:22+00:00\",\"mainEntityOfPage\":{\"@id\":\"https:\\\/\\\/weiku.com.br\\\/de\\\/smart-window-der-podcast-von-weiku\\\/\"},\"wordCount\":135,\"image\":{\"@id\":\"https:\\\/\\\/weiku.com.br\\\/de\\\/smart-window-der-podcast-von-weiku\\\/#primaryimage\"},\"thumbnailUrl\":\"https:\\\/\\\/weiku.com.br\\\/wp-content\\\/uploads\\\/2021\\\/10\\\/morning-tech-air-radio-stream-coffee-scaled-3.jpg\",\"articleSection\":[\"Weiku\"],\"inLanguage\":\"de\"},{\"@type\":\"WebPage\",\"@id\":\"https:\\\/\\\/weiku.com.br\\\/de\\\/smart-window-der-podcast-von-weiku\\\/\",\"url\":\"https:\\\/\\\/weiku.com.br\\\/de\\\/smart-window-der-podcast-von-weiku\\\/\",\"name\":\"Smart Window \u2013 Der Podcast von Weiku - Weiku\",\"isPartOf\":{\"@id\":\"https:\\\/\\\/weiku.com.br\\\/de\\\/#website\"},\"primaryImageOfPage\":{\"@id\":\"https:\\\/\\\/weiku.com.br\\\/de\\\/smart-window-der-podcast-von-weiku\\\/#primaryimage\"},\"image\":{\"@id\":\"https:\\\/\\\/weiku.com.br\\\/de\\\/smart-window-der-podcast-von-weiku\\\/#primaryimage\"},\"thumbnailUrl\":\"https:\\\/\\\/weiku.com.br\\\/wp-content\\\/uploads\\\/2021\\\/10\\\/morning-tech-air-radio-stream-coffee-scaled-3.jpg\",\"datePublished\":\"2021-10-29T11:00:00+00:00\",\"dateModified\":\"2025-08-05T17:54:22+00:00\",\"author\":{\"@id\":\"https:\\\/\\\/weiku.com.br\\\/de\\\/#\\\/schema\\\/person\\\/a15df1b49db4f0c34776a50f6a0ba70d\"},\"breadcrumb\":{\"@id\":\"https:\\\/\\\/weiku.com.br\\\/de\\\/smart-window-der-podcast-von-weiku\\\/#breadcrumb\"},\"inLanguage\":\"de\",\"potentialAction\":[{\"@type\":\"ReadAction\",\"target\":[\"https:\\\/\\\/weiku.com.br\\\/de\\\/smart-window-der-podcast-von-weiku\\\/\"]}]},{\"@type\":\"ImageObject\",\"inLanguage\":\"de\",\"@id\":\"https:\\\/\\\/weiku.com.br\\\/de\\\/smart-window-der-podcast-von-weiku\\\/#primaryimage\",\"url\":\"https:\\\/\\\/weiku.com.br\\\/wp-content\\\/uploads\\\/2021\\\/10\\\/morning-tech-air-radio-stream-coffee-scaled-3.jpg\",\"contentUrl\":\"https:\\\/\\\/weiku.com.br\\\/wp-content\\\/uploads\\\/2021\\\/10\\\/morning-tech-air-radio-stream-coffee-scaled-3.jpg\",\"width\":1600,\"height\":1067},{\"@type\":\"BreadcrumbList\",\"@id\":\"https:\\\/\\\/weiku.com.br\\\/de\\\/smart-window-der-podcast-von-weiku\\\/#breadcrumb\",\"itemListElement\":[{\"@type\":\"ListItem\",\"position\":1,\"name\":\"In\u00edcio\",\"item\":\"https:\\\/\\\/weiku.com.br\\\/de\\\/\"},{\"@type\":\"ListItem\",\"position\":2,\"name\":\"Smart Window \u2013 Der Podcast von Weiku\"}]},{\"@type\":\"WebSite\",\"@id\":\"https:\\\/\\\/weiku.com.br\\\/de\\\/#website\",\"url\":\"https:\\\/\\\/weiku.com.br\\\/de\\\/\",\"name\":\"Weiku\",\"description\":\"Esquadrias de PVC - Weiku do Brasil\",\"potentialAction\":[{\"@type\":\"SearchAction\",\"target\":{\"@type\":\"EntryPoint\",\"urlTemplate\":\"https:\\\/\\\/weiku.com.br\\\/de\\\/?s={search_term_string}\"},\"query-input\":{\"@type\":\"PropertyValueSpecification\",\"valueRequired\":true,\"valueName\":\"search_term_string\"}}],\"inLanguage\":\"de\"},{\"@type\":\"Person\",\"@id\":\"https:\\\/\\\/weiku.com.br\\\/de\\\/#\\\/schema\\\/person\\\/a15df1b49db4f0c34776a50f6a0ba70d\",\"name\":\"Mateus Fernandes\",\"image\":{\"@type\":\"ImageObject\",\"inLanguage\":\"de\",\"@id\":\"https:\\\/\\\/weiku.com.br\\\/wp-content\\\/litespeed\\\/avatar\\\/900ee9f544fa1ea84bffb5ef4c3394f3.jpg?ver=1777254458\",\"url\":\"https:\\\/\\\/weiku.com.br\\\/wp-content\\\/litespeed\\\/avatar\\\/900ee9f544fa1ea84bffb5ef4c3394f3.jpg?ver=1777254458\",\"contentUrl\":\"https:\\\/\\\/weiku.com.br\\\/wp-content\\\/litespeed\\\/avatar\\\/900ee9f544fa1ea84bffb5ef4c3394f3.jpg?ver=1777254458\",\"caption\":\"Mateus Fernandes\"},\"sameAs\":[\"http:\\\/\\\/www.weiku.com.br\"],\"url\":\"https:\\\/\\\/weiku.com.br\\\/de\\\/author\\\/mateus\\\/\"}]}<\/script>\n<!-- \/ Yoast SEO plugin. -->","yoast_head_json":{"title":"Smart Window \u2013 Der Podcast von Weiku - Weiku","robots":{"index":"index","follow":"follow","max-snippet":"max-snippet:-1","max-image-preview":"max-image-preview:large","max-video-preview":"max-video-preview:-1"},"canonical":"https:\/\/weiku.com.br\/de\/smart-window-der-podcast-von-weiku\/","og_locale":"de_DE","og_type":"article","og_title":"Smart Window \u2013 Der Podcast von Weiku - Weiku","og_description":"Immer mehr Brasilianer interessieren sich f\u00fcr Podcasts. F\u00fcr diejenigen, die es nicht kennen: Podcasts sind Audioinhalte. Diese Art von Content wird immer pr\u00e4senter, da man Informationen zu verschiedenen Zeiten konsumieren kann, z. B. im Stra\u00dfenverkehr oder bei langen Wartezeiten. Am 21. Oktober ver\u00f6ffentlichte Weiku seinen ersten Podcast, Smart Window, der sich mit dem Thema Fensterrahmen, [&hellip;]","og_url":"https:\/\/weiku.com.br\/de\/smart-window-der-podcast-von-weiku\/","og_site_name":"Weiku","article_published_time":"2021-10-29T11:00:00+00:00","article_modified_time":"2025-08-05T17:54:22+00:00","og_image":[{"width":1600,"height":1067,"url":"https:\/\/weiku.com.br\/wp-content\/uploads\/2021\/10\/morning-tech-air-radio-stream-coffee-scaled-3.jpg","type":"image\/jpeg"}],"author":"Mateus Fernandes","twitter_card":"summary_large_image","twitter_misc":{"Verfasst von":"Mateus Fernandes","Gesch\u00e4tzte Lesezeit":"1\u00a0Minute"},"schema":{"@context":"https:\/\/schema.org","@graph":[{"@type":"Article","@id":"https:\/\/weiku.com.br\/de\/smart-window-der-podcast-von-weiku\/#article","isPartOf":{"@id":"https:\/\/weiku.com.br\/de\/smart-window-der-podcast-von-weiku\/"},"author":{"name":"Mateus Fernandes","@id":"https:\/\/weiku.com.br\/de\/#\/schema\/person\/a15df1b49db4f0c34776a50f6a0ba70d"},"headline":"Smart Window \u2013 Der Podcast von Weiku","datePublished":"2021-10-29T11:00:00+00:00","dateModified":"2025-08-05T17:54:22+00:00","mainEntityOfPage":{"@id":"https:\/\/weiku.com.br\/de\/smart-window-der-podcast-von-weiku\/"},"wordCount":135,"image":{"@id":"https:\/\/weiku.com.br\/de\/smart-window-der-podcast-von-weiku\/#primaryimage"},"thumbnailUrl":"https:\/\/weiku.com.br\/wp-content\/uploads\/2021\/10\/morning-tech-air-radio-stream-coffee-scaled-3.jpg","articleSection":["Weiku"],"inLanguage":"de"},{"@type":"WebPage","@id":"https:\/\/weiku.com.br\/de\/smart-window-der-podcast-von-weiku\/","url":"https:\/\/weiku.com.br\/de\/smart-window-der-podcast-von-weiku\/","name":"Smart Window \u2013 Der Podcast von Weiku - Weiku","isPartOf":{"@id":"https:\/\/weiku.com.br\/de\/#website"},"primaryImageOfPage":{"@id":"https:\/\/weiku.com.br\/de\/smart-window-der-podcast-von-weiku\/#primaryimage"},"image":{"@id":"https:\/\/weiku.com.br\/de\/smart-window-der-podcast-von-weiku\/#primaryimage"},"thumbnailUrl":"https:\/\/weiku.com.br\/wp-content\/uploads\/2021\/10\/morning-tech-air-radio-stream-coffee-scaled-3.jpg","datePublished":"2021-10-29T11:00:00+00:00","dateModified":"2025-08-05T17:54:22+00:00","author":{"@id":"https:\/\/weiku.com.br\/de\/#\/schema\/person\/a15df1b49db4f0c34776a50f6a0ba70d"},"breadcrumb":{"@id":"https:\/\/weiku.com.br\/de\/smart-window-der-podcast-von-weiku\/#breadcrumb"},"inLanguage":"de","potentialAction":[{"@type":"ReadAction","target":["https:\/\/weiku.com.br\/de\/smart-window-der-podcast-von-weiku\/"]}]},{"@type":"ImageObject","inLanguage":"de","@id":"https:\/\/weiku.com.br\/de\/smart-window-der-podcast-von-weiku\/#primaryimage","url":"https:\/\/weiku.com.br\/wp-content\/uploads\/2021\/10\/morning-tech-air-radio-stream-coffee-scaled-3.jpg","contentUrl":"https:\/\/weiku.com.br\/wp-content\/uploads\/2021\/10\/morning-tech-air-radio-stream-coffee-scaled-3.jpg","width":1600,"height":1067},{"@type":"BreadcrumbList","@id":"https:\/\/weiku.com.br\/de\/smart-window-der-podcast-von-weiku\/#breadcrumb","itemListElement":[{"@type":"ListItem","position":1,"name":"In\u00edcio","item":"https:\/\/weiku.com.br\/de\/"},{"@type":"ListItem","position":2,"name":"Smart Window \u2013 Der Podcast von Weiku"}]},{"@type":"WebSite","@id":"https:\/\/weiku.com.br\/de\/#website","url":"https:\/\/weiku.com.br\/de\/","name":"Weiku","description":"Esquadrias de PVC - Weiku do Brasil","potentialAction":[{"@type":"SearchAction","target":{"@type":"EntryPoint","urlTemplate":"https:\/\/weiku.com.br\/de\/?s={search_term_string}"},"query-input":{"@type":"PropertyValueSpecification","valueRequired":true,"valueName":"search_term_string"}}],"inLanguage":"de"},{"@type":"Person","@id":"https:\/\/weiku.com.br\/de\/#\/schema\/person\/a15df1b49db4f0c34776a50f6a0ba70d","name":"Mateus Fernandes","image":{"@type":"ImageObject","inLanguage":"de","@id":"https:\/\/weiku.com.br\/wp-content\/litespeed\/avatar\/900ee9f544fa1ea84bffb5ef4c3394f3.jpg?ver=1777254458","url":"https:\/\/weiku.com.br\/wp-content\/litespeed\/avatar\/900ee9f544fa1ea84bffb5ef4c3394f3.jpg?ver=1777254458","contentUrl":"https:\/\/weiku.com.br\/wp-content\/litespeed\/avatar\/900ee9f544fa1ea84bffb5ef4c3394f3.jpg?ver=1777254458","caption":"Mateus Fernandes"},"sameAs":["http:\/\/www.weiku.com.br"],"url":"https:\/\/weiku.com.br\/de\/author\/mateus\/"}]}},"_links":{"self":[{"href":"https:\/\/weiku.com.br\/de\/wp-json\/wp\/v2\/posts\/32498","targetHints":{"allow":["GET"]}}],"collection":[{"href":"https:\/\/weiku.com.br\/de\/wp-json\/wp\/v2\/posts"}],"about":[{"href":"https:\/\/weiku.com.br\/de\/wp-json\/wp\/v2\/types\/post"}],"author":[{"embeddable":true,"href":"https:\/\/weiku.com.br\/de\/wp-json\/wp\/v2\/users\/35"}],"replies":[{"embeddable":true,"href":"https:\/\/weiku.com.br\/de\/wp-json\/wp\/v2\/comments?post=32498"}],"version-history":[{"count":1,"href":"https:\/\/weiku.com.br\/de\/wp-json\/wp\/v2\/posts\/32498\/revisions"}],"predecessor-version":[{"id":32499,"href":"https:\/\/weiku.com.br\/de\/wp-json\/wp\/v2\/posts\/32498\/revisions\/32499"}],"wp:featuredmedia":[{"embeddable":true,"href":"https:\/\/weiku.com.br\/de\/wp-json\/wp\/v2\/media\/24854"}],"wp:attachment":[{"href":"https:\/\/weiku.com.br\/de\/wp-json\/wp\/v2\/media?parent=32498"}],"wp:term":[{"taxonomy":"category","embeddable":true,"href":"https:\/\/weiku.com.br\/de\/wp-json\/wp\/v2\/categories?post=32498"},{"taxonomy":"post_tag","embeddable":true,"href":"https:\/\/weiku.com.br\/de\/wp-json\/wp\/v2\/tags?post=32498"}],"curies":[{"name":"wp","href":"https:\/\/api.w.org\/{rel}","templated":true}]}}