{"id":32331,"date":"2022-04-15T09:00:00","date_gmt":"2022-04-15T12:00:00","guid":{"rendered":"https:\/\/weiku.com.br\/die-aesthetik-von-holz-die-vorteile-von-pvc\/"},"modified":"2025-08-01T14:14:49","modified_gmt":"2025-08-01T17:14:49","slug":"die-aesthetik-von-holz-die-vorteile-von-pvc","status":"publish","type":"post","link":"https:\/\/weiku.com.br\/de\/die-aesthetik-von-holz-die-vorteile-von-pvc\/","title":{"rendered":"Die \u00c4sthetik von Holz + die Vorteile von PVC"},"content":{"rendered":"\n<figure class=\"wp-block-image size-full\"><img loading=\"lazy\" decoding=\"async\" width=\"1000\" height=\"563\" src=\"https:\/\/weiku.com.br\/wp-content\/uploads\/2022\/04\/blog-detec-color-3-2.jpg\" alt=\"\" class=\"wp-image-14878\" srcset=\"https:\/\/weiku.com.br\/wp-content\/uploads\/2022\/04\/blog-detec-color-3-2.jpg 1000w, https:\/\/weiku.com.br\/wp-content\/uploads\/2022\/04\/blog-detec-color-3-2-300x169.jpg 300w, https:\/\/weiku.com.br\/wp-content\/uploads\/2022\/04\/blog-detec-color-3-2-768x432.jpg 768w\" sizes=\"auto, (max-width: 1000px) 100vw, 1000px\" \/><\/figure>\n\n<p>Die PVC-Fenstersysteme von Weiku do Brasil bieten zahlreiche Vorteile, von denen Sie sicherlich schon geh\u00f6rt haben, wie Dichtigkeit, Isolation, thermo-akustischer Komfort sowie einfache Wartung und Reinigung. Au\u00dferdem bieten die Systeme Vielseitigkeit mit einer gro\u00dfen Farbpalette. <\/p>\n\n<p>Aktuell gibt es auf dem Markt 15 Farboptionen in der TitanTec-Linie (PVC + Aluminium) und 12 Optionen in der Detec Color-Linie (laminiertes PVC). Die Linien bieten holz\u00e4hnliche T\u00f6ne, Edelstahloptik, Graut\u00f6ne und Schwarz. <\/p>\n\n<figure class=\"wp-block-image size-full\"><img loading=\"lazy\" decoding=\"async\" width=\"1000\" height=\"563\" src=\"https:\/\/weiku.com.br\/wp-content\/uploads\/2022\/04\/blog-detec-color-1-1.jpg\" alt=\"\" class=\"wp-image-14879\" srcset=\"https:\/\/weiku.com.br\/wp-content\/uploads\/2022\/04\/blog-detec-color-1-1.jpg 1000w, https:\/\/weiku.com.br\/wp-content\/uploads\/2022\/04\/blog-detec-color-1-1-300x169.jpg 300w, https:\/\/weiku.com.br\/wp-content\/uploads\/2022\/04\/blog-detec-color-1-1-768x432.jpg 768w\" sizes=\"auto, (max-width: 1000px) 100vw, 1000px\" \/><\/figure>\n\n<p>Bei den holz\u00e4hnlichen Farben der Detec Color-Linie ist besonders die Textur hervorzuheben, die der von echtem Holz sehr \u00e4hnlich ist und so perfekte Details erzeugt.<\/p>\n\n<p>Au\u00dferdem besteht die M\u00f6glichkeit, nur eine Seite (au\u00dfen\/innen) individuell zu gestalten! F\u00fcr alle verf\u00fcgbaren Farben bieten wir die Option, eine Seite wei\u00df und die andere in der Farbe Ihrer Wahl zu gestalten, wodurch Ihr Projekt einzigartig wird. <\/p>\n\n<figure class=\"wp-block-image size-full\"><img loading=\"lazy\" decoding=\"async\" width=\"1000\" height=\"563\" src=\"https:\/\/weiku.com.br\/wp-content\/uploads\/2022\/04\/blog-detec-color-2-1.jpg\" alt=\"\" class=\"wp-image-14880\" srcset=\"https:\/\/weiku.com.br\/wp-content\/uploads\/2022\/04\/blog-detec-color-2-1.jpg 1000w, https:\/\/weiku.com.br\/wp-content\/uploads\/2022\/04\/blog-detec-color-2-1-300x169.jpg 300w, https:\/\/weiku.com.br\/wp-content\/uploads\/2022\/04\/blog-detec-color-2-1-768x432.jpg 768w\" sizes=\"auto, (max-width: 1000px) 100vw, 1000px\" \/><\/figure>\n\n<p>M\u00f6chten Sie mehr \u00fcber die Detec Color-Linie erfahren? Besuchen Sie unsere Website, indem Sie <strong><a href=\"https:\/\/weiku.cordilheiramidias.com\/linha-detec-color\/\" target=\"_blank\" rel=\"noreferrer noopener\">HIER <\/a><\/strong>klicken. <\/p>\n","protected":false},"excerpt":{"rendered":"<p>Die PVC-Fenstersysteme von Weiku do Brasil bieten zahlreiche Vorteile, von denen Sie sicherlich schon geh\u00f6rt haben, wie Dichtigkeit, Isolation, thermo-akustischer Komfort sowie einfache Wartung und Reinigung. Au\u00dferdem bieten die Systeme Vielseitigkeit mit einer gro\u00dfen Farbpalette. Aktuell gibt es auf dem Markt 15 Farboptionen in der TitanTec-Linie (PVC + Aluminium) und 12 Optionen in der Detec [&hellip;]<\/p>\n","protected":false},"author":35,"featured_media":24982,"comment_status":"closed","ping_status":"open","sticky":false,"template":"","format":"standard","meta":{"_acf_changed":false,"footnotes":""},"categories":[726],"tags":[],"class_list":["post-32331","post","type-post","status-publish","format-standard","has-post-thumbnail","hentry","category-nicht-kategorisiert"],"acf":[],"yoast_head":"<!-- This site is optimized with the Yoast SEO plugin v27.3 - https:\/\/yoast.com\/product\/yoast-seo-wordpress\/ -->\n<title>Die \u00c4sthetik von Holz + die Vorteile von PVC - Weiku<\/title>\n<meta name=\"robots\" content=\"index, follow, max-snippet:-1, max-image-preview:large, max-video-preview:-1\" \/>\n<link rel=\"canonical\" href=\"https:\/\/weiku.com.br\/de\/die-aesthetik-von-holz-die-vorteile-von-pvc\/\" \/>\n<meta property=\"og:locale\" content=\"de_DE\" \/>\n<meta property=\"og:type\" content=\"article\" \/>\n<meta property=\"og:title\" content=\"Die \u00c4sthetik von Holz + die Vorteile von PVC - Weiku\" \/>\n<meta property=\"og:description\" content=\"Die PVC-Fenstersysteme von Weiku do Brasil bieten zahlreiche Vorteile, von denen Sie sicherlich schon geh\u00f6rt haben, wie Dichtigkeit, Isolation, thermo-akustischer Komfort sowie einfache Wartung und Reinigung. Au\u00dferdem bieten die Systeme Vielseitigkeit mit einer gro\u00dfen Farbpalette. Aktuell gibt es auf dem Markt 15 Farboptionen in der TitanTec-Linie (PVC + Aluminium) und 12 Optionen in der Detec [&hellip;]\" \/>\n<meta property=\"og:url\" content=\"https:\/\/weiku.com.br\/de\/die-aesthetik-von-holz-die-vorteile-von-pvc\/\" \/>\n<meta property=\"og:site_name\" content=\"Weiku\" \/>\n<meta property=\"article:published_time\" content=\"2022-04-15T12:00:00+00:00\" \/>\n<meta property=\"article:modified_time\" content=\"2025-08-01T17:14:49+00:00\" \/>\n<meta property=\"og:image\" content=\"https:\/\/weiku.com.br\/wp-content\/uploads\/2022\/04\/blog-detec-color-3-2.jpg\" \/>\n\t<meta property=\"og:image:width\" content=\"1000\" \/>\n\t<meta property=\"og:image:height\" content=\"563\" \/>\n\t<meta property=\"og:image:type\" content=\"image\/jpeg\" \/>\n<meta name=\"author\" content=\"Mateus Fernandes\" \/>\n<meta name=\"twitter:card\" content=\"summary_large_image\" \/>\n<meta name=\"twitter:label1\" content=\"Verfasst von\" \/>\n\t<meta name=\"twitter:data1\" content=\"Mateus Fernandes\" \/>\n\t<meta name=\"twitter:label2\" content=\"Gesch\u00e4tzte Lesezeit\" \/>\n\t<meta name=\"twitter:data2\" content=\"1\u00a0Minute\" \/>\n<script type=\"application\/ld+json\" class=\"yoast-schema-graph\">{\"@context\":\"https:\\\/\\\/schema.org\",\"@graph\":[{\"@type\":\"Article\",\"@id\":\"https:\\\/\\\/weiku.com.br\\\/de\\\/die-aesthetik-von-holz-die-vorteile-von-pvc\\\/#article\",\"isPartOf\":{\"@id\":\"https:\\\/\\\/weiku.com.br\\\/de\\\/die-aesthetik-von-holz-die-vorteile-von-pvc\\\/\"},\"author\":{\"name\":\"Mateus Fernandes\",\"@id\":\"https:\\\/\\\/weiku.com.br\\\/de\\\/#\\\/schema\\\/person\\\/a15df1b49db4f0c34776a50f6a0ba70d\"},\"headline\":\"Die \u00c4sthetik von Holz + die Vorteile von PVC\",\"datePublished\":\"2022-04-15T12:00:00+00:00\",\"dateModified\":\"2025-08-01T17:14:49+00:00\",\"mainEntityOfPage\":{\"@id\":\"https:\\\/\\\/weiku.com.br\\\/de\\\/die-aesthetik-von-holz-die-vorteile-von-pvc\\\/\"},\"wordCount\":164,\"image\":{\"@id\":\"https:\\\/\\\/weiku.com.br\\\/de\\\/die-aesthetik-von-holz-die-vorteile-von-pvc\\\/#primaryimage\"},\"thumbnailUrl\":\"https:\\\/\\\/weiku.com.br\\\/wp-content\\\/uploads\\\/2022\\\/04\\\/blog-detec-color-3-2.jpg\",\"articleSection\":[\"Nicht kategorisiert\"],\"inLanguage\":\"de\"},{\"@type\":\"WebPage\",\"@id\":\"https:\\\/\\\/weiku.com.br\\\/de\\\/die-aesthetik-von-holz-die-vorteile-von-pvc\\\/\",\"url\":\"https:\\\/\\\/weiku.com.br\\\/de\\\/die-aesthetik-von-holz-die-vorteile-von-pvc\\\/\",\"name\":\"Die \u00c4sthetik von Holz + die Vorteile von PVC - Weiku\",\"isPartOf\":{\"@id\":\"https:\\\/\\\/weiku.com.br\\\/de\\\/#website\"},\"primaryImageOfPage\":{\"@id\":\"https:\\\/\\\/weiku.com.br\\\/de\\\/die-aesthetik-von-holz-die-vorteile-von-pvc\\\/#primaryimage\"},\"image\":{\"@id\":\"https:\\\/\\\/weiku.com.br\\\/de\\\/die-aesthetik-von-holz-die-vorteile-von-pvc\\\/#primaryimage\"},\"thumbnailUrl\":\"https:\\\/\\\/weiku.com.br\\\/wp-content\\\/uploads\\\/2022\\\/04\\\/blog-detec-color-3-2.jpg\",\"datePublished\":\"2022-04-15T12:00:00+00:00\",\"dateModified\":\"2025-08-01T17:14:49+00:00\",\"author\":{\"@id\":\"https:\\\/\\\/weiku.com.br\\\/de\\\/#\\\/schema\\\/person\\\/a15df1b49db4f0c34776a50f6a0ba70d\"},\"breadcrumb\":{\"@id\":\"https:\\\/\\\/weiku.com.br\\\/de\\\/die-aesthetik-von-holz-die-vorteile-von-pvc\\\/#breadcrumb\"},\"inLanguage\":\"de\",\"potentialAction\":[{\"@type\":\"ReadAction\",\"target\":[\"https:\\\/\\\/weiku.com.br\\\/de\\\/die-aesthetik-von-holz-die-vorteile-von-pvc\\\/\"]}]},{\"@type\":\"ImageObject\",\"inLanguage\":\"de\",\"@id\":\"https:\\\/\\\/weiku.com.br\\\/de\\\/die-aesthetik-von-holz-die-vorteile-von-pvc\\\/#primaryimage\",\"url\":\"https:\\\/\\\/weiku.com.br\\\/wp-content\\\/uploads\\\/2022\\\/04\\\/blog-detec-color-3-2.jpg\",\"contentUrl\":\"https:\\\/\\\/weiku.com.br\\\/wp-content\\\/uploads\\\/2022\\\/04\\\/blog-detec-color-3-2.jpg\",\"width\":1000,\"height\":563},{\"@type\":\"BreadcrumbList\",\"@id\":\"https:\\\/\\\/weiku.com.br\\\/de\\\/die-aesthetik-von-holz-die-vorteile-von-pvc\\\/#breadcrumb\",\"itemListElement\":[{\"@type\":\"ListItem\",\"position\":1,\"name\":\"In\u00edcio\",\"item\":\"https:\\\/\\\/weiku.com.br\\\/de\\\/\"},{\"@type\":\"ListItem\",\"position\":2,\"name\":\"Die \u00c4sthetik von Holz + die Vorteile von PVC\"}]},{\"@type\":\"WebSite\",\"@id\":\"https:\\\/\\\/weiku.com.br\\\/de\\\/#website\",\"url\":\"https:\\\/\\\/weiku.com.br\\\/de\\\/\",\"name\":\"Weiku\",\"description\":\"Esquadrias de PVC - Weiku do Brasil\",\"potentialAction\":[{\"@type\":\"SearchAction\",\"target\":{\"@type\":\"EntryPoint\",\"urlTemplate\":\"https:\\\/\\\/weiku.com.br\\\/de\\\/?s={search_term_string}\"},\"query-input\":{\"@type\":\"PropertyValueSpecification\",\"valueRequired\":true,\"valueName\":\"search_term_string\"}}],\"inLanguage\":\"de\"},{\"@type\":\"Person\",\"@id\":\"https:\\\/\\\/weiku.com.br\\\/de\\\/#\\\/schema\\\/person\\\/a15df1b49db4f0c34776a50f6a0ba70d\",\"name\":\"Mateus Fernandes\",\"image\":{\"@type\":\"ImageObject\",\"inLanguage\":\"de\",\"@id\":\"https:\\\/\\\/weiku.com.br\\\/wp-content\\\/litespeed\\\/avatar\\\/900ee9f544fa1ea84bffb5ef4c3394f3.jpg?ver=1777254458\",\"url\":\"https:\\\/\\\/weiku.com.br\\\/wp-content\\\/litespeed\\\/avatar\\\/900ee9f544fa1ea84bffb5ef4c3394f3.jpg?ver=1777254458\",\"contentUrl\":\"https:\\\/\\\/weiku.com.br\\\/wp-content\\\/litespeed\\\/avatar\\\/900ee9f544fa1ea84bffb5ef4c3394f3.jpg?ver=1777254458\",\"caption\":\"Mateus Fernandes\"},\"sameAs\":[\"http:\\\/\\\/www.weiku.com.br\"],\"url\":\"https:\\\/\\\/weiku.com.br\\\/de\\\/author\\\/mateus\\\/\"}]}<\/script>\n<!-- \/ Yoast SEO plugin. -->","yoast_head_json":{"title":"Die \u00c4sthetik von Holz + die Vorteile von PVC - Weiku","robots":{"index":"index","follow":"follow","max-snippet":"max-snippet:-1","max-image-preview":"max-image-preview:large","max-video-preview":"max-video-preview:-1"},"canonical":"https:\/\/weiku.com.br\/de\/die-aesthetik-von-holz-die-vorteile-von-pvc\/","og_locale":"de_DE","og_type":"article","og_title":"Die \u00c4sthetik von Holz + die Vorteile von PVC - Weiku","og_description":"Die PVC-Fenstersysteme von Weiku do Brasil bieten zahlreiche Vorteile, von denen Sie sicherlich schon geh\u00f6rt haben, wie Dichtigkeit, Isolation, thermo-akustischer Komfort sowie einfache Wartung und Reinigung. Au\u00dferdem bieten die Systeme Vielseitigkeit mit einer gro\u00dfen Farbpalette. Aktuell gibt es auf dem Markt 15 Farboptionen in der TitanTec-Linie (PVC + Aluminium) und 12 Optionen in der Detec [&hellip;]","og_url":"https:\/\/weiku.com.br\/de\/die-aesthetik-von-holz-die-vorteile-von-pvc\/","og_site_name":"Weiku","article_published_time":"2022-04-15T12:00:00+00:00","article_modified_time":"2025-08-01T17:14:49+00:00","og_image":[{"width":1000,"height":563,"url":"https:\/\/weiku.com.br\/wp-content\/uploads\/2022\/04\/blog-detec-color-3-2.jpg","type":"image\/jpeg"}],"author":"Mateus Fernandes","twitter_card":"summary_large_image","twitter_misc":{"Verfasst von":"Mateus Fernandes","Gesch\u00e4tzte Lesezeit":"1\u00a0Minute"},"schema":{"@context":"https:\/\/schema.org","@graph":[{"@type":"Article","@id":"https:\/\/weiku.com.br\/de\/die-aesthetik-von-holz-die-vorteile-von-pvc\/#article","isPartOf":{"@id":"https:\/\/weiku.com.br\/de\/die-aesthetik-von-holz-die-vorteile-von-pvc\/"},"author":{"name":"Mateus Fernandes","@id":"https:\/\/weiku.com.br\/de\/#\/schema\/person\/a15df1b49db4f0c34776a50f6a0ba70d"},"headline":"Die \u00c4sthetik von Holz + die Vorteile von PVC","datePublished":"2022-04-15T12:00:00+00:00","dateModified":"2025-08-01T17:14:49+00:00","mainEntityOfPage":{"@id":"https:\/\/weiku.com.br\/de\/die-aesthetik-von-holz-die-vorteile-von-pvc\/"},"wordCount":164,"image":{"@id":"https:\/\/weiku.com.br\/de\/die-aesthetik-von-holz-die-vorteile-von-pvc\/#primaryimage"},"thumbnailUrl":"https:\/\/weiku.com.br\/wp-content\/uploads\/2022\/04\/blog-detec-color-3-2.jpg","articleSection":["Nicht kategorisiert"],"inLanguage":"de"},{"@type":"WebPage","@id":"https:\/\/weiku.com.br\/de\/die-aesthetik-von-holz-die-vorteile-von-pvc\/","url":"https:\/\/weiku.com.br\/de\/die-aesthetik-von-holz-die-vorteile-von-pvc\/","name":"Die \u00c4sthetik von Holz + die Vorteile von PVC - Weiku","isPartOf":{"@id":"https:\/\/weiku.com.br\/de\/#website"},"primaryImageOfPage":{"@id":"https:\/\/weiku.com.br\/de\/die-aesthetik-von-holz-die-vorteile-von-pvc\/#primaryimage"},"image":{"@id":"https:\/\/weiku.com.br\/de\/die-aesthetik-von-holz-die-vorteile-von-pvc\/#primaryimage"},"thumbnailUrl":"https:\/\/weiku.com.br\/wp-content\/uploads\/2022\/04\/blog-detec-color-3-2.jpg","datePublished":"2022-04-15T12:00:00+00:00","dateModified":"2025-08-01T17:14:49+00:00","author":{"@id":"https:\/\/weiku.com.br\/de\/#\/schema\/person\/a15df1b49db4f0c34776a50f6a0ba70d"},"breadcrumb":{"@id":"https:\/\/weiku.com.br\/de\/die-aesthetik-von-holz-die-vorteile-von-pvc\/#breadcrumb"},"inLanguage":"de","potentialAction":[{"@type":"ReadAction","target":["https:\/\/weiku.com.br\/de\/die-aesthetik-von-holz-die-vorteile-von-pvc\/"]}]},{"@type":"ImageObject","inLanguage":"de","@id":"https:\/\/weiku.com.br\/de\/die-aesthetik-von-holz-die-vorteile-von-pvc\/#primaryimage","url":"https:\/\/weiku.com.br\/wp-content\/uploads\/2022\/04\/blog-detec-color-3-2.jpg","contentUrl":"https:\/\/weiku.com.br\/wp-content\/uploads\/2022\/04\/blog-detec-color-3-2.jpg","width":1000,"height":563},{"@type":"BreadcrumbList","@id":"https:\/\/weiku.com.br\/de\/die-aesthetik-von-holz-die-vorteile-von-pvc\/#breadcrumb","itemListElement":[{"@type":"ListItem","position":1,"name":"In\u00edcio","item":"https:\/\/weiku.com.br\/de\/"},{"@type":"ListItem","position":2,"name":"Die \u00c4sthetik von Holz + die Vorteile von PVC"}]},{"@type":"WebSite","@id":"https:\/\/weiku.com.br\/de\/#website","url":"https:\/\/weiku.com.br\/de\/","name":"Weiku","description":"Esquadrias de PVC - Weiku do Brasil","potentialAction":[{"@type":"SearchAction","target":{"@type":"EntryPoint","urlTemplate":"https:\/\/weiku.com.br\/de\/?s={search_term_string}"},"query-input":{"@type":"PropertyValueSpecification","valueRequired":true,"valueName":"search_term_string"}}],"inLanguage":"de"},{"@type":"Person","@id":"https:\/\/weiku.com.br\/de\/#\/schema\/person\/a15df1b49db4f0c34776a50f6a0ba70d","name":"Mateus Fernandes","image":{"@type":"ImageObject","inLanguage":"de","@id":"https:\/\/weiku.com.br\/wp-content\/litespeed\/avatar\/900ee9f544fa1ea84bffb5ef4c3394f3.jpg?ver=1777254458","url":"https:\/\/weiku.com.br\/wp-content\/litespeed\/avatar\/900ee9f544fa1ea84bffb5ef4c3394f3.jpg?ver=1777254458","contentUrl":"https:\/\/weiku.com.br\/wp-content\/litespeed\/avatar\/900ee9f544fa1ea84bffb5ef4c3394f3.jpg?ver=1777254458","caption":"Mateus Fernandes"},"sameAs":["http:\/\/www.weiku.com.br"],"url":"https:\/\/weiku.com.br\/de\/author\/mateus\/"}]}},"_links":{"self":[{"href":"https:\/\/weiku.com.br\/de\/wp-json\/wp\/v2\/posts\/32331","targetHints":{"allow":["GET"]}}],"collection":[{"href":"https:\/\/weiku.com.br\/de\/wp-json\/wp\/v2\/posts"}],"about":[{"href":"https:\/\/weiku.com.br\/de\/wp-json\/wp\/v2\/types\/post"}],"author":[{"embeddable":true,"href":"https:\/\/weiku.com.br\/de\/wp-json\/wp\/v2\/users\/35"}],"replies":[{"embeddable":true,"href":"https:\/\/weiku.com.br\/de\/wp-json\/wp\/v2\/comments?post=32331"}],"version-history":[{"count":1,"href":"https:\/\/weiku.com.br\/de\/wp-json\/wp\/v2\/posts\/32331\/revisions"}],"predecessor-version":[{"id":32332,"href":"https:\/\/weiku.com.br\/de\/wp-json\/wp\/v2\/posts\/32331\/revisions\/32332"}],"wp:featuredmedia":[{"embeddable":true,"href":"https:\/\/weiku.com.br\/de\/wp-json\/wp\/v2\/media\/24982"}],"wp:attachment":[{"href":"https:\/\/weiku.com.br\/de\/wp-json\/wp\/v2\/media?parent=32331"}],"wp:term":[{"taxonomy":"category","embeddable":true,"href":"https:\/\/weiku.com.br\/de\/wp-json\/wp\/v2\/categories?post=32331"},{"taxonomy":"post_tag","embeddable":true,"href":"https:\/\/weiku.com.br\/de\/wp-json\/wp\/v2\/tags?post=32331"}],"curies":[{"name":"wp","href":"https:\/\/api.w.org\/{rel}","templated":true}]}}