{"id":32317,"date":"2022-03-25T08:00:00","date_gmt":"2022-03-25T11:00:00","guid":{"rendered":"https:\/\/weiku.com.br\/weiku-neuheiten-auf-der-expo-revestir-2022\/"},"modified":"2025-08-01T13:54:49","modified_gmt":"2025-08-01T16:54:49","slug":"weiku-neuheiten-auf-der-expo-revestir-2022","status":"publish","type":"post","link":"https:\/\/weiku.com.br\/de\/weiku-neuheiten-auf-der-expo-revestir-2022\/","title":{"rendered":"Weiku-Neuheiten auf der Expo Revestir 2022"},"content":{"rendered":"\n<figure class=\"wp-block-image size-full\"><img loading=\"lazy\" decoding=\"async\" width=\"3501\" height=\"1895\" src=\"https:\/\/weiku.com.br\/wp-content\/uploads\/2022\/03\/exporevestir_2022-1.jpg\" alt=\"\" class=\"wp-image-32183\" srcset=\"https:\/\/weiku.com.br\/wp-content\/uploads\/2022\/03\/exporevestir_2022-1.jpg 3501w, https:\/\/weiku.com.br\/wp-content\/uploads\/2022\/03\/exporevestir_2022-1-300x162.jpg 300w, https:\/\/weiku.com.br\/wp-content\/uploads\/2022\/03\/exporevestir_2022-1-1024x554.jpg 1024w, https:\/\/weiku.com.br\/wp-content\/uploads\/2022\/03\/exporevestir_2022-1-768x416.jpg 768w, https:\/\/weiku.com.br\/wp-content\/uploads\/2022\/03\/exporevestir_2022-1-1536x831.jpg 1536w, https:\/\/weiku.com.br\/wp-content\/uploads\/2022\/03\/exporevestir_2022-1-2048x1109.jpg 2048w\" sizes=\"auto, (max-width: 3501px) 100vw, 3501px\" \/><figcaption class=\"wp-element-caption\">Stand auf der Expo Revestir. Foto: Marketing <\/figcaption><\/figure>\n\n<p>Mit \u00fcber 20 Jahren Erfahrung im Architektur- und Bausektor nahm Weiku do Brasil zum f\u00fcnften Mal an der Expo Revestir in S\u00e3o Paulo teil. Im Jahr 2022 brachte das Unternehmen gro\u00dfe Highlights seiner Marke f\u00fcr die Branche mit. <br\/><br\/>In dieser Ausgabe z\u00e4hlen zu den Neuheiten die Drehfl\u00fcgelt\u00fcren von Projetta by Weiku, die den Markt ver\u00e4ndern werden. Die T\u00fcren verleihen dem Bauprojekt durch ihr au\u00dfergew\u00f6hnliches architektonisches Design eine besondere Note. Jedes St\u00fcck wird individuell gefertigt und macht das gro\u00dfe Projekt real. Der Stand zeigte Drehfl\u00fcgelt\u00fcren mit einer H\u00f6he von \u00fcber 4 Metern.   <\/p>\n\n<figure class=\"wp-block-image size-full\"><img loading=\"lazy\" decoding=\"async\" width=\"3501\" height=\"2451\" src=\"https:\/\/weiku.com.br\/wp-content\/uploads\/2022\/03\/exporevestir_2022-3.jpg\" alt=\"\" class=\"wp-image-32192\" srcset=\"https:\/\/weiku.com.br\/wp-content\/uploads\/2022\/03\/exporevestir_2022-3.jpg 3501w, https:\/\/weiku.com.br\/wp-content\/uploads\/2022\/03\/exporevestir_2022-3-300x210.jpg 300w, https:\/\/weiku.com.br\/wp-content\/uploads\/2022\/03\/exporevestir_2022-3-1024x717.jpg 1024w, https:\/\/weiku.com.br\/wp-content\/uploads\/2022\/03\/exporevestir_2022-3-768x538.jpg 768w, https:\/\/weiku.com.br\/wp-content\/uploads\/2022\/03\/exporevestir_2022-3-1536x1075.jpg 1536w, https:\/\/weiku.com.br\/wp-content\/uploads\/2022\/03\/exporevestir_2022-3-2048x1434.jpg 2048w\" sizes=\"auto, (max-width: 3501px) 100vw, 3501px\" \/><figcaption class=\"wp-element-caption\">Drehfl\u00fcgelt\u00fcren \u00fcber 4 Meter und Neuheiten der minimalistischen Linie. Foto: Marketing. <\/figcaption><\/figure>\n\n<p>Corstone, das bereits bei der letzten Veranstaltung Aufmerksamkeit erregte, pr\u00e4sentierte ebenfalls eine Neuheit. Neben dem bisherigen gl\u00e4nzenden Produkt sind jetzt alle Referenzen in der \u201eSatin\u201c-Version erh\u00e4ltlich. Das moderne Produkt erm\u00f6glicht eine Hintergrundbeleuchtung und wird in geschmackvollen, stimmungsvollen R\u00e4umen eingesetzt, die einen beeindruckenden Look schaffen. Eine Innovation, die nur Corstone bieten kann \u2013 eine L\u00f6sung zur Demonstration von Authentizit\u00e4t und Pers\u00f6nlichkeit f\u00fcr einzigartige R\u00e4ume.    <\/p>\n\n<figure class=\"wp-block-image size-full\"><img loading=\"lazy\" decoding=\"async\" width=\"3501\" height=\"2334\" src=\"https:\/\/weiku.com.br\/wp-content\/uploads\/2022\/03\/exporevestir_2022-4.jpg\" alt=\"\" class=\"wp-image-32179\" srcset=\"https:\/\/weiku.com.br\/wp-content\/uploads\/2022\/03\/exporevestir_2022-4.jpg 3501w, https:\/\/weiku.com.br\/wp-content\/uploads\/2022\/03\/exporevestir_2022-4-300x200.jpg 300w, https:\/\/weiku.com.br\/wp-content\/uploads\/2022\/03\/exporevestir_2022-4-1024x683.jpg 1024w, https:\/\/weiku.com.br\/wp-content\/uploads\/2022\/03\/exporevestir_2022-4-768x512.jpg 768w, https:\/\/weiku.com.br\/wp-content\/uploads\/2022\/03\/exporevestir_2022-4-1536x1024.jpg 1536w, https:\/\/weiku.com.br\/wp-content\/uploads\/2022\/03\/exporevestir_2022-4-2048x1365.jpg 2048w\" sizes=\"auto, (max-width: 3501px) 100vw, 3501px\" \/><figcaption class=\"wp-element-caption\">Corstone-Belag. Foto: Marketing. <\/figcaption><\/figure>\n\n<p>Eine weitere Linie mit vielf\u00e4ltigen \u00d6ffnungsm\u00f6glichkeiten ist VistaMax, minimalistische Fensterprofile mit internationalem Standard. Highlights der Neuheiten sind die Kipp-Dreh- und Maxim-Ar-Typologien, eine Exklusivit\u00e4t der Marke. Die Aluminiumrahmen zeichnen sich durch hohe Widerstandsf\u00e4higkeit, lange Lebensdauer und Sicherheit aus, was helle, vielseitige und leistungsstarke R\u00e4ume schafft, die Komfort, Sicherheit und Ruhe f\u00fcr die Kunden bieten.  <\/p>\n\n<p>Die Vielseitigkeit der Marke wird auch durch die gesamte Farbpalette der laminierten PVC-Profile der Detec Color Linie sowie durch die Trendfarben der Premiumlinie TitanTEC deutlich.<\/p>\n\n<figure class=\"wp-block-image size-full\"><img loading=\"lazy\" decoding=\"async\" width=\"3501\" height=\"2546\" src=\"https:\/\/weiku.com.br\/wp-content\/uploads\/2022\/03\/exporevestir_2022-2.jpg\" alt=\"\" class=\"wp-image-32187\" srcset=\"https:\/\/weiku.com.br\/wp-content\/uploads\/2022\/03\/exporevestir_2022-2.jpg 3501w, https:\/\/weiku.com.br\/wp-content\/uploads\/2022\/03\/exporevestir_2022-2-300x218.jpg 300w, https:\/\/weiku.com.br\/wp-content\/uploads\/2022\/03\/exporevestir_2022-2-1024x745.jpg 1024w, https:\/\/weiku.com.br\/wp-content\/uploads\/2022\/03\/exporevestir_2022-2-768x559.jpg 768w, https:\/\/weiku.com.br\/wp-content\/uploads\/2022\/03\/exporevestir_2022-2-1536x1117.jpg 1536w, https:\/\/weiku.com.br\/wp-content\/uploads\/2022\/03\/exporevestir_2022-2-2048x1489.jpg 2048w\" sizes=\"auto, (max-width: 3501px) 100vw, 3501px\" \/><figcaption class=\"wp-element-caption\">PVC-Profile in Wei\u00df und farbige Linien, Detec Color und TitanTEC. Foto: Marketing. <\/figcaption><\/figure>\n\n<p>Erstmals pr\u00e4sentierte Weiku do Brasil auf seinem Stand Virtual Reality, mit der Besucher das Projekt vor der tats\u00e4chlichen Umsetzung erleben konnten. Die Neuheit ist eine Partnerschaft mit VOR XP. <\/p>\n\n<p>Neben all diesen Highlights konnten die Besucher am Stand die Vielfalt der Weiku-Produkte hautnah erleben, von verschiedenen Fenster- und T\u00fcrsystemen \u00fcber Jalousien bis hin zu dynamischen Gl\u00e4sern.<\/p>\n\n<p>Die Expo Revestir, die gr\u00f6\u00dfte Messe f\u00fcr Bel\u00e4ge und Oberfl\u00e4chen in Lateinamerika, fand vom 8. bis 11. M\u00e4rz im Transam\u00e9rica Expo Center statt.<\/p>\n\n<p><\/p>\n","protected":false},"excerpt":{"rendered":"<p>Mit \u00fcber 20 Jahren Erfahrung im Architektur- und Bausektor nahm Weiku do Brasil zum f\u00fcnften Mal an der Expo Revestir in S\u00e3o Paulo teil. Im Jahr 2022 brachte das Unternehmen gro\u00dfe Highlights seiner Marke f\u00fcr die Branche mit. In dieser Ausgabe z\u00e4hlen zu den Neuheiten die Drehfl\u00fcgelt\u00fcren von Projetta by Weiku, die den Markt ver\u00e4ndern [&hellip;]<\/p>\n","protected":false},"author":35,"featured_media":32203,"comment_status":"closed","ping_status":"open","sticky":false,"template":"","format":"standard","meta":{"_acf_changed":false,"footnotes":""},"categories":[726],"tags":[],"class_list":["post-32317","post","type-post","status-publish","format-standard","has-post-thumbnail","hentry","category-nicht-kategorisiert"],"acf":[],"yoast_head":"<!-- This site is optimized with the Yoast SEO plugin v27.3 - https:\/\/yoast.com\/product\/yoast-seo-wordpress\/ -->\n<title>Weiku-Neuheiten auf der Expo Revestir 2022 - Weiku<\/title>\n<meta name=\"robots\" content=\"index, follow, max-snippet:-1, max-image-preview:large, max-video-preview:-1\" \/>\n<link rel=\"canonical\" href=\"https:\/\/weiku.com.br\/de\/weiku-neuheiten-auf-der-expo-revestir-2022\/\" \/>\n<meta property=\"og:locale\" content=\"de_DE\" \/>\n<meta property=\"og:type\" content=\"article\" \/>\n<meta property=\"og:title\" content=\"Weiku-Neuheiten auf der Expo Revestir 2022 - Weiku\" \/>\n<meta property=\"og:description\" content=\"Mit \u00fcber 20 Jahren Erfahrung im Architektur- und Bausektor nahm Weiku do Brasil zum f\u00fcnften Mal an der Expo Revestir in S\u00e3o Paulo teil. Im Jahr 2022 brachte das Unternehmen gro\u00dfe Highlights seiner Marke f\u00fcr die Branche mit. In dieser Ausgabe z\u00e4hlen zu den Neuheiten die Drehfl\u00fcgelt\u00fcren von Projetta by Weiku, die den Markt ver\u00e4ndern [&hellip;]\" \/>\n<meta property=\"og:url\" content=\"https:\/\/weiku.com.br\/de\/weiku-neuheiten-auf-der-expo-revestir-2022\/\" \/>\n<meta property=\"og:site_name\" content=\"Weiku\" \/>\n<meta property=\"article:published_time\" content=\"2022-03-25T11:00:00+00:00\" \/>\n<meta property=\"article:modified_time\" content=\"2025-08-01T16:54:49+00:00\" \/>\n<meta property=\"og:image\" content=\"https:\/\/weiku.com.br\/wp-content\/uploads\/2022\/03\/exporevestir_2022-1-1.jpg\" \/>\n\t<meta property=\"og:image:width\" content=\"3501\" \/>\n\t<meta property=\"og:image:height\" content=\"1406\" \/>\n\t<meta property=\"og:image:type\" content=\"image\/jpeg\" \/>\n<meta name=\"author\" content=\"Mateus Fernandes\" \/>\n<meta name=\"twitter:card\" content=\"summary_large_image\" \/>\n<meta name=\"twitter:label1\" content=\"Verfasst von\" \/>\n\t<meta name=\"twitter:data1\" content=\"Mateus Fernandes\" \/>\n\t<meta name=\"twitter:label2\" content=\"Gesch\u00e4tzte Lesezeit\" \/>\n\t<meta name=\"twitter:data2\" content=\"2\u00a0Minuten\" \/>\n<script type=\"application\/ld+json\" class=\"yoast-schema-graph\">{\"@context\":\"https:\\\/\\\/schema.org\",\"@graph\":[{\"@type\":\"Article\",\"@id\":\"https:\\\/\\\/weiku.com.br\\\/de\\\/weiku-neuheiten-auf-der-expo-revestir-2022\\\/#article\",\"isPartOf\":{\"@id\":\"https:\\\/\\\/weiku.com.br\\\/de\\\/weiku-neuheiten-auf-der-expo-revestir-2022\\\/\"},\"author\":{\"name\":\"Mateus Fernandes\",\"@id\":\"https:\\\/\\\/weiku.com.br\\\/de\\\/#\\\/schema\\\/person\\\/a15df1b49db4f0c34776a50f6a0ba70d\"},\"headline\":\"Weiku-Neuheiten auf der Expo Revestir 2022\",\"datePublished\":\"2022-03-25T11:00:00+00:00\",\"dateModified\":\"2025-08-01T16:54:49+00:00\",\"mainEntityOfPage\":{\"@id\":\"https:\\\/\\\/weiku.com.br\\\/de\\\/weiku-neuheiten-auf-der-expo-revestir-2022\\\/\"},\"wordCount\":387,\"image\":{\"@id\":\"https:\\\/\\\/weiku.com.br\\\/de\\\/weiku-neuheiten-auf-der-expo-revestir-2022\\\/#primaryimage\"},\"thumbnailUrl\":\"https:\\\/\\\/weiku.com.br\\\/wp-content\\\/uploads\\\/2022\\\/03\\\/exporevestir_2022-1-1.jpg\",\"articleSection\":[\"Nicht kategorisiert\"],\"inLanguage\":\"de\"},{\"@type\":\"WebPage\",\"@id\":\"https:\\\/\\\/weiku.com.br\\\/de\\\/weiku-neuheiten-auf-der-expo-revestir-2022\\\/\",\"url\":\"https:\\\/\\\/weiku.com.br\\\/de\\\/weiku-neuheiten-auf-der-expo-revestir-2022\\\/\",\"name\":\"Weiku-Neuheiten auf der Expo Revestir 2022 - Weiku\",\"isPartOf\":{\"@id\":\"https:\\\/\\\/weiku.com.br\\\/de\\\/#website\"},\"primaryImageOfPage\":{\"@id\":\"https:\\\/\\\/weiku.com.br\\\/de\\\/weiku-neuheiten-auf-der-expo-revestir-2022\\\/#primaryimage\"},\"image\":{\"@id\":\"https:\\\/\\\/weiku.com.br\\\/de\\\/weiku-neuheiten-auf-der-expo-revestir-2022\\\/#primaryimage\"},\"thumbnailUrl\":\"https:\\\/\\\/weiku.com.br\\\/wp-content\\\/uploads\\\/2022\\\/03\\\/exporevestir_2022-1-1.jpg\",\"datePublished\":\"2022-03-25T11:00:00+00:00\",\"dateModified\":\"2025-08-01T16:54:49+00:00\",\"author\":{\"@id\":\"https:\\\/\\\/weiku.com.br\\\/de\\\/#\\\/schema\\\/person\\\/a15df1b49db4f0c34776a50f6a0ba70d\"},\"breadcrumb\":{\"@id\":\"https:\\\/\\\/weiku.com.br\\\/de\\\/weiku-neuheiten-auf-der-expo-revestir-2022\\\/#breadcrumb\"},\"inLanguage\":\"de\",\"potentialAction\":[{\"@type\":\"ReadAction\",\"target\":[\"https:\\\/\\\/weiku.com.br\\\/de\\\/weiku-neuheiten-auf-der-expo-revestir-2022\\\/\"]}]},{\"@type\":\"ImageObject\",\"inLanguage\":\"de\",\"@id\":\"https:\\\/\\\/weiku.com.br\\\/de\\\/weiku-neuheiten-auf-der-expo-revestir-2022\\\/#primaryimage\",\"url\":\"https:\\\/\\\/weiku.com.br\\\/wp-content\\\/uploads\\\/2022\\\/03\\\/exporevestir_2022-1-1.jpg\",\"contentUrl\":\"https:\\\/\\\/weiku.com.br\\\/wp-content\\\/uploads\\\/2022\\\/03\\\/exporevestir_2022-1-1.jpg\",\"width\":3501,\"height\":1406},{\"@type\":\"BreadcrumbList\",\"@id\":\"https:\\\/\\\/weiku.com.br\\\/de\\\/weiku-neuheiten-auf-der-expo-revestir-2022\\\/#breadcrumb\",\"itemListElement\":[{\"@type\":\"ListItem\",\"position\":1,\"name\":\"In\u00edcio\",\"item\":\"https:\\\/\\\/weiku.com.br\\\/de\\\/\"},{\"@type\":\"ListItem\",\"position\":2,\"name\":\"Weiku-Neuheiten auf der Expo Revestir 2022\"}]},{\"@type\":\"WebSite\",\"@id\":\"https:\\\/\\\/weiku.com.br\\\/de\\\/#website\",\"url\":\"https:\\\/\\\/weiku.com.br\\\/de\\\/\",\"name\":\"Weiku\",\"description\":\"Esquadrias de PVC - Weiku do Brasil\",\"potentialAction\":[{\"@type\":\"SearchAction\",\"target\":{\"@type\":\"EntryPoint\",\"urlTemplate\":\"https:\\\/\\\/weiku.com.br\\\/de\\\/?s={search_term_string}\"},\"query-input\":{\"@type\":\"PropertyValueSpecification\",\"valueRequired\":true,\"valueName\":\"search_term_string\"}}],\"inLanguage\":\"de\"},{\"@type\":\"Person\",\"@id\":\"https:\\\/\\\/weiku.com.br\\\/de\\\/#\\\/schema\\\/person\\\/a15df1b49db4f0c34776a50f6a0ba70d\",\"name\":\"Mateus Fernandes\",\"image\":{\"@type\":\"ImageObject\",\"inLanguage\":\"de\",\"@id\":\"https:\\\/\\\/weiku.com.br\\\/wp-content\\\/litespeed\\\/avatar\\\/900ee9f544fa1ea84bffb5ef4c3394f3.jpg?ver=1777254458\",\"url\":\"https:\\\/\\\/weiku.com.br\\\/wp-content\\\/litespeed\\\/avatar\\\/900ee9f544fa1ea84bffb5ef4c3394f3.jpg?ver=1777254458\",\"contentUrl\":\"https:\\\/\\\/weiku.com.br\\\/wp-content\\\/litespeed\\\/avatar\\\/900ee9f544fa1ea84bffb5ef4c3394f3.jpg?ver=1777254458\",\"caption\":\"Mateus Fernandes\"},\"sameAs\":[\"http:\\\/\\\/www.weiku.com.br\"],\"url\":\"https:\\\/\\\/weiku.com.br\\\/de\\\/author\\\/mateus\\\/\"}]}<\/script>\n<!-- \/ Yoast SEO plugin. -->","yoast_head_json":{"title":"Weiku-Neuheiten auf der Expo Revestir 2022 - Weiku","robots":{"index":"index","follow":"follow","max-snippet":"max-snippet:-1","max-image-preview":"max-image-preview:large","max-video-preview":"max-video-preview:-1"},"canonical":"https:\/\/weiku.com.br\/de\/weiku-neuheiten-auf-der-expo-revestir-2022\/","og_locale":"de_DE","og_type":"article","og_title":"Weiku-Neuheiten auf der Expo Revestir 2022 - Weiku","og_description":"Mit \u00fcber 20 Jahren Erfahrung im Architektur- und Bausektor nahm Weiku do Brasil zum f\u00fcnften Mal an der Expo Revestir in S\u00e3o Paulo teil. Im Jahr 2022 brachte das Unternehmen gro\u00dfe Highlights seiner Marke f\u00fcr die Branche mit. In dieser Ausgabe z\u00e4hlen zu den Neuheiten die Drehfl\u00fcgelt\u00fcren von Projetta by Weiku, die den Markt ver\u00e4ndern [&hellip;]","og_url":"https:\/\/weiku.com.br\/de\/weiku-neuheiten-auf-der-expo-revestir-2022\/","og_site_name":"Weiku","article_published_time":"2022-03-25T11:00:00+00:00","article_modified_time":"2025-08-01T16:54:49+00:00","og_image":[{"width":3501,"height":1406,"url":"https:\/\/weiku.com.br\/wp-content\/uploads\/2022\/03\/exporevestir_2022-1-1.jpg","type":"image\/jpeg"}],"author":"Mateus Fernandes","twitter_card":"summary_large_image","twitter_misc":{"Verfasst von":"Mateus Fernandes","Gesch\u00e4tzte Lesezeit":"2\u00a0Minuten"},"schema":{"@context":"https:\/\/schema.org","@graph":[{"@type":"Article","@id":"https:\/\/weiku.com.br\/de\/weiku-neuheiten-auf-der-expo-revestir-2022\/#article","isPartOf":{"@id":"https:\/\/weiku.com.br\/de\/weiku-neuheiten-auf-der-expo-revestir-2022\/"},"author":{"name":"Mateus Fernandes","@id":"https:\/\/weiku.com.br\/de\/#\/schema\/person\/a15df1b49db4f0c34776a50f6a0ba70d"},"headline":"Weiku-Neuheiten auf der Expo Revestir 2022","datePublished":"2022-03-25T11:00:00+00:00","dateModified":"2025-08-01T16:54:49+00:00","mainEntityOfPage":{"@id":"https:\/\/weiku.com.br\/de\/weiku-neuheiten-auf-der-expo-revestir-2022\/"},"wordCount":387,"image":{"@id":"https:\/\/weiku.com.br\/de\/weiku-neuheiten-auf-der-expo-revestir-2022\/#primaryimage"},"thumbnailUrl":"https:\/\/weiku.com.br\/wp-content\/uploads\/2022\/03\/exporevestir_2022-1-1.jpg","articleSection":["Nicht kategorisiert"],"inLanguage":"de"},{"@type":"WebPage","@id":"https:\/\/weiku.com.br\/de\/weiku-neuheiten-auf-der-expo-revestir-2022\/","url":"https:\/\/weiku.com.br\/de\/weiku-neuheiten-auf-der-expo-revestir-2022\/","name":"Weiku-Neuheiten auf der Expo Revestir 2022 - Weiku","isPartOf":{"@id":"https:\/\/weiku.com.br\/de\/#website"},"primaryImageOfPage":{"@id":"https:\/\/weiku.com.br\/de\/weiku-neuheiten-auf-der-expo-revestir-2022\/#primaryimage"},"image":{"@id":"https:\/\/weiku.com.br\/de\/weiku-neuheiten-auf-der-expo-revestir-2022\/#primaryimage"},"thumbnailUrl":"https:\/\/weiku.com.br\/wp-content\/uploads\/2022\/03\/exporevestir_2022-1-1.jpg","datePublished":"2022-03-25T11:00:00+00:00","dateModified":"2025-08-01T16:54:49+00:00","author":{"@id":"https:\/\/weiku.com.br\/de\/#\/schema\/person\/a15df1b49db4f0c34776a50f6a0ba70d"},"breadcrumb":{"@id":"https:\/\/weiku.com.br\/de\/weiku-neuheiten-auf-der-expo-revestir-2022\/#breadcrumb"},"inLanguage":"de","potentialAction":[{"@type":"ReadAction","target":["https:\/\/weiku.com.br\/de\/weiku-neuheiten-auf-der-expo-revestir-2022\/"]}]},{"@type":"ImageObject","inLanguage":"de","@id":"https:\/\/weiku.com.br\/de\/weiku-neuheiten-auf-der-expo-revestir-2022\/#primaryimage","url":"https:\/\/weiku.com.br\/wp-content\/uploads\/2022\/03\/exporevestir_2022-1-1.jpg","contentUrl":"https:\/\/weiku.com.br\/wp-content\/uploads\/2022\/03\/exporevestir_2022-1-1.jpg","width":3501,"height":1406},{"@type":"BreadcrumbList","@id":"https:\/\/weiku.com.br\/de\/weiku-neuheiten-auf-der-expo-revestir-2022\/#breadcrumb","itemListElement":[{"@type":"ListItem","position":1,"name":"In\u00edcio","item":"https:\/\/weiku.com.br\/de\/"},{"@type":"ListItem","position":2,"name":"Weiku-Neuheiten auf der Expo Revestir 2022"}]},{"@type":"WebSite","@id":"https:\/\/weiku.com.br\/de\/#website","url":"https:\/\/weiku.com.br\/de\/","name":"Weiku","description":"Esquadrias de PVC - Weiku do Brasil","potentialAction":[{"@type":"SearchAction","target":{"@type":"EntryPoint","urlTemplate":"https:\/\/weiku.com.br\/de\/?s={search_term_string}"},"query-input":{"@type":"PropertyValueSpecification","valueRequired":true,"valueName":"search_term_string"}}],"inLanguage":"de"},{"@type":"Person","@id":"https:\/\/weiku.com.br\/de\/#\/schema\/person\/a15df1b49db4f0c34776a50f6a0ba70d","name":"Mateus Fernandes","image":{"@type":"ImageObject","inLanguage":"de","@id":"https:\/\/weiku.com.br\/wp-content\/litespeed\/avatar\/900ee9f544fa1ea84bffb5ef4c3394f3.jpg?ver=1777254458","url":"https:\/\/weiku.com.br\/wp-content\/litespeed\/avatar\/900ee9f544fa1ea84bffb5ef4c3394f3.jpg?ver=1777254458","contentUrl":"https:\/\/weiku.com.br\/wp-content\/litespeed\/avatar\/900ee9f544fa1ea84bffb5ef4c3394f3.jpg?ver=1777254458","caption":"Mateus Fernandes"},"sameAs":["http:\/\/www.weiku.com.br"],"url":"https:\/\/weiku.com.br\/de\/author\/mateus\/"}]}},"_links":{"self":[{"href":"https:\/\/weiku.com.br\/de\/wp-json\/wp\/v2\/posts\/32317","targetHints":{"allow":["GET"]}}],"collection":[{"href":"https:\/\/weiku.com.br\/de\/wp-json\/wp\/v2\/posts"}],"about":[{"href":"https:\/\/weiku.com.br\/de\/wp-json\/wp\/v2\/types\/post"}],"author":[{"embeddable":true,"href":"https:\/\/weiku.com.br\/de\/wp-json\/wp\/v2\/users\/35"}],"replies":[{"embeddable":true,"href":"https:\/\/weiku.com.br\/de\/wp-json\/wp\/v2\/comments?post=32317"}],"version-history":[{"count":1,"href":"https:\/\/weiku.com.br\/de\/wp-json\/wp\/v2\/posts\/32317\/revisions"}],"predecessor-version":[{"id":32318,"href":"https:\/\/weiku.com.br\/de\/wp-json\/wp\/v2\/posts\/32317\/revisions\/32318"}],"wp:featuredmedia":[{"embeddable":true,"href":"https:\/\/weiku.com.br\/de\/wp-json\/wp\/v2\/media\/32203"}],"wp:attachment":[{"href":"https:\/\/weiku.com.br\/de\/wp-json\/wp\/v2\/media?parent=32317"}],"wp:term":[{"taxonomy":"category","embeddable":true,"href":"https:\/\/weiku.com.br\/de\/wp-json\/wp\/v2\/categories?post=32317"},{"taxonomy":"post_tag","embeddable":true,"href":"https:\/\/weiku.com.br\/de\/wp-json\/wp\/v2\/tags?post=32317"}],"curies":[{"name":"wp","href":"https:\/\/api.w.org\/{rel}","templated":true}]}}