{"id":31829,"date":"2022-09-20T16:27:47","date_gmt":"2022-09-20T19:27:47","guid":{"rendered":"https:\/\/weiku.com.br\/weiku-do-brasil-nimmt-an-der-fairtec-2022-teil\/"},"modified":"2025-07-30T14:57:34","modified_gmt":"2025-07-30T17:57:34","slug":"weiku-do-brasil-nimmt-an-der-fairtec-2022-teil","status":"publish","type":"post","link":"https:\/\/weiku.com.br\/de\/weiku-do-brasil-nimmt-an-der-fairtec-2022-teil\/","title":{"rendered":"Weiku do Brasil nimmt an der FairTec 2022 teil"},"content":{"rendered":"\n<p>Die Teilnahme an der FairTec wurde durch Corstone by Weiku besonders hervorgehoben.<\/p>\n\n<p>Technologie und Innovation geh\u00f6ren zum Alltag von Weiku do Brasil. Vom 8. bis 11. September war das Unternehmen aus Pomerode auf der FairTec, der Technologiemesse f\u00fcr das Bauwesen, vertreten. Die Messe vereint dutzende Aussteller, die technologische L\u00f6sungen f\u00fcr den Baubereich pr\u00e4sentieren. <\/p>\n\n<p>Die FairTec findet in der Stadt Brusque statt, zieht jedoch Besucher aus der gesamten Region an, darunter St\u00e4dte wie S\u00e3o Jo\u00e3o Batista, Guabiruba, Botuver\u00e1, wobei Itapema besonders hervorsticht. Diese Stadt w\u00e4chst in der Branche und ist bekannt f\u00fcr die Qualit\u00e4t der in ihren Bauprojekten verwendeten Materialien.<\/p>\n\n<p>Um die K\u00fcste von Santa Catarina bestm\u00f6glich zu bedienen, pr\u00e4sentierte Weiku seine Produkte auf der Veranstaltung in einem Container, der die komplette Produktpalette des Unternehmens zeigte. Au\u00dferdem konnten alle Besucher des Messestands die Kataloge der Marke einsehen. <\/p>\n\n<figure class=\"wp-block-image size-large\"><img loading=\"lazy\" decoding=\"async\" width=\"1024\" height=\"768\" src=\"https:\/\/weiku.com.br\/wp-content\/uploads\/2022\/09\/Weiku-do-Brasil-participa-da-FairTec-2022-1024x768.jpeg\" alt=\"Weiku do Brasil nimmt an der FairTec 2022 teil\" class=\"wp-image-15313\" srcset=\"https:\/\/weiku.com.br\/wp-content\/uploads\/2022\/09\/Weiku-do-Brasil-participa-da-FairTec-2022-1024x768.jpeg 1024w, https:\/\/weiku.com.br\/wp-content\/uploads\/2022\/09\/Weiku-do-Brasil-participa-da-FairTec-2022-300x225.jpeg 300w, https:\/\/weiku.com.br\/wp-content\/uploads\/2022\/09\/Weiku-do-Brasil-participa-da-FairTec-2022-768x576.jpeg 768w, https:\/\/weiku.com.br\/wp-content\/uploads\/2022\/09\/Weiku-do-Brasil-participa-da-FairTec-2022-1536x1152.jpeg 1536w, https:\/\/weiku.com.br\/wp-content\/uploads\/2022\/09\/Weiku-do-Brasil-participa-da-FairTec-2022.jpeg 1600w\" sizes=\"auto, (max-width: 1024px) 100vw, 1024px\" \/><\/figure>\n\n<p>Die Anwesenheit zahlreicher Kunden machte die Fairtec zu einem Erfolg, <\/p>\n\n<p>wodurch zudem neue Gesch\u00e4ftsperspektiven er\u00f6ffnet wurden<\/p>\n\n<p>durch den direkten Kontakt mit den Bauunternehmen, <\/p>\n\n<p>stets mit dem Ziel, das Beste f\u00fcr die ausgef\u00fchrten Bauprojekte zu bieten.<\/p>\n\n<p>Was die Produkte betrifft, so war das Highlight der Fairtec <a href=\"https:\/\/corstone.com.br\/\">Corstone<\/a> by <a href=\"https:\/\/weiku.cordilheiramidias.com\/revestimento-corstone\/\">Weiku<\/a>, <\/p>\n\n<p>das die Aufmerksamkeit der Besucher aufgrund der Qualit\u00e4t, Sch\u00f6nheit und Vielseitigkeit des Produkts auf sich zog, <\/p>\n\n<p>die das Produkt pers\u00f6nlich sehen und durch die Musterausstellung erleben konnten.<\/p>\n\n<p>Weiku do Brasil ist auf den wichtigsten Veranstaltungen pr\u00e4sent, um qualitativ hochwertige Produkte f\u00fcr alle Branchen, Bauprojekte und Gesch\u00e4ftsbereiche anzubieten.<\/p>\n\n<ul class=\"wp-block-social-links aligncenter is-style-logos-only is-layout-flex wp-block-social-links-is-layout-flex\"><li class=\"wp-social-link wp-social-link-instagram  wp-block-social-link\"><a href=\"https:\/\/www.instagram.com\/weikudobrasil\/\" class=\"wp-block-social-link-anchor\"><svg width=\"24\" height=\"24\" viewBox=\"0 0 24 24\" version=\"1.1\" xmlns=\"http:\/\/www.w3.org\/2000\/svg\" aria-hidden=\"true\" focusable=\"false\"><path d=\"M12,4.622c2.403,0,2.688,0.009,3.637,0.052c0.877,0.04,1.354,0.187,1.671,0.31c0.42,0.163,0.72,0.358,1.035,0.673 c0.315,0.315,0.51,0.615,0.673,1.035c0.123,0.317,0.27,0.794,0.31,1.671c0.043,0.949,0.052,1.234,0.052,3.637 s-0.009,2.688-0.052,3.637c-0.04,0.877-0.187,1.354-0.31,1.671c-0.163,0.42-0.358,0.72-0.673,1.035 c-0.315,0.315-0.615,0.51-1.035,0.673c-0.317,0.123-0.794,0.27-1.671,0.31c-0.949,0.043-1.233,0.052-3.637,0.052 s-2.688-0.009-3.637-0.052c-0.877-0.04-1.354-0.187-1.671-0.31c-0.42-0.163-0.72-0.358-1.035-0.673 c-0.315-0.315-0.51-0.615-0.673-1.035c-0.123-0.317-0.27-0.794-0.31-1.671C4.631,14.688,4.622,14.403,4.622,12 s0.009-2.688,0.052-3.637c0.04-0.877,0.187-1.354,0.31-1.671c0.163-0.42,0.358-0.72,0.673-1.035 c0.315-0.315,0.615-0.51,1.035-0.673c0.317-0.123,0.794-0.27,1.671-0.31C9.312,4.631,9.597,4.622,12,4.622 M12,3 C9.556,3,9.249,3.01,8.289,3.054C7.331,3.098,6.677,3.25,6.105,3.472C5.513,3.702,5.011,4.01,4.511,4.511 c-0.5,0.5-0.808,1.002-1.038,1.594C3.25,6.677,3.098,7.331,3.054,8.289C3.01,9.249,3,9.556,3,12c0,2.444,0.01,2.751,0.054,3.711 c0.044,0.958,0.196,1.612,0.418,2.185c0.23,0.592,0.538,1.094,1.038,1.594c0.5,0.5,1.002,0.808,1.594,1.038 c0.572,0.222,1.227,0.375,2.185,0.418C9.249,20.99,9.556,21,12,21s2.751-0.01,3.711-0.054c0.958-0.044,1.612-0.196,2.185-0.418 c0.592-0.23,1.094-0.538,1.594-1.038c0.5-0.5,0.808-1.002,1.038-1.594c0.222-0.572,0.375-1.227,0.418-2.185 C20.99,14.751,21,14.444,21,12s-0.01-2.751-0.054-3.711c-0.044-0.958-0.196-1.612-0.418-2.185c-0.23-0.592-0.538-1.094-1.038-1.594 c-0.5-0.5-1.002-0.808-1.594-1.038c-0.572-0.222-1.227-0.375-2.185-0.418C14.751,3.01,14.444,3,12,3L12,3z M12,7.378 c-2.552,0-4.622,2.069-4.622,4.622S9.448,16.622,12,16.622s4.622-2.069,4.622-4.622S14.552,7.378,12,7.378z M12,15 c-1.657,0-3-1.343-3-3s1.343-3,3-3s3,1.343,3,3S13.657,15,12,15z M16.804,6.116c-0.596,0-1.08,0.484-1.08,1.08 s0.484,1.08,1.08,1.08c0.596,0,1.08-0.484,1.08-1.08S17.401,6.116,16.804,6.116z\"><\/path><\/svg><span class=\"wp-block-social-link-label screen-reader-text\">Instagram<\/span><\/a><\/li>\n\n<li class=\"wp-social-link wp-social-link-youtube  wp-block-social-link\"><a href=\"https:\/\/www.youtube.com\/WeikudoBrasil\" class=\"wp-block-social-link-anchor\"><svg width=\"24\" height=\"24\" viewBox=\"0 0 24 24\" version=\"1.1\" xmlns=\"http:\/\/www.w3.org\/2000\/svg\" aria-hidden=\"true\" focusable=\"false\"><path d=\"M21.8,8.001c0,0-0.195-1.378-0.795-1.985c-0.76-0.797-1.613-0.801-2.004-0.847c-2.799-0.202-6.997-0.202-6.997-0.202 h-0.009c0,0-4.198,0-6.997,0.202C4.608,5.216,3.756,5.22,2.995,6.016C2.395,6.623,2.2,8.001,2.2,8.001S2,9.62,2,11.238v1.517 c0,1.618,0.2,3.237,0.2,3.237s0.195,1.378,0.795,1.985c0.761,0.797,1.76,0.771,2.205,0.855c1.6,0.153,6.8,0.201,6.8,0.201 s4.203-0.006,7.001-0.209c0.391-0.047,1.243-0.051,2.004-0.847c0.6-0.607,0.795-1.985,0.795-1.985s0.2-1.618,0.2-3.237v-1.517 C22,9.62,21.8,8.001,21.8,8.001z M9.935,14.594l-0.001-5.62l5.404,2.82L9.935,14.594z\"><\/path><\/svg><span class=\"wp-block-social-link-label screen-reader-text\">YouTube<\/span><\/a><\/li>\n\n<li class=\"wp-social-link wp-social-link-facebook  wp-block-social-link\"><a href=\"https:\/\/www.facebook.com\/weikudobrasil\" class=\"wp-block-social-link-anchor\"><svg width=\"24\" height=\"24\" viewBox=\"0 0 24 24\" version=\"1.1\" xmlns=\"http:\/\/www.w3.org\/2000\/svg\" aria-hidden=\"true\" focusable=\"false\"><path d=\"M12 2C6.5 2 2 6.5 2 12c0 5 3.7 9.1 8.4 9.9v-7H7.9V12h2.5V9.8c0-2.5 1.5-3.9 3.8-3.9 1.1 0 2.2.2 2.2.2v2.5h-1.3c-1.2 0-1.6.8-1.6 1.6V12h2.8l-.4 2.9h-2.3v7C18.3 21.1 22 17 22 12c0-5.5-4.5-10-10-10z\"><\/path><\/svg><span class=\"wp-block-social-link-label screen-reader-text\">Facebook<\/span><\/a><\/li>\n\n<li class=\"wp-social-link wp-social-link-pinterest  wp-block-social-link\"><a href=\"https:\/\/br.pinterest.com\/weikudobrasil\/\" class=\"wp-block-social-link-anchor\"><svg width=\"24\" height=\"24\" viewBox=\"0 0 24 24\" version=\"1.1\" xmlns=\"http:\/\/www.w3.org\/2000\/svg\" aria-hidden=\"true\" focusable=\"false\"><path d=\"M12.289,2C6.617,2,3.606,5.648,3.606,9.622c0,1.846,1.025,4.146,2.666,4.878c0.25,0.111,0.381,0.063,0.439-0.169 c0.044-0.175,0.267-1.029,0.365-1.428c0.032-0.128,0.017-0.237-0.091-0.362C6.445,11.911,6.01,10.75,6.01,9.668 c0-2.777,2.194-5.464,5.933-5.464c3.23,0,5.49,2.108,5.49,5.122c0,3.407-1.794,5.768-4.13,5.768c-1.291,0-2.257-1.021-1.948-2.277 c0.372-1.495,1.089-3.112,1.089-4.191c0-0.967-0.542-1.775-1.663-1.775c-1.319,0-2.379,1.309-2.379,3.059 c0,1.115,0.394,1.869,0.394,1.869s-1.302,5.279-1.54,6.261c-0.405,1.666,0.053,4.368,0.094,4.604 c0.021,0.126,0.167,0.169,0.25,0.063c0.129-0.165,1.699-2.419,2.142-4.051c0.158-0.59,0.817-2.995,0.817-2.995 c0.43,0.784,1.681,1.446,3.013,1.446c3.963,0,6.822-3.494,6.822-7.833C20.394,5.112,16.849,2,12.289,2\"><\/path><\/svg><span class=\"wp-block-social-link-label screen-reader-text\">Pinterest<\/span><\/a><\/li><\/ul>\n","protected":false},"excerpt":{"rendered":"<p>Die Teilnahme an der FairTec wurde durch Corstone by Weiku besonders hervorgehoben. Technologie und Innovation geh\u00f6ren zum Alltag von Weiku do Brasil. Vom 8. bis 11. September war das Unternehmen aus Pomerode auf der FairTec, der Technologiemesse f\u00fcr das Bauwesen, vertreten. Die Messe vereint dutzende Aussteller, die technologische L\u00f6sungen f\u00fcr den Baubereich pr\u00e4sentieren. Die FairTec [&hellip;]<\/p>\n","protected":false},"author":35,"featured_media":25122,"comment_status":"closed","ping_status":"open","sticky":false,"template":"","format":"standard","meta":{"_acf_changed":false,"footnotes":""},"categories":[726],"tags":[],"class_list":["post-31829","post","type-post","status-publish","format-standard","has-post-thumbnail","hentry","category-nicht-kategorisiert"],"acf":[],"yoast_head":"<!-- This site is optimized with the Yoast SEO plugin v27.3 - https:\/\/yoast.com\/product\/yoast-seo-wordpress\/ -->\n<title>Weiku do Brasil nimmt an der FairTec 2022 teil - Weiku<\/title>\n<meta name=\"description\" content=\"Technologie und Innovation geh\u00f6ren zum Alltag von Weiku do Brasil. Vom 8. bis 11. September war das Unternehmen aus Pomerode auf der FairTec...\" \/>\n<meta name=\"robots\" content=\"index, follow, max-snippet:-1, max-image-preview:large, max-video-preview:-1\" \/>\n<link rel=\"canonical\" href=\"https:\/\/weiku.com.br\/de\/weiku-do-brasil-nimmt-an-der-fairtec-2022-teil\/\" \/>\n<meta property=\"og:locale\" content=\"de_DE\" \/>\n<meta property=\"og:type\" content=\"article\" \/>\n<meta property=\"og:title\" content=\"Weiku do Brasil nimmt an der FairTec 2022 teil - Weiku\" \/>\n<meta property=\"og:description\" content=\"Technologie und Innovation geh\u00f6ren zum Alltag von Weiku do Brasil. Vom 8. bis 11. September war das Unternehmen aus Pomerode auf der FairTec...\" \/>\n<meta property=\"og:url\" content=\"https:\/\/weiku.com.br\/de\/weiku-do-brasil-nimmt-an-der-fairtec-2022-teil\/\" \/>\n<meta property=\"og:site_name\" content=\"Weiku\" \/>\n<meta property=\"article:published_time\" content=\"2022-09-20T19:27:47+00:00\" \/>\n<meta property=\"article:modified_time\" content=\"2025-07-30T17:57:34+00:00\" \/>\n<meta property=\"og:image\" content=\"https:\/\/weiku.com.br\/wp-content\/uploads\/2022\/09\/Weiku-do-Brasil-participa-da-FairTec-2022.jpeg\" \/>\n\t<meta property=\"og:image:width\" content=\"1600\" \/>\n\t<meta property=\"og:image:height\" content=\"1200\" \/>\n\t<meta property=\"og:image:type\" content=\"image\/jpeg\" \/>\n<meta name=\"author\" content=\"Mateus Fernandes\" \/>\n<meta name=\"twitter:card\" content=\"summary_large_image\" \/>\n<meta name=\"twitter:label1\" content=\"Verfasst von\" \/>\n\t<meta name=\"twitter:data1\" content=\"Mateus Fernandes\" \/>\n\t<meta name=\"twitter:label2\" content=\"Gesch\u00e4tzte Lesezeit\" \/>\n\t<meta name=\"twitter:data2\" content=\"1\u00a0Minute\" \/>\n<script type=\"application\/ld+json\" class=\"yoast-schema-graph\">{\"@context\":\"https:\\\/\\\/schema.org\",\"@graph\":[{\"@type\":\"Article\",\"@id\":\"https:\\\/\\\/weiku.com.br\\\/de\\\/weiku-do-brasil-nimmt-an-der-fairtec-2022-teil\\\/#article\",\"isPartOf\":{\"@id\":\"https:\\\/\\\/weiku.com.br\\\/de\\\/weiku-do-brasil-nimmt-an-der-fairtec-2022-teil\\\/\"},\"author\":{\"name\":\"Mateus Fernandes\",\"@id\":\"https:\\\/\\\/weiku.com.br\\\/de\\\/#\\\/schema\\\/person\\\/a15df1b49db4f0c34776a50f6a0ba70d\"},\"headline\":\"Weiku do Brasil nimmt an der FairTec 2022 teil\",\"datePublished\":\"2022-09-20T19:27:47+00:00\",\"dateModified\":\"2025-07-30T17:57:34+00:00\",\"mainEntityOfPage\":{\"@id\":\"https:\\\/\\\/weiku.com.br\\\/de\\\/weiku-do-brasil-nimmt-an-der-fairtec-2022-teil\\\/\"},\"wordCount\":262,\"image\":{\"@id\":\"https:\\\/\\\/weiku.com.br\\\/de\\\/weiku-do-brasil-nimmt-an-der-fairtec-2022-teil\\\/#primaryimage\"},\"thumbnailUrl\":\"https:\\\/\\\/weiku.com.br\\\/wp-content\\\/uploads\\\/2022\\\/09\\\/Weiku-do-Brasil-participa-da-FairTec-2022.jpeg\",\"articleSection\":[\"Nicht kategorisiert\"],\"inLanguage\":\"de\"},{\"@type\":\"WebPage\",\"@id\":\"https:\\\/\\\/weiku.com.br\\\/de\\\/weiku-do-brasil-nimmt-an-der-fairtec-2022-teil\\\/\",\"url\":\"https:\\\/\\\/weiku.com.br\\\/de\\\/weiku-do-brasil-nimmt-an-der-fairtec-2022-teil\\\/\",\"name\":\"Weiku do Brasil nimmt an der FairTec 2022 teil - Weiku\",\"isPartOf\":{\"@id\":\"https:\\\/\\\/weiku.com.br\\\/de\\\/#website\"},\"primaryImageOfPage\":{\"@id\":\"https:\\\/\\\/weiku.com.br\\\/de\\\/weiku-do-brasil-nimmt-an-der-fairtec-2022-teil\\\/#primaryimage\"},\"image\":{\"@id\":\"https:\\\/\\\/weiku.com.br\\\/de\\\/weiku-do-brasil-nimmt-an-der-fairtec-2022-teil\\\/#primaryimage\"},\"thumbnailUrl\":\"https:\\\/\\\/weiku.com.br\\\/wp-content\\\/uploads\\\/2022\\\/09\\\/Weiku-do-Brasil-participa-da-FairTec-2022.jpeg\",\"datePublished\":\"2022-09-20T19:27:47+00:00\",\"dateModified\":\"2025-07-30T17:57:34+00:00\",\"author\":{\"@id\":\"https:\\\/\\\/weiku.com.br\\\/de\\\/#\\\/schema\\\/person\\\/a15df1b49db4f0c34776a50f6a0ba70d\"},\"description\":\"Technologie und Innovation geh\u00f6ren zum Alltag von Weiku do Brasil. Vom 8. bis 11. September war das Unternehmen aus Pomerode auf der FairTec...\",\"breadcrumb\":{\"@id\":\"https:\\\/\\\/weiku.com.br\\\/de\\\/weiku-do-brasil-nimmt-an-der-fairtec-2022-teil\\\/#breadcrumb\"},\"inLanguage\":\"de\",\"potentialAction\":[{\"@type\":\"ReadAction\",\"target\":[\"https:\\\/\\\/weiku.com.br\\\/de\\\/weiku-do-brasil-nimmt-an-der-fairtec-2022-teil\\\/\"]}]},{\"@type\":\"ImageObject\",\"inLanguage\":\"de\",\"@id\":\"https:\\\/\\\/weiku.com.br\\\/de\\\/weiku-do-brasil-nimmt-an-der-fairtec-2022-teil\\\/#primaryimage\",\"url\":\"https:\\\/\\\/weiku.com.br\\\/wp-content\\\/uploads\\\/2022\\\/09\\\/Weiku-do-Brasil-participa-da-FairTec-2022.jpeg\",\"contentUrl\":\"https:\\\/\\\/weiku.com.br\\\/wp-content\\\/uploads\\\/2022\\\/09\\\/Weiku-do-Brasil-participa-da-FairTec-2022.jpeg\",\"width\":1600,\"height\":1200},{\"@type\":\"BreadcrumbList\",\"@id\":\"https:\\\/\\\/weiku.com.br\\\/de\\\/weiku-do-brasil-nimmt-an-der-fairtec-2022-teil\\\/#breadcrumb\",\"itemListElement\":[{\"@type\":\"ListItem\",\"position\":1,\"name\":\"In\u00edcio\",\"item\":\"https:\\\/\\\/weiku.com.br\\\/de\\\/\"},{\"@type\":\"ListItem\",\"position\":2,\"name\":\"Weiku do Brasil nimmt an der FairTec 2022 teil\"}]},{\"@type\":\"WebSite\",\"@id\":\"https:\\\/\\\/weiku.com.br\\\/de\\\/#website\",\"url\":\"https:\\\/\\\/weiku.com.br\\\/de\\\/\",\"name\":\"Weiku\",\"description\":\"Esquadrias de PVC - Weiku do Brasil\",\"potentialAction\":[{\"@type\":\"SearchAction\",\"target\":{\"@type\":\"EntryPoint\",\"urlTemplate\":\"https:\\\/\\\/weiku.com.br\\\/de\\\/?s={search_term_string}\"},\"query-input\":{\"@type\":\"PropertyValueSpecification\",\"valueRequired\":true,\"valueName\":\"search_term_string\"}}],\"inLanguage\":\"de\"},{\"@type\":\"Person\",\"@id\":\"https:\\\/\\\/weiku.com.br\\\/de\\\/#\\\/schema\\\/person\\\/a15df1b49db4f0c34776a50f6a0ba70d\",\"name\":\"Mateus Fernandes\",\"image\":{\"@type\":\"ImageObject\",\"inLanguage\":\"de\",\"@id\":\"https:\\\/\\\/weiku.com.br\\\/wp-content\\\/litespeed\\\/avatar\\\/900ee9f544fa1ea84bffb5ef4c3394f3.jpg?ver=1777254458\",\"url\":\"https:\\\/\\\/weiku.com.br\\\/wp-content\\\/litespeed\\\/avatar\\\/900ee9f544fa1ea84bffb5ef4c3394f3.jpg?ver=1777254458\",\"contentUrl\":\"https:\\\/\\\/weiku.com.br\\\/wp-content\\\/litespeed\\\/avatar\\\/900ee9f544fa1ea84bffb5ef4c3394f3.jpg?ver=1777254458\",\"caption\":\"Mateus Fernandes\"},\"sameAs\":[\"http:\\\/\\\/www.weiku.com.br\"],\"url\":\"https:\\\/\\\/weiku.com.br\\\/de\\\/author\\\/mateus\\\/\"}]}<\/script>\n<!-- \/ Yoast SEO plugin. -->","yoast_head_json":{"title":"Weiku do Brasil nimmt an der FairTec 2022 teil - Weiku","description":"Technologie und Innovation geh\u00f6ren zum Alltag von Weiku do Brasil. Vom 8. bis 11. September war das Unternehmen aus Pomerode auf der FairTec...","robots":{"index":"index","follow":"follow","max-snippet":"max-snippet:-1","max-image-preview":"max-image-preview:large","max-video-preview":"max-video-preview:-1"},"canonical":"https:\/\/weiku.com.br\/de\/weiku-do-brasil-nimmt-an-der-fairtec-2022-teil\/","og_locale":"de_DE","og_type":"article","og_title":"Weiku do Brasil nimmt an der FairTec 2022 teil - Weiku","og_description":"Technologie und Innovation geh\u00f6ren zum Alltag von Weiku do Brasil. Vom 8. bis 11. September war das Unternehmen aus Pomerode auf der FairTec...","og_url":"https:\/\/weiku.com.br\/de\/weiku-do-brasil-nimmt-an-der-fairtec-2022-teil\/","og_site_name":"Weiku","article_published_time":"2022-09-20T19:27:47+00:00","article_modified_time":"2025-07-30T17:57:34+00:00","og_image":[{"width":1600,"height":1200,"url":"https:\/\/weiku.com.br\/wp-content\/uploads\/2022\/09\/Weiku-do-Brasil-participa-da-FairTec-2022.jpeg","type":"image\/jpeg"}],"author":"Mateus Fernandes","twitter_card":"summary_large_image","twitter_misc":{"Verfasst von":"Mateus Fernandes","Gesch\u00e4tzte Lesezeit":"1\u00a0Minute"},"schema":{"@context":"https:\/\/schema.org","@graph":[{"@type":"Article","@id":"https:\/\/weiku.com.br\/de\/weiku-do-brasil-nimmt-an-der-fairtec-2022-teil\/#article","isPartOf":{"@id":"https:\/\/weiku.com.br\/de\/weiku-do-brasil-nimmt-an-der-fairtec-2022-teil\/"},"author":{"name":"Mateus Fernandes","@id":"https:\/\/weiku.com.br\/de\/#\/schema\/person\/a15df1b49db4f0c34776a50f6a0ba70d"},"headline":"Weiku do Brasil nimmt an der FairTec 2022 teil","datePublished":"2022-09-20T19:27:47+00:00","dateModified":"2025-07-30T17:57:34+00:00","mainEntityOfPage":{"@id":"https:\/\/weiku.com.br\/de\/weiku-do-brasil-nimmt-an-der-fairtec-2022-teil\/"},"wordCount":262,"image":{"@id":"https:\/\/weiku.com.br\/de\/weiku-do-brasil-nimmt-an-der-fairtec-2022-teil\/#primaryimage"},"thumbnailUrl":"https:\/\/weiku.com.br\/wp-content\/uploads\/2022\/09\/Weiku-do-Brasil-participa-da-FairTec-2022.jpeg","articleSection":["Nicht kategorisiert"],"inLanguage":"de"},{"@type":"WebPage","@id":"https:\/\/weiku.com.br\/de\/weiku-do-brasil-nimmt-an-der-fairtec-2022-teil\/","url":"https:\/\/weiku.com.br\/de\/weiku-do-brasil-nimmt-an-der-fairtec-2022-teil\/","name":"Weiku do Brasil nimmt an der FairTec 2022 teil - Weiku","isPartOf":{"@id":"https:\/\/weiku.com.br\/de\/#website"},"primaryImageOfPage":{"@id":"https:\/\/weiku.com.br\/de\/weiku-do-brasil-nimmt-an-der-fairtec-2022-teil\/#primaryimage"},"image":{"@id":"https:\/\/weiku.com.br\/de\/weiku-do-brasil-nimmt-an-der-fairtec-2022-teil\/#primaryimage"},"thumbnailUrl":"https:\/\/weiku.com.br\/wp-content\/uploads\/2022\/09\/Weiku-do-Brasil-participa-da-FairTec-2022.jpeg","datePublished":"2022-09-20T19:27:47+00:00","dateModified":"2025-07-30T17:57:34+00:00","author":{"@id":"https:\/\/weiku.com.br\/de\/#\/schema\/person\/a15df1b49db4f0c34776a50f6a0ba70d"},"description":"Technologie und Innovation geh\u00f6ren zum Alltag von Weiku do Brasil. Vom 8. bis 11. September war das Unternehmen aus Pomerode auf der FairTec...","breadcrumb":{"@id":"https:\/\/weiku.com.br\/de\/weiku-do-brasil-nimmt-an-der-fairtec-2022-teil\/#breadcrumb"},"inLanguage":"de","potentialAction":[{"@type":"ReadAction","target":["https:\/\/weiku.com.br\/de\/weiku-do-brasil-nimmt-an-der-fairtec-2022-teil\/"]}]},{"@type":"ImageObject","inLanguage":"de","@id":"https:\/\/weiku.com.br\/de\/weiku-do-brasil-nimmt-an-der-fairtec-2022-teil\/#primaryimage","url":"https:\/\/weiku.com.br\/wp-content\/uploads\/2022\/09\/Weiku-do-Brasil-participa-da-FairTec-2022.jpeg","contentUrl":"https:\/\/weiku.com.br\/wp-content\/uploads\/2022\/09\/Weiku-do-Brasil-participa-da-FairTec-2022.jpeg","width":1600,"height":1200},{"@type":"BreadcrumbList","@id":"https:\/\/weiku.com.br\/de\/weiku-do-brasil-nimmt-an-der-fairtec-2022-teil\/#breadcrumb","itemListElement":[{"@type":"ListItem","position":1,"name":"In\u00edcio","item":"https:\/\/weiku.com.br\/de\/"},{"@type":"ListItem","position":2,"name":"Weiku do Brasil nimmt an der FairTec 2022 teil"}]},{"@type":"WebSite","@id":"https:\/\/weiku.com.br\/de\/#website","url":"https:\/\/weiku.com.br\/de\/","name":"Weiku","description":"Esquadrias de PVC - Weiku do Brasil","potentialAction":[{"@type":"SearchAction","target":{"@type":"EntryPoint","urlTemplate":"https:\/\/weiku.com.br\/de\/?s={search_term_string}"},"query-input":{"@type":"PropertyValueSpecification","valueRequired":true,"valueName":"search_term_string"}}],"inLanguage":"de"},{"@type":"Person","@id":"https:\/\/weiku.com.br\/de\/#\/schema\/person\/a15df1b49db4f0c34776a50f6a0ba70d","name":"Mateus Fernandes","image":{"@type":"ImageObject","inLanguage":"de","@id":"https:\/\/weiku.com.br\/wp-content\/litespeed\/avatar\/900ee9f544fa1ea84bffb5ef4c3394f3.jpg?ver=1777254458","url":"https:\/\/weiku.com.br\/wp-content\/litespeed\/avatar\/900ee9f544fa1ea84bffb5ef4c3394f3.jpg?ver=1777254458","contentUrl":"https:\/\/weiku.com.br\/wp-content\/litespeed\/avatar\/900ee9f544fa1ea84bffb5ef4c3394f3.jpg?ver=1777254458","caption":"Mateus Fernandes"},"sameAs":["http:\/\/www.weiku.com.br"],"url":"https:\/\/weiku.com.br\/de\/author\/mateus\/"}]}},"_links":{"self":[{"href":"https:\/\/weiku.com.br\/de\/wp-json\/wp\/v2\/posts\/31829","targetHints":{"allow":["GET"]}}],"collection":[{"href":"https:\/\/weiku.com.br\/de\/wp-json\/wp\/v2\/posts"}],"about":[{"href":"https:\/\/weiku.com.br\/de\/wp-json\/wp\/v2\/types\/post"}],"author":[{"embeddable":true,"href":"https:\/\/weiku.com.br\/de\/wp-json\/wp\/v2\/users\/35"}],"replies":[{"embeddable":true,"href":"https:\/\/weiku.com.br\/de\/wp-json\/wp\/v2\/comments?post=31829"}],"version-history":[{"count":1,"href":"https:\/\/weiku.com.br\/de\/wp-json\/wp\/v2\/posts\/31829\/revisions"}],"predecessor-version":[{"id":31830,"href":"https:\/\/weiku.com.br\/de\/wp-json\/wp\/v2\/posts\/31829\/revisions\/31830"}],"wp:featuredmedia":[{"embeddable":true,"href":"https:\/\/weiku.com.br\/de\/wp-json\/wp\/v2\/media\/25122"}],"wp:attachment":[{"href":"https:\/\/weiku.com.br\/de\/wp-json\/wp\/v2\/media?parent=31829"}],"wp:term":[{"taxonomy":"category","embeddable":true,"href":"https:\/\/weiku.com.br\/de\/wp-json\/wp\/v2\/categories?post=31829"},{"taxonomy":"post_tag","embeddable":true,"href":"https:\/\/weiku.com.br\/de\/wp-json\/wp\/v2\/tags?post=31829"}],"curies":[{"name":"wp","href":"https:\/\/api.w.org\/{rel}","templated":true}]}}