{"id":27051,"date":"2023-07-25T08:00:00","date_gmt":"2023-07-25T11:00:00","guid":{"rendered":"https:\/\/weiku.com.br\/weiku-do-brasil-eine-referenz-fuer-intelligente-loesungen-aus-pvc-fenstern-und-tueren\/"},"modified":"2025-07-22T15:53:45","modified_gmt":"2025-07-22T18:53:45","slug":"weiku-do-brasil-eine-referenz-fuer-intelligente-loesungen-aus-pvc-fenstern-und-tueren","status":"publish","type":"post","link":"https:\/\/weiku.com.br\/de\/weiku-do-brasil-eine-referenz-fuer-intelligente-loesungen-aus-pvc-fenstern-und-tueren\/","title":{"rendered":"Weiku do Brasil: eine Referenz f\u00fcr intelligente L\u00f6sungen aus PVC-Fenstern und -T\u00fcren"},"content":{"rendered":"\n<p>Wenn es darum geht, das beste Unternehmen f\u00fcr PVC-Fenster- und T\u00fcrl\u00f6sungen auszuw\u00e4hlen, hebt sich Weiku mit Stolz als eine der f\u00fchrenden Marken der Branche hervor. Mit einer soliden Erfahrung von 25 Jahren auf dem Markt hat sich Weiku als Referenz etabliert, wenn es um Qualit\u00e4t, Innovation und fortschrittliche Technologie geht. <\/p>\n\n<figure class=\"wp-block-image size-large\"><img decoding=\"async\" src=\"https:\/\/weiku.cordilheiramidias.com\/wp-content\/uploads\/2023\/07\/DJI_0368-1024x767.jpg\" alt=\"weiku-do-brasil stellt pvc-fenster her\" class=\"wp-image-16656\"\/><\/figure>\n\n<p>Eines der gr\u00f6\u00dften Alleinstellungsmerkmale von Weiku ist ihr deutscher Ursprung, der weltweit f\u00fcr herausragende Ingenieurskunst und technische Pr\u00e4zision bekannt ist. Dieses deutsche Erbe durchzieht jede Phase des Produktionsprozesses und gew\u00e4hrleistet Produkte von h\u00f6chster Qualit\u00e4t und Langlebigkeit. Die PVC-Fenster und -T\u00fcren von Weiku werden mit modernsten Techniken und Materialien hergestellt und bieten L\u00f6sungen, die selbst die Erwartungen der anspruchsvollsten Kunden \u00fcbertreffen.  <\/p>\n\n<p>Neben modernster Technologie zeichnet sich Weiku auch durch einen individuellen Kundenservice aus. Das Unternehmen versteht, dass jeder Kunde einzigartige Bed\u00fcrfnisse hat, und arbeitet daher eng und partnerschaftlich zusammen, um die spezifischen Anforderungen jedes <a href=\"https:\/\/www.youtube.com\/watch?v=7f1iHX5hzKE&amp;ab_channel=WeikudoBrasil\">Projekts <\/a>zu verstehen und zu erf\u00fcllen. Das hochqualifizierte Team von Weiku steht jederzeit bereit, um Unterst\u00fctzung und Beratung zu bieten von der Auswahl des passenden Modells \u00fcber die Montage bis hin zum After-Sales-Service.  <\/p>\n\n<p>Wenn Sie sich f\u00fcr Weiku entscheiden, k\u00f6nnen Sie sicher sein, dass Sie intelligente L\u00f6sungen w\u00e4hlen, die Ihrem Raum Wert und Komfort verleihen. Die PVC-Fenster und -T\u00fcren von Weiku bieten eine Reihe von Vorteilen, wie eine leistungsstarke Schall- und W\u00e4rmed\u00e4mmung, Widerstandsf\u00e4higkeit gegen\u00fcber Witterungseinfl\u00fcssen und erh\u00f6hte Sicherheit. Dar\u00fcber hinaus sorgt die Langlebigkeit der Produkte f\u00fcr erhebliche Einsparungen auf lange Sicht, da sie keine st\u00e4ndige Wartung erfordern und eine hervorragende Abdichtung bieten.  <\/p>\n\n<figure class=\"wp-block-image size-large\"><img decoding=\"async\" src=\"https:\/\/weiku.cordilheiramidias.com\/wp-content\/uploads\/2023\/07\/17112021-_MG_3929-1024x706.jpg\" alt=\"extrusionsmaschine f&#xFC;r pvc weiku\" class=\"wp-image-16657\"\/><\/figure>\n\n<p>Weiku versteht die Bedeutung der Verbindung von \u00c4sthetik und Funktionalit\u00e4t in ihren Produkten. Daher bietet das Unternehmen eine gro\u00dfe Auswahl an <a href=\"https:\/\/weiku.cordilheiramidias.com\/produtos\/\">Personalisierungsoptionen<\/a>, sodass Sie zwischen verschiedenen Oberfl\u00e4chen, Farben und Designs w\u00e4hlen k\u00f6nnen \u2013 und sicherstellen, dass sich die PVC-Fenster und -T\u00fcren harmonisch in den Stil und die Gestaltung Ihres Raums einf\u00fcgen. <\/p>\n\n<p>Wenn Sie auf der Suche nach Qualit\u00e4t, modernster Technologie und einem herausragenden Kundenservice sind, ist Weiku die richtige Wahl. Mit 25 Jahren Erfahrung, deutscher Technologie und einem unerm\u00fcdlichen Engagement f\u00fcr Kundenzufriedenheit bleibt Weiku eine Referenz im Markt f\u00fcr intelligente L\u00f6sungen aus PVC-Fenstern und -T\u00fcren. Werden Sie Teil dieser Erfolgsgeschichte und erleben Sie, was es hei\u00dft, mit Komfort, Sicherheit und Stil zu wohnen.  <\/p>\n","protected":false},"excerpt":{"rendered":"<p>Wenn es darum geht, das beste Unternehmen f\u00fcr PVC-Fenster- und T\u00fcrl\u00f6sungen auszuw\u00e4hlen, hebt sich Weiku mit Stolz als eine der f\u00fchrenden Marken der Branche hervor. Mit einer soliden Erfahrung von 25 Jahren auf dem Markt hat sich Weiku als Referenz etabliert, wenn es um Qualit\u00e4t, Innovation und fortschrittliche Technologie geht. Eines der gr\u00f6\u00dften Alleinstellungsmerkmale von [&hellip;]<\/p>\n","protected":false},"author":35,"featured_media":25252,"comment_status":"closed","ping_status":"open","sticky":false,"template":"","format":"standard","meta":{"_acf_changed":false,"footnotes":""},"categories":[726],"tags":[],"class_list":["post-27051","post","type-post","status-publish","format-standard","has-post-thumbnail","hentry","category-nicht-kategorisiert"],"acf":[],"yoast_head":"<!-- This site is optimized with the Yoast SEO plugin v27.3 - https:\/\/yoast.com\/product\/yoast-seo-wordpress\/ -->\n<title>Weiku do Brasil: Eine Referenz f\u00fcr PVC-Fenster und -T\u00fcren<\/title>\n<meta name=\"description\" content=\"Mit 25 Jahren Erfahrung auf dem Markt hat sich Weiku als eine Referenz etabliert, wenn es um die Qualit\u00e4t von PVC-Fenstern und -T\u00fcren geht.\" \/>\n<meta name=\"robots\" content=\"index, follow, max-snippet:-1, max-image-preview:large, max-video-preview:-1\" \/>\n<link rel=\"canonical\" href=\"https:\/\/weiku.com.br\/de\/weiku-do-brasil-eine-referenz-fuer-intelligente-loesungen-aus-pvc-fenstern-und-tueren\/\" \/>\n<meta property=\"og:locale\" content=\"de_DE\" \/>\n<meta property=\"og:type\" content=\"article\" \/>\n<meta property=\"og:title\" content=\"Weiku do Brasil: Eine Referenz f\u00fcr PVC-Fenster und -T\u00fcren\" \/>\n<meta property=\"og:description\" content=\"Mit 25 Jahren Erfahrung auf dem Markt hat sich Weiku als eine Referenz etabliert, wenn es um die Qualit\u00e4t von PVC-Fenstern und -T\u00fcren geht.\" \/>\n<meta property=\"og:url\" content=\"https:\/\/weiku.com.br\/de\/weiku-do-brasil-eine-referenz-fuer-intelligente-loesungen-aus-pvc-fenstern-und-tueren\/\" \/>\n<meta property=\"og:site_name\" content=\"Weiku\" \/>\n<meta property=\"article:published_time\" content=\"2023-07-25T11:00:00+00:00\" \/>\n<meta property=\"article:modified_time\" content=\"2025-07-22T18:53:45+00:00\" \/>\n<meta property=\"og:image\" content=\"https:\/\/weiku.com.br\/wp-content\/uploads\/2023\/07\/DJI_0368-scaled-1.jpg\" \/>\n\t<meta property=\"og:image:width\" content=\"1600\" \/>\n\t<meta property=\"og:image:height\" content=\"1199\" \/>\n\t<meta property=\"og:image:type\" content=\"image\/jpeg\" \/>\n<meta name=\"author\" content=\"Mateus Fernandes\" \/>\n<meta name=\"twitter:card\" content=\"summary_large_image\" \/>\n<meta name=\"twitter:label1\" content=\"Verfasst von\" \/>\n\t<meta name=\"twitter:data1\" content=\"Mateus Fernandes\" \/>\n\t<meta name=\"twitter:label2\" content=\"Gesch\u00e4tzte Lesezeit\" \/>\n\t<meta name=\"twitter:data2\" content=\"2\u00a0Minuten\" \/>\n<script type=\"application\/ld+json\" class=\"yoast-schema-graph\">{\"@context\":\"https:\\\/\\\/schema.org\",\"@graph\":[{\"@type\":\"Article\",\"@id\":\"https:\\\/\\\/weiku.com.br\\\/de\\\/weiku-do-brasil-eine-referenz-fuer-intelligente-loesungen-aus-pvc-fenstern-und-tueren\\\/#article\",\"isPartOf\":{\"@id\":\"https:\\\/\\\/weiku.com.br\\\/de\\\/weiku-do-brasil-eine-referenz-fuer-intelligente-loesungen-aus-pvc-fenstern-und-tueren\\\/\"},\"author\":{\"name\":\"Mateus Fernandes\",\"@id\":\"https:\\\/\\\/weiku.com.br\\\/de\\\/#\\\/schema\\\/person\\\/a15df1b49db4f0c34776a50f6a0ba70d\"},\"headline\":\"Weiku do Brasil: eine Referenz f\u00fcr intelligente L\u00f6sungen aus PVC-Fenstern und -T\u00fcren\",\"datePublished\":\"2023-07-25T11:00:00+00:00\",\"dateModified\":\"2025-07-22T18:53:45+00:00\",\"mainEntityOfPage\":{\"@id\":\"https:\\\/\\\/weiku.com.br\\\/de\\\/weiku-do-brasil-eine-referenz-fuer-intelligente-loesungen-aus-pvc-fenstern-und-tueren\\\/\"},\"wordCount\":415,\"image\":{\"@id\":\"https:\\\/\\\/weiku.com.br\\\/de\\\/weiku-do-brasil-eine-referenz-fuer-intelligente-loesungen-aus-pvc-fenstern-und-tueren\\\/#primaryimage\"},\"thumbnailUrl\":\"https:\\\/\\\/weiku.com.br\\\/wp-content\\\/uploads\\\/2023\\\/07\\\/DJI_0368-scaled-1.jpg\",\"articleSection\":[\"Nicht kategorisiert\"],\"inLanguage\":\"de\"},{\"@type\":\"WebPage\",\"@id\":\"https:\\\/\\\/weiku.com.br\\\/de\\\/weiku-do-brasil-eine-referenz-fuer-intelligente-loesungen-aus-pvc-fenstern-und-tueren\\\/\",\"url\":\"https:\\\/\\\/weiku.com.br\\\/de\\\/weiku-do-brasil-eine-referenz-fuer-intelligente-loesungen-aus-pvc-fenstern-und-tueren\\\/\",\"name\":\"Weiku do Brasil: Eine Referenz f\u00fcr PVC-Fenster und -T\u00fcren\",\"isPartOf\":{\"@id\":\"https:\\\/\\\/weiku.com.br\\\/de\\\/#website\"},\"primaryImageOfPage\":{\"@id\":\"https:\\\/\\\/weiku.com.br\\\/de\\\/weiku-do-brasil-eine-referenz-fuer-intelligente-loesungen-aus-pvc-fenstern-und-tueren\\\/#primaryimage\"},\"image\":{\"@id\":\"https:\\\/\\\/weiku.com.br\\\/de\\\/weiku-do-brasil-eine-referenz-fuer-intelligente-loesungen-aus-pvc-fenstern-und-tueren\\\/#primaryimage\"},\"thumbnailUrl\":\"https:\\\/\\\/weiku.com.br\\\/wp-content\\\/uploads\\\/2023\\\/07\\\/DJI_0368-scaled-1.jpg\",\"datePublished\":\"2023-07-25T11:00:00+00:00\",\"dateModified\":\"2025-07-22T18:53:45+00:00\",\"author\":{\"@id\":\"https:\\\/\\\/weiku.com.br\\\/de\\\/#\\\/schema\\\/person\\\/a15df1b49db4f0c34776a50f6a0ba70d\"},\"description\":\"Mit 25 Jahren Erfahrung auf dem Markt hat sich Weiku als eine Referenz etabliert, wenn es um die Qualit\u00e4t von PVC-Fenstern und -T\u00fcren geht.\",\"breadcrumb\":{\"@id\":\"https:\\\/\\\/weiku.com.br\\\/de\\\/weiku-do-brasil-eine-referenz-fuer-intelligente-loesungen-aus-pvc-fenstern-und-tueren\\\/#breadcrumb\"},\"inLanguage\":\"de\",\"potentialAction\":[{\"@type\":\"ReadAction\",\"target\":[\"https:\\\/\\\/weiku.com.br\\\/de\\\/weiku-do-brasil-eine-referenz-fuer-intelligente-loesungen-aus-pvc-fenstern-und-tueren\\\/\"]}]},{\"@type\":\"ImageObject\",\"inLanguage\":\"de\",\"@id\":\"https:\\\/\\\/weiku.com.br\\\/de\\\/weiku-do-brasil-eine-referenz-fuer-intelligente-loesungen-aus-pvc-fenstern-und-tueren\\\/#primaryimage\",\"url\":\"https:\\\/\\\/weiku.com.br\\\/wp-content\\\/uploads\\\/2023\\\/07\\\/DJI_0368-scaled-1.jpg\",\"contentUrl\":\"https:\\\/\\\/weiku.com.br\\\/wp-content\\\/uploads\\\/2023\\\/07\\\/DJI_0368-scaled-1.jpg\",\"width\":1600,\"height\":1199,\"caption\":\"Parque fabril Weiku\"},{\"@type\":\"BreadcrumbList\",\"@id\":\"https:\\\/\\\/weiku.com.br\\\/de\\\/weiku-do-brasil-eine-referenz-fuer-intelligente-loesungen-aus-pvc-fenstern-und-tueren\\\/#breadcrumb\",\"itemListElement\":[{\"@type\":\"ListItem\",\"position\":1,\"name\":\"In\u00edcio\",\"item\":\"https:\\\/\\\/weiku.com.br\\\/de\\\/\"},{\"@type\":\"ListItem\",\"position\":2,\"name\":\"Weiku do Brasil: eine Referenz f\u00fcr intelligente L\u00f6sungen aus PVC-Fenstern und -T\u00fcren\"}]},{\"@type\":\"WebSite\",\"@id\":\"https:\\\/\\\/weiku.com.br\\\/de\\\/#website\",\"url\":\"https:\\\/\\\/weiku.com.br\\\/de\\\/\",\"name\":\"Weiku\",\"description\":\"Esquadrias de PVC - Weiku do Brasil\",\"potentialAction\":[{\"@type\":\"SearchAction\",\"target\":{\"@type\":\"EntryPoint\",\"urlTemplate\":\"https:\\\/\\\/weiku.com.br\\\/de\\\/?s={search_term_string}\"},\"query-input\":{\"@type\":\"PropertyValueSpecification\",\"valueRequired\":true,\"valueName\":\"search_term_string\"}}],\"inLanguage\":\"de\"},{\"@type\":\"Person\",\"@id\":\"https:\\\/\\\/weiku.com.br\\\/de\\\/#\\\/schema\\\/person\\\/a15df1b49db4f0c34776a50f6a0ba70d\",\"name\":\"Mateus Fernandes\",\"image\":{\"@type\":\"ImageObject\",\"inLanguage\":\"de\",\"@id\":\"https:\\\/\\\/weiku.com.br\\\/wp-content\\\/litespeed\\\/avatar\\\/900ee9f544fa1ea84bffb5ef4c3394f3.jpg?ver=1777254458\",\"url\":\"https:\\\/\\\/weiku.com.br\\\/wp-content\\\/litespeed\\\/avatar\\\/900ee9f544fa1ea84bffb5ef4c3394f3.jpg?ver=1777254458\",\"contentUrl\":\"https:\\\/\\\/weiku.com.br\\\/wp-content\\\/litespeed\\\/avatar\\\/900ee9f544fa1ea84bffb5ef4c3394f3.jpg?ver=1777254458\",\"caption\":\"Mateus Fernandes\"},\"sameAs\":[\"http:\\\/\\\/www.weiku.com.br\"],\"url\":\"https:\\\/\\\/weiku.com.br\\\/de\\\/author\\\/mateus\\\/\"}]}<\/script>\n<!-- \/ Yoast SEO plugin. -->","yoast_head_json":{"title":"Weiku do Brasil: Eine Referenz f\u00fcr PVC-Fenster und -T\u00fcren","description":"Mit 25 Jahren Erfahrung auf dem Markt hat sich Weiku als eine Referenz etabliert, wenn es um die Qualit\u00e4t von PVC-Fenstern und -T\u00fcren geht.","robots":{"index":"index","follow":"follow","max-snippet":"max-snippet:-1","max-image-preview":"max-image-preview:large","max-video-preview":"max-video-preview:-1"},"canonical":"https:\/\/weiku.com.br\/de\/weiku-do-brasil-eine-referenz-fuer-intelligente-loesungen-aus-pvc-fenstern-und-tueren\/","og_locale":"de_DE","og_type":"article","og_title":"Weiku do Brasil: Eine Referenz f\u00fcr PVC-Fenster und -T\u00fcren","og_description":"Mit 25 Jahren Erfahrung auf dem Markt hat sich Weiku als eine Referenz etabliert, wenn es um die Qualit\u00e4t von PVC-Fenstern und -T\u00fcren geht.","og_url":"https:\/\/weiku.com.br\/de\/weiku-do-brasil-eine-referenz-fuer-intelligente-loesungen-aus-pvc-fenstern-und-tueren\/","og_site_name":"Weiku","article_published_time":"2023-07-25T11:00:00+00:00","article_modified_time":"2025-07-22T18:53:45+00:00","og_image":[{"width":1600,"height":1199,"url":"https:\/\/weiku.com.br\/wp-content\/uploads\/2023\/07\/DJI_0368-scaled-1.jpg","type":"image\/jpeg"}],"author":"Mateus Fernandes","twitter_card":"summary_large_image","twitter_misc":{"Verfasst von":"Mateus Fernandes","Gesch\u00e4tzte Lesezeit":"2\u00a0Minuten"},"schema":{"@context":"https:\/\/schema.org","@graph":[{"@type":"Article","@id":"https:\/\/weiku.com.br\/de\/weiku-do-brasil-eine-referenz-fuer-intelligente-loesungen-aus-pvc-fenstern-und-tueren\/#article","isPartOf":{"@id":"https:\/\/weiku.com.br\/de\/weiku-do-brasil-eine-referenz-fuer-intelligente-loesungen-aus-pvc-fenstern-und-tueren\/"},"author":{"name":"Mateus Fernandes","@id":"https:\/\/weiku.com.br\/de\/#\/schema\/person\/a15df1b49db4f0c34776a50f6a0ba70d"},"headline":"Weiku do Brasil: eine Referenz f\u00fcr intelligente L\u00f6sungen aus PVC-Fenstern und -T\u00fcren","datePublished":"2023-07-25T11:00:00+00:00","dateModified":"2025-07-22T18:53:45+00:00","mainEntityOfPage":{"@id":"https:\/\/weiku.com.br\/de\/weiku-do-brasil-eine-referenz-fuer-intelligente-loesungen-aus-pvc-fenstern-und-tueren\/"},"wordCount":415,"image":{"@id":"https:\/\/weiku.com.br\/de\/weiku-do-brasil-eine-referenz-fuer-intelligente-loesungen-aus-pvc-fenstern-und-tueren\/#primaryimage"},"thumbnailUrl":"https:\/\/weiku.com.br\/wp-content\/uploads\/2023\/07\/DJI_0368-scaled-1.jpg","articleSection":["Nicht kategorisiert"],"inLanguage":"de"},{"@type":"WebPage","@id":"https:\/\/weiku.com.br\/de\/weiku-do-brasil-eine-referenz-fuer-intelligente-loesungen-aus-pvc-fenstern-und-tueren\/","url":"https:\/\/weiku.com.br\/de\/weiku-do-brasil-eine-referenz-fuer-intelligente-loesungen-aus-pvc-fenstern-und-tueren\/","name":"Weiku do Brasil: Eine Referenz f\u00fcr PVC-Fenster und -T\u00fcren","isPartOf":{"@id":"https:\/\/weiku.com.br\/de\/#website"},"primaryImageOfPage":{"@id":"https:\/\/weiku.com.br\/de\/weiku-do-brasil-eine-referenz-fuer-intelligente-loesungen-aus-pvc-fenstern-und-tueren\/#primaryimage"},"image":{"@id":"https:\/\/weiku.com.br\/de\/weiku-do-brasil-eine-referenz-fuer-intelligente-loesungen-aus-pvc-fenstern-und-tueren\/#primaryimage"},"thumbnailUrl":"https:\/\/weiku.com.br\/wp-content\/uploads\/2023\/07\/DJI_0368-scaled-1.jpg","datePublished":"2023-07-25T11:00:00+00:00","dateModified":"2025-07-22T18:53:45+00:00","author":{"@id":"https:\/\/weiku.com.br\/de\/#\/schema\/person\/a15df1b49db4f0c34776a50f6a0ba70d"},"description":"Mit 25 Jahren Erfahrung auf dem Markt hat sich Weiku als eine Referenz etabliert, wenn es um die Qualit\u00e4t von PVC-Fenstern und -T\u00fcren geht.","breadcrumb":{"@id":"https:\/\/weiku.com.br\/de\/weiku-do-brasil-eine-referenz-fuer-intelligente-loesungen-aus-pvc-fenstern-und-tueren\/#breadcrumb"},"inLanguage":"de","potentialAction":[{"@type":"ReadAction","target":["https:\/\/weiku.com.br\/de\/weiku-do-brasil-eine-referenz-fuer-intelligente-loesungen-aus-pvc-fenstern-und-tueren\/"]}]},{"@type":"ImageObject","inLanguage":"de","@id":"https:\/\/weiku.com.br\/de\/weiku-do-brasil-eine-referenz-fuer-intelligente-loesungen-aus-pvc-fenstern-und-tueren\/#primaryimage","url":"https:\/\/weiku.com.br\/wp-content\/uploads\/2023\/07\/DJI_0368-scaled-1.jpg","contentUrl":"https:\/\/weiku.com.br\/wp-content\/uploads\/2023\/07\/DJI_0368-scaled-1.jpg","width":1600,"height":1199,"caption":"Parque fabril Weiku"},{"@type":"BreadcrumbList","@id":"https:\/\/weiku.com.br\/de\/weiku-do-brasil-eine-referenz-fuer-intelligente-loesungen-aus-pvc-fenstern-und-tueren\/#breadcrumb","itemListElement":[{"@type":"ListItem","position":1,"name":"In\u00edcio","item":"https:\/\/weiku.com.br\/de\/"},{"@type":"ListItem","position":2,"name":"Weiku do Brasil: eine Referenz f\u00fcr intelligente L\u00f6sungen aus PVC-Fenstern und -T\u00fcren"}]},{"@type":"WebSite","@id":"https:\/\/weiku.com.br\/de\/#website","url":"https:\/\/weiku.com.br\/de\/","name":"Weiku","description":"Esquadrias de PVC - Weiku do Brasil","potentialAction":[{"@type":"SearchAction","target":{"@type":"EntryPoint","urlTemplate":"https:\/\/weiku.com.br\/de\/?s={search_term_string}"},"query-input":{"@type":"PropertyValueSpecification","valueRequired":true,"valueName":"search_term_string"}}],"inLanguage":"de"},{"@type":"Person","@id":"https:\/\/weiku.com.br\/de\/#\/schema\/person\/a15df1b49db4f0c34776a50f6a0ba70d","name":"Mateus Fernandes","image":{"@type":"ImageObject","inLanguage":"de","@id":"https:\/\/weiku.com.br\/wp-content\/litespeed\/avatar\/900ee9f544fa1ea84bffb5ef4c3394f3.jpg?ver=1777254458","url":"https:\/\/weiku.com.br\/wp-content\/litespeed\/avatar\/900ee9f544fa1ea84bffb5ef4c3394f3.jpg?ver=1777254458","contentUrl":"https:\/\/weiku.com.br\/wp-content\/litespeed\/avatar\/900ee9f544fa1ea84bffb5ef4c3394f3.jpg?ver=1777254458","caption":"Mateus Fernandes"},"sameAs":["http:\/\/www.weiku.com.br"],"url":"https:\/\/weiku.com.br\/de\/author\/mateus\/"}]}},"_links":{"self":[{"href":"https:\/\/weiku.com.br\/de\/wp-json\/wp\/v2\/posts\/27051","targetHints":{"allow":["GET"]}}],"collection":[{"href":"https:\/\/weiku.com.br\/de\/wp-json\/wp\/v2\/posts"}],"about":[{"href":"https:\/\/weiku.com.br\/de\/wp-json\/wp\/v2\/types\/post"}],"author":[{"embeddable":true,"href":"https:\/\/weiku.com.br\/de\/wp-json\/wp\/v2\/users\/35"}],"replies":[{"embeddable":true,"href":"https:\/\/weiku.com.br\/de\/wp-json\/wp\/v2\/comments?post=27051"}],"version-history":[{"count":1,"href":"https:\/\/weiku.com.br\/de\/wp-json\/wp\/v2\/posts\/27051\/revisions"}],"predecessor-version":[{"id":27052,"href":"https:\/\/weiku.com.br\/de\/wp-json\/wp\/v2\/posts\/27051\/revisions\/27052"}],"wp:featuredmedia":[{"embeddable":true,"href":"https:\/\/weiku.com.br\/de\/wp-json\/wp\/v2\/media\/25252"}],"wp:attachment":[{"href":"https:\/\/weiku.com.br\/de\/wp-json\/wp\/v2\/media?parent=27051"}],"wp:term":[{"taxonomy":"category","embeddable":true,"href":"https:\/\/weiku.com.br\/de\/wp-json\/wp\/v2\/categories?post=27051"},{"taxonomy":"post_tag","embeddable":true,"href":"https:\/\/weiku.com.br\/de\/wp-json\/wp\/v2\/tags?post=27051"}],"curies":[{"name":"wp","href":"https:\/\/api.w.org\/{rel}","templated":true}]}}