{"id":26781,"date":"2023-12-15T12:21:32","date_gmt":"2023-12-15T15:21:32","guid":{"rendered":"https:\/\/weiku.com.br\/25-jahre-engagement-auf-dem-weg-von-weiku-do-brasil\/"},"modified":"2025-07-21T15:36:43","modified_gmt":"2025-07-21T18:36:43","slug":"25-jahre-engagement-auf-dem-weg-von-weiku-do-brasil","status":"publish","type":"post","link":"https:\/\/weiku.com.br\/de\/25-jahre-engagement-auf-dem-weg-von-weiku-do-brasil\/","title":{"rendered":"25 Jahre Engagement auf dem Weg von Weiku do Brasil"},"content":{"rendered":"\n<p><em>Daniel Raduenz, der erste Mitarbeiter von Weiku do Brasil, verk\u00f6rpert die Resilienz, Hingabe und Erfolgsgeschichte des Unternehmens. Er ist ein Schl\u00fcsselmitglied in den 25 Jahren der Unternehmensgeschichte, die von \u00fcberwundenen Herausforderungen und unvergesslichen Momenten gepr\u00e4gt sind.<\/em><\/p>\n\n<p>Daniel Raduenz, der erste Mitarbeiter von <a href=\"https:\/\/weiku.cordilheiramidias.com\/\">Weiku do Brasil,<\/a> ist ein wesentlicher Bestandteil der 25-j\u00e4hrigen Geschichte des Unternehmens. Seit seinem Einstieg im Jahr 1998 hat er jedes Kapitel dieser Geschichte miterlebt und aktiv mitgestaltet \u2013 eine Geschichte voller Herausforderungen, Feierlichkeiten und Resilienz. <\/p>\n\n<figure class=\"wp-block-image size-large\"><img decoding=\"async\" src=\"https:\/\/weiku.cordilheiramidias.com\/wp-content\/uploads\/2023\/12\/Daniel_DSC03479-1-1024x576.jpg\" alt=\"\" class=\"wp-image-16987\"\/><\/figure>\n\n<p>\u201eIch erinnere mich daran, dass ich das Geld von Herrn Kilian bekam, um einen Schubkarren zu kaufen und zum Lager zu fahren, wo sich unser Hauptsitz befand. Alles vorzubereiten, bis wir den ersten Auftrag erhielten, Mitte 1999. Das Projekt, das in Curitiba durchgef\u00fchrt wurde, wurde ausgiebig gefeiert. Grillen, Bier und Begeisterung. Es war ein Meilenstein f\u00fcr uns, es bewegte das Unternehmen und war ein sehr besonderer Moment\u201c, erinnert sich Daniel und hebt die Bedeutung dieses anf\u00e4nglichen Moments hervor, der den Weg f\u00fcr die Entwicklung von Weiku ebnete.<\/p>\n\n<p>Mit seinem vielseitigen Geist hat Daniel verschiedene Bereiche innerhalb des Unternehmens erkundet. Vom Produktions- und Versandbereich bis hin zur Verwaltung war er in allen Aspekten des Wachstums von Weiku aktiv involviert. Heute ist Daniel Finanz- und Verwaltungsleiter der <a href=\"https:\/\/www.instagram.com\/grupoweiku\/\">Weiku-Gruppe<\/a>.  <\/p>\n\n<figure class=\"wp-block-image size-large\"><img loading=\"lazy\" decoding=\"async\" width=\"1024\" height=\"768\" src=\"https:\/\/weiku.com.br\/wp-content\/uploads\/2023\/12\/escritorio-Weiku-1024x768.jpg\" alt=\"25 Jahre Weiku do Brasil\" class=\"wp-image-16981\" srcset=\"https:\/\/weiku.com.br\/wp-content\/uploads\/2023\/12\/escritorio-Weiku-1024x768.jpg 1024w, https:\/\/weiku.com.br\/wp-content\/uploads\/2023\/12\/escritorio-Weiku-300x225.jpg 300w, https:\/\/weiku.com.br\/wp-content\/uploads\/2023\/12\/escritorio-Weiku-768x576.jpg 768w, https:\/\/weiku.com.br\/wp-content\/uploads\/2023\/12\/escritorio-Weiku-1536x1152.jpg 1536w, https:\/\/weiku.com.br\/wp-content\/uploads\/2023\/12\/escritorio-Weiku.jpg 1600w\" sizes=\"auto, (max-width: 1024px) 100vw, 1024px\" \/><\/figure>\n\n<p>Daniel erinnert sich auch an einige pr\u00e4gende und herausfordernde Momente. \u201e2005 befanden wir uns in einer Krise und hatten viele Schulden. Nach einer Phase der Ver\u00e4nderungen, in der wir in Systeme investierten und diese an Partner verkauften, entschieden wir uns, wieder direkt an den Endverbraucher zu verkaufen. Es war ein entscheidender Moment, der es uns erm\u00f6glichte, aus der Asche wieder aufzuerstehen\u201c, erz\u00e4hlt Daniel und hebt die Resilienz und Entschlossenheit hervor, die diese herausfordernde Zeit pr\u00e4gten. <\/p>\n\n<figure class=\"wp-block-image size-large\"><img decoding=\"async\" src=\"https:\/\/weiku.cordilheiramidias.com\/wp-content\/uploads\/2023\/12\/Weiku-do-Brasil-der-Anfang_14-1024x682.jpg\" alt=\"25 Jahre Weiku do Brasil\" class=\"wp-image-16982\"\/><\/figure>\n\n<p>Daniel ist Zeuge der Entwicklung des Unternehmens, von den Investitionen in Technologien bis hin zur \u00dcberwindung der schwierigsten Momente. \u201eWeiku ist nicht zuf\u00e4llig gewachsen. Es war die Hingabe der Mitarbeiter und die Partnerschaften, die wir aufgebaut haben, die uns hierhergebracht haben\u201c, sagt er und erkennt die Bedeutung jedes Einzelnen auf dieser Reise an. <\/p>\n\n<p>Beim Nachdenken \u00fcber die Zukunft von Weiku sieht Daniel einen vielversprechenden Weg, da die vier Kinder des Gr\u00fcnders Arnd Kilian in verschiedenen Bereichen des Unternehmens t\u00e4tig sind. \u201eIch sehe gute Perspektiven. Die solide Grundlage, die aufgebaut wurde, wird durch das Wissen, das Herr Kilian an seine Nachfolger weitergibt, noch weiter gest\u00e4rkt. Und ich glaube fest daran, dass die St\u00e4rke von Frau Kati, als Ehefrau und Mutter, entscheidend daf\u00fcr war, in allen Momenten die Grundlage zu bilden, genauso wie die Hingabe, F\u00fcrsorge und Beharrlichkeit von Herrn Kilian entscheidend waren, um den Traum, Weiku zum gr\u00f6\u00dften Fenster- und T\u00fcrenhersteller Brasiliens zu machen, aufrechtzuerhalten\u201c, dr\u00fcckt er seinen Optimismus aus. <\/p>\n\n<figure class=\"wp-block-image size-large\"><img decoding=\"async\" src=\"https:\/\/weiku.cordilheiramidias.com\/wp-content\/uploads\/2023\/12\/14122023-DSC03386-1024x576.jpg\" alt=\"25 Jahre Weiku do Brasil\" class=\"wp-image-16983\"\/><\/figure>\n\n<p>Seine Geschichte bei Weiku ist von Dankbarkeit, Ausdauer und dem Glauben an die grundlegenden Werte des Unternehmens gepr\u00e4gt: Ethik, Mut und das Feiern von Erfolgen. \u201eIch bin dankbar, Teil dieser Reise zu sein und jeden Moment bis hierhin miterlebt zu haben\u201c, schlie\u00dft Daniel Raduenz, ein Symbol f\u00fcr die Hingabe und Resilienz, die Weiku in seinen zweieinhalb Jahrzehnten der Geschichte vorangetrieben haben. <\/p>\n","protected":false},"excerpt":{"rendered":"<p>Daniel Raduenz, der erste Mitarbeiter von Weiku do Brasil, verk\u00f6rpert die Resilienz, Hingabe und Erfolgsgeschichte des Unternehmens. Er ist ein Schl\u00fcsselmitglied in den 25 Jahren der Unternehmensgeschichte, die von \u00fcberwundenen Herausforderungen und unvergesslichen Momenten gepr\u00e4gt sind. Daniel Raduenz, der erste Mitarbeiter von Weiku do Brasil, ist ein wesentlicher Bestandteil der 25-j\u00e4hrigen Geschichte des Unternehmens. Seit [&hellip;]<\/p>\n","protected":false},"author":35,"featured_media":25382,"comment_status":"closed","ping_status":"open","sticky":false,"template":"","format":"standard","meta":{"_acf_changed":false,"footnotes":""},"categories":[],"tags":[],"class_list":["post-26781","post","type-post","status-publish","format-standard","has-post-thumbnail","hentry"],"acf":[],"yoast_head":"<!-- This site is optimized with the Yoast SEO plugin v27.3 - https:\/\/yoast.com\/product\/yoast-seo-wordpress\/ -->\n<title>25 Jahre Engagement auf dem Weg von Weiku do Brasil - Weiku<\/title>\n<meta name=\"description\" content=\"Daniel Raduenz, der erste Mitarbeiter von Weiku do Brasil, verk\u00f6rpert die Resilienz, Hingabe und den Erfolgskurs des Unternehmens...\" \/>\n<meta name=\"robots\" content=\"index, follow, max-snippet:-1, max-image-preview:large, max-video-preview:-1\" \/>\n<link rel=\"canonical\" href=\"https:\/\/weiku.com.br\/de\/25-jahre-engagement-auf-dem-weg-von-weiku-do-brasil\/\" \/>\n<meta property=\"og:locale\" content=\"de_DE\" \/>\n<meta property=\"og:type\" content=\"article\" \/>\n<meta property=\"og:title\" content=\"25 Jahre Engagement auf dem Weg von Weiku do Brasil - Weiku\" \/>\n<meta property=\"og:description\" content=\"Daniel Raduenz, der erste Mitarbeiter von Weiku do Brasil, verk\u00f6rpert die Resilienz, Hingabe und den Erfolgskurs des Unternehmens...\" \/>\n<meta property=\"og:url\" content=\"https:\/\/weiku.com.br\/de\/25-jahre-engagement-auf-dem-weg-von-weiku-do-brasil\/\" \/>\n<meta property=\"og:site_name\" content=\"Weiku\" \/>\n<meta property=\"article:published_time\" content=\"2023-12-15T15:21:32+00:00\" \/>\n<meta property=\"article:modified_time\" content=\"2025-07-21T18:36:43+00:00\" \/>\n<meta property=\"og:image\" content=\"https:\/\/weiku.com.br\/wp-content\/uploads\/2023\/12\/Daniel_DSC03479-scaled-1.jpg\" \/>\n\t<meta property=\"og:image:width\" content=\"1600\" \/>\n\t<meta property=\"og:image:height\" content=\"901\" \/>\n\t<meta property=\"og:image:type\" content=\"image\/jpeg\" \/>\n<meta name=\"author\" content=\"Mateus Fernandes\" \/>\n<meta name=\"twitter:card\" content=\"summary_large_image\" \/>\n<meta name=\"twitter:label1\" content=\"Verfasst von\" \/>\n\t<meta name=\"twitter:data1\" content=\"Mateus Fernandes\" \/>\n\t<meta name=\"twitter:label2\" content=\"Gesch\u00e4tzte Lesezeit\" \/>\n\t<meta name=\"twitter:data2\" content=\"3\u00a0Minuten\" \/>\n<script type=\"application\/ld+json\" class=\"yoast-schema-graph\">{\"@context\":\"https:\\\/\\\/schema.org\",\"@graph\":[{\"@type\":\"Article\",\"@id\":\"https:\\\/\\\/weiku.com.br\\\/de\\\/25-jahre-engagement-auf-dem-weg-von-weiku-do-brasil\\\/#article\",\"isPartOf\":{\"@id\":\"https:\\\/\\\/weiku.com.br\\\/de\\\/25-jahre-engagement-auf-dem-weg-von-weiku-do-brasil\\\/\"},\"author\":{\"name\":\"Mateus Fernandes\",\"@id\":\"https:\\\/\\\/weiku.com.br\\\/de\\\/#\\\/schema\\\/person\\\/a15df1b49db4f0c34776a50f6a0ba70d\"},\"headline\":\"25 Jahre Engagement auf dem Weg von Weiku do Brasil\",\"datePublished\":\"2023-12-15T15:21:32+00:00\",\"dateModified\":\"2025-07-21T18:36:43+00:00\",\"mainEntityOfPage\":{\"@id\":\"https:\\\/\\\/weiku.com.br\\\/de\\\/25-jahre-engagement-auf-dem-weg-von-weiku-do-brasil\\\/\"},\"wordCount\":529,\"image\":{\"@id\":\"https:\\\/\\\/weiku.com.br\\\/de\\\/25-jahre-engagement-auf-dem-weg-von-weiku-do-brasil\\\/#primaryimage\"},\"thumbnailUrl\":\"https:\\\/\\\/weiku.com.br\\\/wp-content\\\/uploads\\\/2023\\\/12\\\/Daniel_DSC03479-scaled-1.jpg\",\"inLanguage\":\"de\"},{\"@type\":\"WebPage\",\"@id\":\"https:\\\/\\\/weiku.com.br\\\/de\\\/25-jahre-engagement-auf-dem-weg-von-weiku-do-brasil\\\/\",\"url\":\"https:\\\/\\\/weiku.com.br\\\/de\\\/25-jahre-engagement-auf-dem-weg-von-weiku-do-brasil\\\/\",\"name\":\"25 Jahre Engagement auf dem Weg von Weiku do Brasil - Weiku\",\"isPartOf\":{\"@id\":\"https:\\\/\\\/weiku.com.br\\\/de\\\/#website\"},\"primaryImageOfPage\":{\"@id\":\"https:\\\/\\\/weiku.com.br\\\/de\\\/25-jahre-engagement-auf-dem-weg-von-weiku-do-brasil\\\/#primaryimage\"},\"image\":{\"@id\":\"https:\\\/\\\/weiku.com.br\\\/de\\\/25-jahre-engagement-auf-dem-weg-von-weiku-do-brasil\\\/#primaryimage\"},\"thumbnailUrl\":\"https:\\\/\\\/weiku.com.br\\\/wp-content\\\/uploads\\\/2023\\\/12\\\/Daniel_DSC03479-scaled-1.jpg\",\"datePublished\":\"2023-12-15T15:21:32+00:00\",\"dateModified\":\"2025-07-21T18:36:43+00:00\",\"author\":{\"@id\":\"https:\\\/\\\/weiku.com.br\\\/de\\\/#\\\/schema\\\/person\\\/a15df1b49db4f0c34776a50f6a0ba70d\"},\"description\":\"Daniel Raduenz, der erste Mitarbeiter von Weiku do Brasil, verk\u00f6rpert die Resilienz, Hingabe und den Erfolgskurs des Unternehmens...\",\"breadcrumb\":{\"@id\":\"https:\\\/\\\/weiku.com.br\\\/de\\\/25-jahre-engagement-auf-dem-weg-von-weiku-do-brasil\\\/#breadcrumb\"},\"inLanguage\":\"de\",\"potentialAction\":[{\"@type\":\"ReadAction\",\"target\":[\"https:\\\/\\\/weiku.com.br\\\/de\\\/25-jahre-engagement-auf-dem-weg-von-weiku-do-brasil\\\/\"]}]},{\"@type\":\"ImageObject\",\"inLanguage\":\"de\",\"@id\":\"https:\\\/\\\/weiku.com.br\\\/de\\\/25-jahre-engagement-auf-dem-weg-von-weiku-do-brasil\\\/#primaryimage\",\"url\":\"https:\\\/\\\/weiku.com.br\\\/wp-content\\\/uploads\\\/2023\\\/12\\\/Daniel_DSC03479-scaled-1.jpg\",\"contentUrl\":\"https:\\\/\\\/weiku.com.br\\\/wp-content\\\/uploads\\\/2023\\\/12\\\/Daniel_DSC03479-scaled-1.jpg\",\"width\":1600,\"height\":901,\"caption\":\"Daniel 25 anos de Weiku do Brasil\"},{\"@type\":\"BreadcrumbList\",\"@id\":\"https:\\\/\\\/weiku.com.br\\\/de\\\/25-jahre-engagement-auf-dem-weg-von-weiku-do-brasil\\\/#breadcrumb\",\"itemListElement\":[{\"@type\":\"ListItem\",\"position\":1,\"name\":\"In\u00edcio\",\"item\":\"https:\\\/\\\/weiku.com.br\\\/de\\\/\"},{\"@type\":\"ListItem\",\"position\":2,\"name\":\"25 Jahre Engagement auf dem Weg von Weiku do Brasil\"}]},{\"@type\":\"WebSite\",\"@id\":\"https:\\\/\\\/weiku.com.br\\\/de\\\/#website\",\"url\":\"https:\\\/\\\/weiku.com.br\\\/de\\\/\",\"name\":\"Weiku\",\"description\":\"Esquadrias de PVC - Weiku do Brasil\",\"potentialAction\":[{\"@type\":\"SearchAction\",\"target\":{\"@type\":\"EntryPoint\",\"urlTemplate\":\"https:\\\/\\\/weiku.com.br\\\/de\\\/?s={search_term_string}\"},\"query-input\":{\"@type\":\"PropertyValueSpecification\",\"valueRequired\":true,\"valueName\":\"search_term_string\"}}],\"inLanguage\":\"de\"},{\"@type\":\"Person\",\"@id\":\"https:\\\/\\\/weiku.com.br\\\/de\\\/#\\\/schema\\\/person\\\/a15df1b49db4f0c34776a50f6a0ba70d\",\"name\":\"Mateus Fernandes\",\"image\":{\"@type\":\"ImageObject\",\"inLanguage\":\"de\",\"@id\":\"https:\\\/\\\/weiku.com.br\\\/wp-content\\\/litespeed\\\/avatar\\\/900ee9f544fa1ea84bffb5ef4c3394f3.jpg?ver=1777254458\",\"url\":\"https:\\\/\\\/weiku.com.br\\\/wp-content\\\/litespeed\\\/avatar\\\/900ee9f544fa1ea84bffb5ef4c3394f3.jpg?ver=1777254458\",\"contentUrl\":\"https:\\\/\\\/weiku.com.br\\\/wp-content\\\/litespeed\\\/avatar\\\/900ee9f544fa1ea84bffb5ef4c3394f3.jpg?ver=1777254458\",\"caption\":\"Mateus Fernandes\"},\"sameAs\":[\"http:\\\/\\\/www.weiku.com.br\"],\"url\":\"https:\\\/\\\/weiku.com.br\\\/de\\\/author\\\/mateus\\\/\"}]}<\/script>\n<!-- \/ Yoast SEO plugin. -->","yoast_head_json":{"title":"25 Jahre Engagement auf dem Weg von Weiku do Brasil - Weiku","description":"Daniel Raduenz, der erste Mitarbeiter von Weiku do Brasil, verk\u00f6rpert die Resilienz, Hingabe und den Erfolgskurs des Unternehmens...","robots":{"index":"index","follow":"follow","max-snippet":"max-snippet:-1","max-image-preview":"max-image-preview:large","max-video-preview":"max-video-preview:-1"},"canonical":"https:\/\/weiku.com.br\/de\/25-jahre-engagement-auf-dem-weg-von-weiku-do-brasil\/","og_locale":"de_DE","og_type":"article","og_title":"25 Jahre Engagement auf dem Weg von Weiku do Brasil - Weiku","og_description":"Daniel Raduenz, der erste Mitarbeiter von Weiku do Brasil, verk\u00f6rpert die Resilienz, Hingabe und den Erfolgskurs des Unternehmens...","og_url":"https:\/\/weiku.com.br\/de\/25-jahre-engagement-auf-dem-weg-von-weiku-do-brasil\/","og_site_name":"Weiku","article_published_time":"2023-12-15T15:21:32+00:00","article_modified_time":"2025-07-21T18:36:43+00:00","og_image":[{"width":1600,"height":901,"url":"https:\/\/weiku.com.br\/wp-content\/uploads\/2023\/12\/Daniel_DSC03479-scaled-1.jpg","type":"image\/jpeg"}],"author":"Mateus Fernandes","twitter_card":"summary_large_image","twitter_misc":{"Verfasst von":"Mateus Fernandes","Gesch\u00e4tzte Lesezeit":"3\u00a0Minuten"},"schema":{"@context":"https:\/\/schema.org","@graph":[{"@type":"Article","@id":"https:\/\/weiku.com.br\/de\/25-jahre-engagement-auf-dem-weg-von-weiku-do-brasil\/#article","isPartOf":{"@id":"https:\/\/weiku.com.br\/de\/25-jahre-engagement-auf-dem-weg-von-weiku-do-brasil\/"},"author":{"name":"Mateus Fernandes","@id":"https:\/\/weiku.com.br\/de\/#\/schema\/person\/a15df1b49db4f0c34776a50f6a0ba70d"},"headline":"25 Jahre Engagement auf dem Weg von Weiku do Brasil","datePublished":"2023-12-15T15:21:32+00:00","dateModified":"2025-07-21T18:36:43+00:00","mainEntityOfPage":{"@id":"https:\/\/weiku.com.br\/de\/25-jahre-engagement-auf-dem-weg-von-weiku-do-brasil\/"},"wordCount":529,"image":{"@id":"https:\/\/weiku.com.br\/de\/25-jahre-engagement-auf-dem-weg-von-weiku-do-brasil\/#primaryimage"},"thumbnailUrl":"https:\/\/weiku.com.br\/wp-content\/uploads\/2023\/12\/Daniel_DSC03479-scaled-1.jpg","inLanguage":"de"},{"@type":"WebPage","@id":"https:\/\/weiku.com.br\/de\/25-jahre-engagement-auf-dem-weg-von-weiku-do-brasil\/","url":"https:\/\/weiku.com.br\/de\/25-jahre-engagement-auf-dem-weg-von-weiku-do-brasil\/","name":"25 Jahre Engagement auf dem Weg von Weiku do Brasil - Weiku","isPartOf":{"@id":"https:\/\/weiku.com.br\/de\/#website"},"primaryImageOfPage":{"@id":"https:\/\/weiku.com.br\/de\/25-jahre-engagement-auf-dem-weg-von-weiku-do-brasil\/#primaryimage"},"image":{"@id":"https:\/\/weiku.com.br\/de\/25-jahre-engagement-auf-dem-weg-von-weiku-do-brasil\/#primaryimage"},"thumbnailUrl":"https:\/\/weiku.com.br\/wp-content\/uploads\/2023\/12\/Daniel_DSC03479-scaled-1.jpg","datePublished":"2023-12-15T15:21:32+00:00","dateModified":"2025-07-21T18:36:43+00:00","author":{"@id":"https:\/\/weiku.com.br\/de\/#\/schema\/person\/a15df1b49db4f0c34776a50f6a0ba70d"},"description":"Daniel Raduenz, der erste Mitarbeiter von Weiku do Brasil, verk\u00f6rpert die Resilienz, Hingabe und den Erfolgskurs des Unternehmens...","breadcrumb":{"@id":"https:\/\/weiku.com.br\/de\/25-jahre-engagement-auf-dem-weg-von-weiku-do-brasil\/#breadcrumb"},"inLanguage":"de","potentialAction":[{"@type":"ReadAction","target":["https:\/\/weiku.com.br\/de\/25-jahre-engagement-auf-dem-weg-von-weiku-do-brasil\/"]}]},{"@type":"ImageObject","inLanguage":"de","@id":"https:\/\/weiku.com.br\/de\/25-jahre-engagement-auf-dem-weg-von-weiku-do-brasil\/#primaryimage","url":"https:\/\/weiku.com.br\/wp-content\/uploads\/2023\/12\/Daniel_DSC03479-scaled-1.jpg","contentUrl":"https:\/\/weiku.com.br\/wp-content\/uploads\/2023\/12\/Daniel_DSC03479-scaled-1.jpg","width":1600,"height":901,"caption":"Daniel 25 anos de Weiku do Brasil"},{"@type":"BreadcrumbList","@id":"https:\/\/weiku.com.br\/de\/25-jahre-engagement-auf-dem-weg-von-weiku-do-brasil\/#breadcrumb","itemListElement":[{"@type":"ListItem","position":1,"name":"In\u00edcio","item":"https:\/\/weiku.com.br\/de\/"},{"@type":"ListItem","position":2,"name":"25 Jahre Engagement auf dem Weg von Weiku do Brasil"}]},{"@type":"WebSite","@id":"https:\/\/weiku.com.br\/de\/#website","url":"https:\/\/weiku.com.br\/de\/","name":"Weiku","description":"Esquadrias de PVC - Weiku do Brasil","potentialAction":[{"@type":"SearchAction","target":{"@type":"EntryPoint","urlTemplate":"https:\/\/weiku.com.br\/de\/?s={search_term_string}"},"query-input":{"@type":"PropertyValueSpecification","valueRequired":true,"valueName":"search_term_string"}}],"inLanguage":"de"},{"@type":"Person","@id":"https:\/\/weiku.com.br\/de\/#\/schema\/person\/a15df1b49db4f0c34776a50f6a0ba70d","name":"Mateus Fernandes","image":{"@type":"ImageObject","inLanguage":"de","@id":"https:\/\/weiku.com.br\/wp-content\/litespeed\/avatar\/900ee9f544fa1ea84bffb5ef4c3394f3.jpg?ver=1777254458","url":"https:\/\/weiku.com.br\/wp-content\/litespeed\/avatar\/900ee9f544fa1ea84bffb5ef4c3394f3.jpg?ver=1777254458","contentUrl":"https:\/\/weiku.com.br\/wp-content\/litespeed\/avatar\/900ee9f544fa1ea84bffb5ef4c3394f3.jpg?ver=1777254458","caption":"Mateus Fernandes"},"sameAs":["http:\/\/www.weiku.com.br"],"url":"https:\/\/weiku.com.br\/de\/author\/mateus\/"}]}},"_links":{"self":[{"href":"https:\/\/weiku.com.br\/de\/wp-json\/wp\/v2\/posts\/26781","targetHints":{"allow":["GET"]}}],"collection":[{"href":"https:\/\/weiku.com.br\/de\/wp-json\/wp\/v2\/posts"}],"about":[{"href":"https:\/\/weiku.com.br\/de\/wp-json\/wp\/v2\/types\/post"}],"author":[{"embeddable":true,"href":"https:\/\/weiku.com.br\/de\/wp-json\/wp\/v2\/users\/35"}],"replies":[{"embeddable":true,"href":"https:\/\/weiku.com.br\/de\/wp-json\/wp\/v2\/comments?post=26781"}],"version-history":[{"count":1,"href":"https:\/\/weiku.com.br\/de\/wp-json\/wp\/v2\/posts\/26781\/revisions"}],"predecessor-version":[{"id":26782,"href":"https:\/\/weiku.com.br\/de\/wp-json\/wp\/v2\/posts\/26781\/revisions\/26782"}],"wp:featuredmedia":[{"embeddable":true,"href":"https:\/\/weiku.com.br\/de\/wp-json\/wp\/v2\/media\/25382"}],"wp:attachment":[{"href":"https:\/\/weiku.com.br\/de\/wp-json\/wp\/v2\/media?parent=26781"}],"wp:term":[{"taxonomy":"category","embeddable":true,"href":"https:\/\/weiku.com.br\/de\/wp-json\/wp\/v2\/categories?post=26781"},{"taxonomy":"post_tag","embeddable":true,"href":"https:\/\/weiku.com.br\/de\/wp-json\/wp\/v2\/tags?post=26781"}],"curies":[{"name":"wp","href":"https:\/\/api.w.org\/{rel}","templated":true}]}}