{"id":26637,"date":"2024-06-20T09:52:24","date_gmt":"2024-06-20T12:52:24","guid":{"rendered":"https:\/\/weiku.com.br\/tueren-aus-acm-warum-auf-sie-setzen\/"},"modified":"2025-07-18T09:24:50","modified_gmt":"2025-07-18T12:24:50","slug":"tueren-aus-acm-warum-auf-sie-setzen","status":"publish","type":"post","link":"https:\/\/weiku.com.br\/de\/tueren-aus-acm-warum-auf-sie-setzen\/","title":{"rendered":"T\u00fcren aus ACM: Warum auf sie setzen?"},"content":{"rendered":"\n<p><em>Hallo, liebe Weiku-Community, wie geht\u2019s euch? Heute sprechen wir \u00fcber die gro\u00dfen Pivot-T\u00fcren aus ACM von Projetta by Weiku \u2013 was sie so besonders macht und wie das verwendete Material das Design von Eing\u00e4ngen tats\u00e4chlich revolutionieren kann. <\/em><\/p>\n\n<figure class=\"wp-block-image size-large\"><img decoding=\"async\" src=\"https:\/\/weiku.cordilheiramidias.com\/wp-content\/uploads\/2024\/06\/Portas-em-ACM-por-que-apostar-nelas-1024x683.jpg\" alt=\"\" class=\"wp-image-17370\"\/><\/figure>\n\n<p><\/p>\n\n<p>Die<a href=\"https:\/\/weiku.cordilheiramidias.com\/\"> Grupo Weiku<\/a>, stets Vorreiter im Bereich architektonischer L\u00f6sungen, setzt auf die Innovation von Projetta by Weiku \u2013 einem Unternehmen, das sich auf die Herstellung gro\u00dfer Pivot-T\u00fcren aus ACM spezialisiert hat. Doch was ist ACM und warum ist es so besonders f\u00fcr die T\u00fcrfertigung? Lassen Sie uns diese Revolution im Eingangst\u00fcrdesign n\u00e4her betrachten.  <\/p>\n\n<p><strong>Was ist ACM?<\/strong><\/p>\n\n<p>ACM, oder Aluminium-Verbundmaterial, besteht aus zwei Aluminiumschichten, die mit einem thermoplastischen Kern verbunden sind. Dieses Verbundmaterial bietet eine einzigartige Kombination aus Leichtigkeit, Langlebigkeit und Vielseitigkeit und ist daher eine beliebte Wahl f\u00fcr verschiedenste architektonische und gestalterische Anwendungen. Die Aluminiumoberfl\u00e4che kann in zahlreichen Farben und Ausf\u00fchrungen beschichtet werden, was unbegrenzte Personalisierungsm\u00f6glichkeiten erm\u00f6glicht.  <\/p>\n\n<figure class=\"wp-block-image size-large\"><img decoding=\"async\" src=\"https:\/\/weiku.cordilheiramidias.com\/wp-content\/uploads\/2024\/06\/Portas-em-ACM-por-que-apostar-nelas2-1024x571.jpg\" alt=\"T&#xFC;ren aus ACM &#x2013; warum lohnt sich die Investition?\" class=\"wp-image-17374\"\/><\/figure>\n\n<p><strong>Anwendung von ACM bei Pivot-T\u00fcren<\/strong><\/p>\n\n<p>Gro\u00dfe Pivot-T\u00fcren sind ein wachsender Trend in modernen Architekturprojekten und verbinden \u00e4sthetische Anspr\u00fcche mit beeindruckender Funktionalit\u00e4t. Der Einsatz von ACM bei der Herstellung dieser T\u00fcren bietet zahlreiche Vorteile: <\/p>\n\n<ul class=\"wp-block-list\">\n<li><strong>Leichtgewicht und Langlebigkeit<\/strong>: Pivot-T\u00fcren aus ACM sind \u00e4u\u00dferst leicht, was die Installation und Handhabung erleichtert, ohne dabei an Stabilit\u00e4t einzub\u00fc\u00dfen. Die hohe Strapazierf\u00e4higkeit von ACM sorgt zudem daf\u00fcr, dass die T\u00fcren \u00fcber viele Jahre hinweg in hervorragendem Zustand bleiben. <\/li>\n\n\n\n<li><strong>Zeitgen\u00f6ssische \u00c4sthetik<\/strong>: ACM erm\u00f6glicht hochwertige Oberfl\u00e4chen und eine breite Farbpalette, sodass die T\u00fcren in jedem Architekturprojekt zum Blickfang werden k\u00f6nnen. Von einfarbigen T\u00f6nen bis hin zu metallischen Effekten sind die Gestaltungsm\u00f6glichkeiten nahezu unbegrenzt. <\/li>\n\n\n\n<li><strong>Witterungsbest\u00e4ndigkeit:<\/strong> T\u00fcren aus ACM sind \u00e4u\u00dferst widerstandsf\u00e4hig gegen\u00fcber ung\u00fcnstigen Wetterbedingungen wie Sonneneinstrahlung, Regen und Feuchtigkeit. Damit eignen sie sich sowohl f\u00fcr den Innen- als auch f\u00fcr den Au\u00dfenbereich ideal. <\/li>\n\n\n\n<li><strong>Pflegeleicht<\/strong>: Die Oberfl\u00e4che von ACM ist leicht zu reinigen und beh\u00e4lt mit minimalem Aufwand ihr makelloses Erscheinungsbild. Das ist besonders wichtig bei gro\u00dfformatigen T\u00fcren, bei denen die Reinigung eine Herausforderung darstellen kann. <\/li>\n<\/ul>\n\n<figure class=\"wp-block-image size-large\"><img decoding=\"async\" src=\"https:\/\/weiku.cordilheiramidias.com\/wp-content\/uploads\/2024\/06\/Portas-em-ACM-por-que-apostar-nelas1-1024x576.jpg\" alt=\"T&#xFC;ren aus ACM: Warum auf sie setzen?\" class=\"wp-image-17371\"\/><\/figure>\n\n<p><a href=\"https:\/\/www.instagram.com\/projettaaluminio\/\">Projetta by Weiku <\/a>hebt das Konzept der gro\u00dfen Pivot-T\u00fcren auf ein neues Niveau, indem modernste ACM-Technologie mit anspruchsvollem Design und herausragender Funktionalit\u00e4t kombiniert wird.<\/p>\n\n<p>Es geht nicht nur um Individualisierung, sondern um Innovation im Design, Sicherheit, Zuverl\u00e4ssigkeit und Nachhaltigkeit.<\/p>\n\n<p>Wenn Sie den Eingang Ihres Projekts in ein wahres funktionales Kunstwerk verwandeln m\u00f6chten, lernen Sie die gro\u00dfen Pivot-T\u00fcren von Projekta by Weiku kennen und entdecken Sie die Zukunft des architektonischen Designs.<\/p>\n\n<p>Erfahren Sie mehr \u00fcber unsere Produkte und realisierten Projekte auf unserer Website und kontaktieren Sie unser Expert\\*innenteam. Verwandeln Sie Ihre Vision mit Projekta by Weiku in Realit\u00e4t! <\/p>\n","protected":false},"excerpt":{"rendered":"<p>Hallo, liebe Weiku-Community, wie geht\u2019s euch? Heute sprechen wir \u00fcber die gro\u00dfen Pivot-T\u00fcren aus ACM von Projetta by Weiku \u2013 was sie so besonders macht und wie das verwendete Material das Design von Eing\u00e4ngen tats\u00e4chlich revolutionieren kann. Die Grupo Weiku, stets Vorreiter im Bereich architektonischer L\u00f6sungen, setzt auf die Innovation von Projetta by Weiku \u2013 [&hellip;]<\/p>\n","protected":false},"author":39,"featured_media":25556,"comment_status":"closed","ping_status":"open","sticky":false,"template":"","format":"standard","meta":{"_acf_changed":false,"footnotes":""},"categories":[726],"tags":[],"class_list":["post-26637","post","type-post","status-publish","format-standard","has-post-thumbnail","hentry","category-nicht-kategorisiert"],"acf":[],"yoast_head":"<!-- This site is optimized with the Yoast SEO plugin v27.3 - https:\/\/yoast.com\/product\/yoast-seo-wordpress\/ -->\n<title>T\u00fcren aus ACM: Warum auf sie setzen? - Weiku<\/title>\n<meta name=\"description\" content=\"Projetta by Weiku hebt das Konzept gro\u00dfer Pivot-T\u00fcren auf ein neues Level, indem modernste ACM-Technologie mit einem anspruchsvollen Design kombiniert wird.\" \/>\n<meta name=\"robots\" content=\"index, follow, max-snippet:-1, max-image-preview:large, max-video-preview:-1\" \/>\n<link rel=\"canonical\" href=\"https:\/\/weiku.com.br\/de\/tueren-aus-acm-warum-auf-sie-setzen\/\" \/>\n<meta property=\"og:locale\" content=\"de_DE\" \/>\n<meta property=\"og:type\" content=\"article\" \/>\n<meta property=\"og:title\" content=\"T\u00fcren aus ACM: Warum auf sie setzen? - Weiku\" \/>\n<meta property=\"og:description\" content=\"Projetta by Weiku hebt das Konzept gro\u00dfer Pivot-T\u00fcren auf ein neues Level, indem modernste ACM-Technologie mit einem anspruchsvollen Design kombiniert wird.\" \/>\n<meta property=\"og:url\" content=\"https:\/\/weiku.com.br\/de\/tueren-aus-acm-warum-auf-sie-setzen\/\" \/>\n<meta property=\"og:site_name\" content=\"Weiku\" \/>\n<meta property=\"article:published_time\" content=\"2024-06-20T12:52:24+00:00\" \/>\n<meta property=\"article:modified_time\" content=\"2025-07-18T12:24:50+00:00\" \/>\n<meta property=\"og:image\" content=\"https:\/\/weiku.com.br\/wp-content\/uploads\/2024\/06\/Portas-em-ACM-por-que-apostar-nelas-scaled-1.jpg\" \/>\n\t<meta property=\"og:image:width\" content=\"1600\" \/>\n\t<meta property=\"og:image:height\" content=\"1067\" \/>\n\t<meta property=\"og:image:type\" content=\"image\/jpeg\" \/>\n<meta name=\"author\" content=\"Tatiane Hansen\" \/>\n<meta name=\"twitter:card\" content=\"summary_large_image\" \/>\n<meta name=\"twitter:label1\" content=\"Verfasst von\" \/>\n\t<meta name=\"twitter:data1\" content=\"Tatiane Hansen\" \/>\n\t<meta name=\"twitter:label2\" content=\"Gesch\u00e4tzte Lesezeit\" \/>\n\t<meta name=\"twitter:data2\" content=\"2\u00a0Minuten\" \/>\n<script type=\"application\/ld+json\" class=\"yoast-schema-graph\">{\"@context\":\"https:\\\/\\\/schema.org\",\"@graph\":[{\"@type\":\"Article\",\"@id\":\"https:\\\/\\\/weiku.com.br\\\/de\\\/tueren-aus-acm-warum-auf-sie-setzen\\\/#article\",\"isPartOf\":{\"@id\":\"https:\\\/\\\/weiku.com.br\\\/de\\\/tueren-aus-acm-warum-auf-sie-setzen\\\/\"},\"author\":{\"name\":\"Tatiane Hansen\",\"@id\":\"https:\\\/\\\/weiku.com.br\\\/de\\\/#\\\/schema\\\/person\\\/34d7866959eedfb41519504041a702ed\"},\"headline\":\"T\u00fcren aus ACM: Warum auf sie setzen?\",\"datePublished\":\"2024-06-20T12:52:24+00:00\",\"dateModified\":\"2025-07-18T12:24:50+00:00\",\"mainEntityOfPage\":{\"@id\":\"https:\\\/\\\/weiku.com.br\\\/de\\\/tueren-aus-acm-warum-auf-sie-setzen\\\/\"},\"wordCount\":472,\"image\":{\"@id\":\"https:\\\/\\\/weiku.com.br\\\/de\\\/tueren-aus-acm-warum-auf-sie-setzen\\\/#primaryimage\"},\"thumbnailUrl\":\"https:\\\/\\\/weiku.com.br\\\/wp-content\\\/uploads\\\/2024\\\/06\\\/Portas-em-ACM-por-que-apostar-nelas-scaled-1.jpg\",\"articleSection\":[\"Nicht kategorisiert\"],\"inLanguage\":\"de\"},{\"@type\":\"WebPage\",\"@id\":\"https:\\\/\\\/weiku.com.br\\\/de\\\/tueren-aus-acm-warum-auf-sie-setzen\\\/\",\"url\":\"https:\\\/\\\/weiku.com.br\\\/de\\\/tueren-aus-acm-warum-auf-sie-setzen\\\/\",\"name\":\"T\u00fcren aus ACM: Warum auf sie setzen? - Weiku\",\"isPartOf\":{\"@id\":\"https:\\\/\\\/weiku.com.br\\\/de\\\/#website\"},\"primaryImageOfPage\":{\"@id\":\"https:\\\/\\\/weiku.com.br\\\/de\\\/tueren-aus-acm-warum-auf-sie-setzen\\\/#primaryimage\"},\"image\":{\"@id\":\"https:\\\/\\\/weiku.com.br\\\/de\\\/tueren-aus-acm-warum-auf-sie-setzen\\\/#primaryimage\"},\"thumbnailUrl\":\"https:\\\/\\\/weiku.com.br\\\/wp-content\\\/uploads\\\/2024\\\/06\\\/Portas-em-ACM-por-que-apostar-nelas-scaled-1.jpg\",\"datePublished\":\"2024-06-20T12:52:24+00:00\",\"dateModified\":\"2025-07-18T12:24:50+00:00\",\"author\":{\"@id\":\"https:\\\/\\\/weiku.com.br\\\/de\\\/#\\\/schema\\\/person\\\/34d7866959eedfb41519504041a702ed\"},\"description\":\"Projetta by Weiku hebt das Konzept gro\u00dfer Pivot-T\u00fcren auf ein neues Level, indem modernste ACM-Technologie mit einem anspruchsvollen Design kombiniert wird.\",\"breadcrumb\":{\"@id\":\"https:\\\/\\\/weiku.com.br\\\/de\\\/tueren-aus-acm-warum-auf-sie-setzen\\\/#breadcrumb\"},\"inLanguage\":\"de\",\"potentialAction\":[{\"@type\":\"ReadAction\",\"target\":[\"https:\\\/\\\/weiku.com.br\\\/de\\\/tueren-aus-acm-warum-auf-sie-setzen\\\/\"]}]},{\"@type\":\"ImageObject\",\"inLanguage\":\"de\",\"@id\":\"https:\\\/\\\/weiku.com.br\\\/de\\\/tueren-aus-acm-warum-auf-sie-setzen\\\/#primaryimage\",\"url\":\"https:\\\/\\\/weiku.com.br\\\/wp-content\\\/uploads\\\/2024\\\/06\\\/Portas-em-ACM-por-que-apostar-nelas-scaled-1.jpg\",\"contentUrl\":\"https:\\\/\\\/weiku.com.br\\\/wp-content\\\/uploads\\\/2024\\\/06\\\/Portas-em-ACM-por-que-apostar-nelas-scaled-1.jpg\",\"width\":1600,\"height\":1067,\"caption\":\"Portas em ACM: por que apostar nelas?\"},{\"@type\":\"BreadcrumbList\",\"@id\":\"https:\\\/\\\/weiku.com.br\\\/de\\\/tueren-aus-acm-warum-auf-sie-setzen\\\/#breadcrumb\",\"itemListElement\":[{\"@type\":\"ListItem\",\"position\":1,\"name\":\"In\u00edcio\",\"item\":\"https:\\\/\\\/weiku.com.br\\\/de\\\/\"},{\"@type\":\"ListItem\",\"position\":2,\"name\":\"T\u00fcren aus ACM: Warum auf sie setzen?\"}]},{\"@type\":\"WebSite\",\"@id\":\"https:\\\/\\\/weiku.com.br\\\/de\\\/#website\",\"url\":\"https:\\\/\\\/weiku.com.br\\\/de\\\/\",\"name\":\"Weiku\",\"description\":\"Esquadrias de PVC - Weiku do Brasil\",\"potentialAction\":[{\"@type\":\"SearchAction\",\"target\":{\"@type\":\"EntryPoint\",\"urlTemplate\":\"https:\\\/\\\/weiku.com.br\\\/de\\\/?s={search_term_string}\"},\"query-input\":{\"@type\":\"PropertyValueSpecification\",\"valueRequired\":true,\"valueName\":\"search_term_string\"}}],\"inLanguage\":\"de\"},{\"@type\":\"Person\",\"@id\":\"https:\\\/\\\/weiku.com.br\\\/de\\\/#\\\/schema\\\/person\\\/34d7866959eedfb41519504041a702ed\",\"name\":\"Tatiane Hansen\",\"image\":{\"@type\":\"ImageObject\",\"inLanguage\":\"de\",\"@id\":\"https:\\\/\\\/weiku.com.br\\\/wp-content\\\/litespeed\\\/avatar\\\/dc4199d77b6cd5c84454a3a86249305c.jpg?ver=1777254522\",\"url\":\"https:\\\/\\\/weiku.com.br\\\/wp-content\\\/litespeed\\\/avatar\\\/dc4199d77b6cd5c84454a3a86249305c.jpg?ver=1777254522\",\"contentUrl\":\"https:\\\/\\\/weiku.com.br\\\/wp-content\\\/litespeed\\\/avatar\\\/dc4199d77b6cd5c84454a3a86249305c.jpg?ver=1777254522\",\"caption\":\"Tatiane Hansen\"},\"sameAs\":[\"http:\\\/\\\/www.weiku.com.br\"],\"url\":\"https:\\\/\\\/weiku.com.br\\\/de\\\/author\\\/tatiane-hansen\\\/\"}]}<\/script>\n<!-- \/ Yoast SEO plugin. -->","yoast_head_json":{"title":"T\u00fcren aus ACM: Warum auf sie setzen? - Weiku","description":"Projetta by Weiku hebt das Konzept gro\u00dfer Pivot-T\u00fcren auf ein neues Level, indem modernste ACM-Technologie mit einem anspruchsvollen Design kombiniert wird.","robots":{"index":"index","follow":"follow","max-snippet":"max-snippet:-1","max-image-preview":"max-image-preview:large","max-video-preview":"max-video-preview:-1"},"canonical":"https:\/\/weiku.com.br\/de\/tueren-aus-acm-warum-auf-sie-setzen\/","og_locale":"de_DE","og_type":"article","og_title":"T\u00fcren aus ACM: Warum auf sie setzen? - Weiku","og_description":"Projetta by Weiku hebt das Konzept gro\u00dfer Pivot-T\u00fcren auf ein neues Level, indem modernste ACM-Technologie mit einem anspruchsvollen Design kombiniert wird.","og_url":"https:\/\/weiku.com.br\/de\/tueren-aus-acm-warum-auf-sie-setzen\/","og_site_name":"Weiku","article_published_time":"2024-06-20T12:52:24+00:00","article_modified_time":"2025-07-18T12:24:50+00:00","og_image":[{"width":1600,"height":1067,"url":"https:\/\/weiku.com.br\/wp-content\/uploads\/2024\/06\/Portas-em-ACM-por-que-apostar-nelas-scaled-1.jpg","type":"image\/jpeg"}],"author":"Tatiane Hansen","twitter_card":"summary_large_image","twitter_misc":{"Verfasst von":"Tatiane Hansen","Gesch\u00e4tzte Lesezeit":"2\u00a0Minuten"},"schema":{"@context":"https:\/\/schema.org","@graph":[{"@type":"Article","@id":"https:\/\/weiku.com.br\/de\/tueren-aus-acm-warum-auf-sie-setzen\/#article","isPartOf":{"@id":"https:\/\/weiku.com.br\/de\/tueren-aus-acm-warum-auf-sie-setzen\/"},"author":{"name":"Tatiane Hansen","@id":"https:\/\/weiku.com.br\/de\/#\/schema\/person\/34d7866959eedfb41519504041a702ed"},"headline":"T\u00fcren aus ACM: Warum auf sie setzen?","datePublished":"2024-06-20T12:52:24+00:00","dateModified":"2025-07-18T12:24:50+00:00","mainEntityOfPage":{"@id":"https:\/\/weiku.com.br\/de\/tueren-aus-acm-warum-auf-sie-setzen\/"},"wordCount":472,"image":{"@id":"https:\/\/weiku.com.br\/de\/tueren-aus-acm-warum-auf-sie-setzen\/#primaryimage"},"thumbnailUrl":"https:\/\/weiku.com.br\/wp-content\/uploads\/2024\/06\/Portas-em-ACM-por-que-apostar-nelas-scaled-1.jpg","articleSection":["Nicht kategorisiert"],"inLanguage":"de"},{"@type":"WebPage","@id":"https:\/\/weiku.com.br\/de\/tueren-aus-acm-warum-auf-sie-setzen\/","url":"https:\/\/weiku.com.br\/de\/tueren-aus-acm-warum-auf-sie-setzen\/","name":"T\u00fcren aus ACM: Warum auf sie setzen? - Weiku","isPartOf":{"@id":"https:\/\/weiku.com.br\/de\/#website"},"primaryImageOfPage":{"@id":"https:\/\/weiku.com.br\/de\/tueren-aus-acm-warum-auf-sie-setzen\/#primaryimage"},"image":{"@id":"https:\/\/weiku.com.br\/de\/tueren-aus-acm-warum-auf-sie-setzen\/#primaryimage"},"thumbnailUrl":"https:\/\/weiku.com.br\/wp-content\/uploads\/2024\/06\/Portas-em-ACM-por-que-apostar-nelas-scaled-1.jpg","datePublished":"2024-06-20T12:52:24+00:00","dateModified":"2025-07-18T12:24:50+00:00","author":{"@id":"https:\/\/weiku.com.br\/de\/#\/schema\/person\/34d7866959eedfb41519504041a702ed"},"description":"Projetta by Weiku hebt das Konzept gro\u00dfer Pivot-T\u00fcren auf ein neues Level, indem modernste ACM-Technologie mit einem anspruchsvollen Design kombiniert wird.","breadcrumb":{"@id":"https:\/\/weiku.com.br\/de\/tueren-aus-acm-warum-auf-sie-setzen\/#breadcrumb"},"inLanguage":"de","potentialAction":[{"@type":"ReadAction","target":["https:\/\/weiku.com.br\/de\/tueren-aus-acm-warum-auf-sie-setzen\/"]}]},{"@type":"ImageObject","inLanguage":"de","@id":"https:\/\/weiku.com.br\/de\/tueren-aus-acm-warum-auf-sie-setzen\/#primaryimage","url":"https:\/\/weiku.com.br\/wp-content\/uploads\/2024\/06\/Portas-em-ACM-por-que-apostar-nelas-scaled-1.jpg","contentUrl":"https:\/\/weiku.com.br\/wp-content\/uploads\/2024\/06\/Portas-em-ACM-por-que-apostar-nelas-scaled-1.jpg","width":1600,"height":1067,"caption":"Portas em ACM: por que apostar nelas?"},{"@type":"BreadcrumbList","@id":"https:\/\/weiku.com.br\/de\/tueren-aus-acm-warum-auf-sie-setzen\/#breadcrumb","itemListElement":[{"@type":"ListItem","position":1,"name":"In\u00edcio","item":"https:\/\/weiku.com.br\/de\/"},{"@type":"ListItem","position":2,"name":"T\u00fcren aus ACM: Warum auf sie setzen?"}]},{"@type":"WebSite","@id":"https:\/\/weiku.com.br\/de\/#website","url":"https:\/\/weiku.com.br\/de\/","name":"Weiku","description":"Esquadrias de PVC - Weiku do Brasil","potentialAction":[{"@type":"SearchAction","target":{"@type":"EntryPoint","urlTemplate":"https:\/\/weiku.com.br\/de\/?s={search_term_string}"},"query-input":{"@type":"PropertyValueSpecification","valueRequired":true,"valueName":"search_term_string"}}],"inLanguage":"de"},{"@type":"Person","@id":"https:\/\/weiku.com.br\/de\/#\/schema\/person\/34d7866959eedfb41519504041a702ed","name":"Tatiane Hansen","image":{"@type":"ImageObject","inLanguage":"de","@id":"https:\/\/weiku.com.br\/wp-content\/litespeed\/avatar\/dc4199d77b6cd5c84454a3a86249305c.jpg?ver=1777254522","url":"https:\/\/weiku.com.br\/wp-content\/litespeed\/avatar\/dc4199d77b6cd5c84454a3a86249305c.jpg?ver=1777254522","contentUrl":"https:\/\/weiku.com.br\/wp-content\/litespeed\/avatar\/dc4199d77b6cd5c84454a3a86249305c.jpg?ver=1777254522","caption":"Tatiane Hansen"},"sameAs":["http:\/\/www.weiku.com.br"],"url":"https:\/\/weiku.com.br\/de\/author\/tatiane-hansen\/"}]}},"_links":{"self":[{"href":"https:\/\/weiku.com.br\/de\/wp-json\/wp\/v2\/posts\/26637","targetHints":{"allow":["GET"]}}],"collection":[{"href":"https:\/\/weiku.com.br\/de\/wp-json\/wp\/v2\/posts"}],"about":[{"href":"https:\/\/weiku.com.br\/de\/wp-json\/wp\/v2\/types\/post"}],"author":[{"embeddable":true,"href":"https:\/\/weiku.com.br\/de\/wp-json\/wp\/v2\/users\/39"}],"replies":[{"embeddable":true,"href":"https:\/\/weiku.com.br\/de\/wp-json\/wp\/v2\/comments?post=26637"}],"version-history":[{"count":1,"href":"https:\/\/weiku.com.br\/de\/wp-json\/wp\/v2\/posts\/26637\/revisions"}],"predecessor-version":[{"id":26638,"href":"https:\/\/weiku.com.br\/de\/wp-json\/wp\/v2\/posts\/26637\/revisions\/26638"}],"wp:featuredmedia":[{"embeddable":true,"href":"https:\/\/weiku.com.br\/de\/wp-json\/wp\/v2\/media\/25556"}],"wp:attachment":[{"href":"https:\/\/weiku.com.br\/de\/wp-json\/wp\/v2\/media?parent=26637"}],"wp:term":[{"taxonomy":"category","embeddable":true,"href":"https:\/\/weiku.com.br\/de\/wp-json\/wp\/v2\/categories?post=26637"},{"taxonomy":"post_tag","embeddable":true,"href":"https:\/\/weiku.com.br\/de\/wp-json\/wp\/v2\/tags?post=26637"}],"curies":[{"name":"wp","href":"https:\/\/api.w.org\/{rel}","templated":true}]}}